{"id":119572,"date":"2019-09-13T12:37:16","date_gmt":"2019-09-13T10:37:16","guid":{"rendered":"http:\/\/gazdasagportal.hu\/?p=119572"},"modified":"2019-09-13T12:37:16","modified_gmt":"2019-09-13T10:37:16","slug":"elemzok-az-epitoipar-valtozekony-teljesitmenyevel-is-jelentosen-hozzajarul-a-gazdasagi-novekedeshez","status":"publish","type":"post","link":"https:\/\/gazdasagportal.hu\/index.php\/elemzok-az-epitoipar-valtozekony-teljesitmenyevel-is-jelentosen-hozzajarul-a-gazdasagi-novekedeshez\/","title":{"rendered":"Elemz\u0151k: az \u00e9p\u00edt\u0151ipar v\u00e1ltoz\u00e9kony teljes\u00edtm\u00e9ny\u00e9vel is jelent\u0151sen hozz\u00e1j\u00e1rul a gazdas\u00e1gi n\u00f6veked\u00e9shez"},"content":{"rendered":"<p><strong>A j\u00faliusban visszat\u00e9rt lend\u00fclet ellen\u00e9re a k\u00e9s\u0151bbiekben v\u00e1ltoz\u00e9konyan alakulhat az \u00e9p\u00edt\u0151ipar teljes\u00edtm\u00e9nye, de a jelek szerint a harmadik negyed\u00e9vben is az els\u0151 f\u00e9l\u00e9vihez hasonl\u00f3, 1 sz\u00e1zal\u00e9kpont k\u00f6r\u00fcli m\u00e9rt\u00e9kben j\u00e1rulhat hozz\u00e1 a gazdas\u00e1g (GDP) n\u00f6veked\u00e9s\u00e9hez &#8211; \u00edgy \u00e9rt\u00e9kelt\u00e9k az MTI-nek nyilatkoz\u00f3 elemz\u0151k a K\u00f6zponti Statisztikai Hivatal (KSH) p\u00e9nteken kiadott adatait.<\/strong><!--more--><\/p>\n<div class=\"ads-in-post1\"><div id=\"gazdasagportal.hu_fullbanner_wideboard\"><\/div>\r\n<\/div>\n<p>    A KSH adatai szerint j\u00faliusban az \u00e9p\u00edt\u0151ipari termel\u00e9s 32,9 sz\u00e1zal\u00e9kkal meghaladta az egy \u00e9vvel kor\u00e1bbit. Az \u00e9p\u00fcletek \u00e9p\u00edt\u00e9se v\u00e1ltozatlan \u00e1ron sz\u00e1molva 32,2 sz\u00e1zal\u00e9kkal, az egy\u00e9b \u00e9p\u00edtm\u00e9nyek\u00e9 34,1 sz\u00e1zal\u00e9kkal n\u0151tt. Az el\u0151z\u0151 h\u00f3naphoz viszony\u00edtva az \u00e9p\u00edt\u0151ipar szezon\u00e1lisan \u00e9s munkanaphat\u00e1ssal kiigaz\u00edtott termel\u00e9se 9,6 sz\u00e1zal\u00e9kkal emelkedett.<br \/>\n    Horv\u00e1th Andr\u00e1s, a Takar\u00e9kbank vezet\u0151 elemz\u0151je az MTI-hez eljuttatott komment\u00e1rj\u00e1ban arra figyelmeztet, hogy a j\u00faliusi lend\u00fcletet k\u00f6vet\u0151en a k\u00e9s\u0151bbiekben tov\u00e1bbra is h\u00f3napr\u00f3l h\u00f3napra hektikusan alakulhat az \u00e9p\u00edt\u0151ipari kapacit\u00e1skihaszn\u00e1l\u00e1s. Az okok k\u00f6z\u00e9 tartozik a sokat emlegetett szakemberhi\u00e1ny, ami a lak\u00f3- \u00e9s iroda\u00e9p\u00fcletek eset\u00e9ben kifejezetten komoly cs\u00fasz\u00e1sokat okoz, de a visszaemelked\u0151 \u00e1fa \u00e9s egy\u00e9b bizonytalans\u00e1gok is visszafoghatj\u00e1k a kibocs\u00e1t\u00e1st a k\u00f6vetkez\u0151 id\u0151szakban. A lak\u00f3ingatlan piac jelent\u0151s f\u00e9kez\u0151 t\u00e9nyez\u0151 lesz a k\u00f6vetkez\u0151 \u00e9vekben. Az \u00e1llami, infrastruktur\u00e1lis \u00e9s egy\u00e9b ipari beruh\u00e1z\u00e1sok viszont tov\u00e1bbra is motorjai lesznek az ipar\u00e1gnak \u00e9s fenntarthatj\u00e1k a kiemelked\u0151 lend\u00fcletet. A kivitelez\u00e9si kapacit\u00e1skorl\u00e1t \u00e9s szakemberhi\u00e1ny azonban \u00e1tmenetileg itt is komolyan f\u00e9kezheti a kibocs\u00e1t\u00e1st.<br \/>\n<div class=\"ads-in-post2\"><script async src=\"https:\/\/pagead2.googlesyndication.com\/pagead\/js\/adsbygoogle.js\"><\/script>\r\n<ins class=\"adsbygoogle\"\r\n     style=\"display:block\"\r\n     data-ad-format=\"fluid\"\r\n     data-ad-layout-key=\"-6t+ed+2i-1n-4w\"\r\n     data-ad-client=\"ca-pub-1959107119989764\"\r\n     data-ad-slot=\"4008251320\"><\/ins>\r\n<script>\r\n     (adsbygoogle = window.adsbygoogle || []).push({});\r\n<\/script><\/div>\n    Horv\u00e1th Andr\u00e1s ebben az \u00e9vben 30 sz\u00e1zal\u00e9k k\u00f6r\u00fcli n\u00f6veked\u00e9sre sz\u00e1m\u00edt az \u00e9p\u00edt\u0151iparban, \u00edgy az \u00e1gazat tov\u00e1bbra is kiemelked\u0151 m\u00e9rt\u00e9kben j\u00e1rulhat hozz\u00e1 a GDP n\u00f6veked\u00e9s\u00e9hez.<br \/>\n    Reg\u0151s G\u00e1bor a Sz\u00e1zadv\u00e9g Gazdas\u00e1gkutat\u00f3 makrogazdas\u00e1gi \u00fczlet\u00e1g\u00e1nak vezet\u0151je azt emelte ki, hogy a j\u00faliusi temp\u00f3 fennmarad\u00e1sa eset\u00e9n a harmadik negyed\u00e9vben is 1 sz\u00e1zal\u00e9kpont k\u00f6r\u00fcli m\u00e9rt\u00e9kben seg\u00edtheti a gazdas\u00e1g n\u00f6veked\u00e9s\u00e9t az \u00e9p\u00edt\u0151ipar. \u00c9rt\u00e9kel\u00e9se szerint az \u00e1gazat teljes\u00edtm\u00e9ny\u00e9nek kiemelked\u0151 n\u00f6veked\u00e9s\u00e9t a magas kereslet mellett a foglalkoztatottak sz\u00e1m\u00e1nak emelked\u00e9se, a technol\u00f3gia fejl\u0151d\u00e9se \u00e9s a jobb munkaszervez\u00e9s magyar\u00e1zhatja.(MTI)<\/p>\n","protected":false},"excerpt":{"rendered":"<p>A j\u00faliusban visszat\u00e9rt lend\u00fclet ellen\u00e9re a k\u00e9s\u0151bbiekben v\u00e1ltoz\u00e9konyan alakulhat az \u00e9p\u00edt\u0151ipar teljes\u00edtm\u00e9nye, de a jelek szerint a harmadik negyed\u00e9vben is az els\u0151 f\u00e9l\u00e9vihez hasonl\u00f3, 1 sz\u00e1zal\u00e9kpont k\u00f6r\u00fcli m\u00e9rt\u00e9kben j\u00e1rulhat hozz\u00e1 a gazdas\u00e1g (GDP) n\u00f6veked\u00e9s\u00e9hez &#8211; \u00edgy \u00e9rt\u00e9kelt\u00e9k az MTI-nek nyilatkoz\u00f3 elemz\u0151k a K\u00f6zponti Statisztikai Hivatal (KSH) p\u00e9nteken kiadott adatait.<\/p>\n","protected":false},"author":1,"featured_media":0,"comment_status":"closed","ping_status":"open","sticky":false,"template":"","format":"standard","meta":[],"categories":[19],"tags":[],"_links":{"self":[{"href":"https:\/\/gazdasagportal.hu\/index.php\/wp-json\/wp\/v2\/posts\/119572"}],"collection":[{"href":"https:\/\/gazdasagportal.hu\/index.php\/wp-json\/wp\/v2\/posts"}],"about":[{"href":"https:\/\/gazdasagportal.hu\/index.php\/wp-json\/wp\/v2\/types\/post"}],"author":[{"embeddable":true,"href":"https:\/\/gazdasagportal.hu\/index.php\/wp-json\/wp\/v2\/users\/1"}],"replies":[{"embeddable":true,"href":"https:\/\/gazdasagportal.hu\/index.php\/wp-json\/wp\/v2\/comments?post=119572"}],"version-history":[{"count":1,"href":"https:\/\/gazdasagportal.hu\/index.php\/wp-json\/wp\/v2\/posts\/119572\/revisions"}],"predecessor-version":[{"id":119573,"href":"https:\/\/gazdasagportal.hu\/index.php\/wp-json\/wp\/v2\/posts\/119572\/revisions\/119573"}],"wp:attachment":[{"href":"https:\/\/gazdasagportal.hu\/index.php\/wp-json\/wp\/v2\/media?parent=119572"}],"wp:term":[{"taxonomy":"category","embeddable":true,"href":"https:\/\/gazdasagportal.hu\/index.php\/wp-json\/wp\/v2\/categories?post=119572"},{"taxonomy":"post_tag","embeddable":true,"href":"https:\/\/gazdasagportal.hu\/index.php\/wp-json\/wp\/v2\/tags?post=119572"}],"curies":[{"name":"wp","href":"https:\/\/api.w.org\/{rel}","templated":true}]}}