{"id":119534,"date":"2019-09-12T10:49:08","date_gmt":"2019-09-12T08:49:08","guid":{"rendered":"http:\/\/gazdasagportal.hu\/?p=119534"},"modified":"2019-09-12T10:49:08","modified_gmt":"2019-09-12T08:49:08","slug":"ksh-juliusban-28-havi-rekordot-dontott-az-ipari-termeles-novekedese","status":"publish","type":"post","link":"https:\/\/gazdasagportal.hu\/index.php\/ksh-juliusban-28-havi-rekordot-dontott-az-ipari-termeles-novekedese\/","title":{"rendered":"KSH: j\u00faliusban 28 havi rekordot d\u00f6nt\u00f6tt az ipari termel\u00e9s n\u00f6veked\u00e9se"},"content":{"rendered":"<p><strong>J\u00faliusban az ipari termel\u00e9s volumene 12,0 sz\u00e1zal\u00e9kkal n\u0151tt az egy \u00e9vvel kor\u00e1bbihoz k\u00e9pest. A munkanaphat\u00e1st\u00f3l megtiszt\u00edtott adatok alapj\u00e1n 8,7 sz\u00e1zal\u00e9kkal emelkedett a termel\u00e9s &#8211; er\u0151s\u00edtette meg cs\u00fct\u00f6rt\u00f6k\u00f6n m\u00e1sodik becsl\u00e9s\u00e9vel a K\u00f6zponti Statisztikai Hivatal (KSH). 2017 m\u00e1rciusa \u00f3ta nem volt ekkora n\u00f6veked\u00e9s az ipari termel\u00e9sben.<\/strong><!--more--><\/p>\n<div class=\"ads-in-post1\"><div id=\"gazdasagportal.hu_fullbanner_wideboard\"><\/div>\r\n<\/div>\n<p>    Az els\u0151 f\u00e9l\u00e9vi 5,4 sz\u00e1zal\u00e9kos n\u00f6veked\u00e9s ut\u00e1n az els\u0151 h\u00e9t h\u00f3napban 6,3 sz\u00e1zal\u00e9kkal n\u0151tt a kibocs\u00e1t\u00e1s a tavalyi 3,5 sz\u00e1zal\u00e9kot k\u00f6vet\u0151en.<br \/>\n    Az iparon bel\u00fcl 96 sz\u00e1zal\u00e9kos s\u00falyt k\u00e9pvisel\u0151 feldolgoz\u00f3ipar termel\u00e9se 12,1, az energiaipar kibocs\u00e1t\u00e1sa 2,3 sz\u00e1zal\u00e9kkal emelkedett.<br \/>\n    A feldolgoz\u00f3ipari termel\u00e9s 30 sz\u00e1zal\u00e9k\u00e1t k\u00e9pvisel\u0151 j\u00e1rm\u0171gy\u00e1rt\u00e1sban az el\u0151z\u0151 havi szer\u00e9ny 3,6 sz\u00e1zal\u00e9k ut\u00e1n 34,5 sz\u00e1zal\u00e9kosra ugrott a n\u00f6veked\u00e9s \u00fcteme. A gyorsul\u00e1s els\u0151sorban a b\u00e1zis\u00e9vit\u0151l elt\u00e9r\u0151 ny\u00e1ri le\u00e1ll\u00e1ssal f\u00fcgg \u00f6ssze &#8211; jegyezte meg a KSH. A k\u00f6z\u00fati g\u00e9pj\u00e1rm\u0171gy\u00e1rt\u00e1s volumene 60, a k\u00f6z\u00fati j\u00e1rm\u0171 alkatr\u00e9szeinek gy\u00e1rt\u00e1s\u00e1\u00e9 15,8 sz\u00e1zal\u00e9kkal emelkedett.<br \/>\n<div class=\"ads-in-post2\"><script async src=\"https:\/\/pagead2.googlesyndication.com\/pagead\/js\/adsbygoogle.js\"><\/script>\r\n<ins class=\"adsbygoogle\"\r\n     style=\"display:block\"\r\n     data-ad-format=\"fluid\"\r\n     data-ad-layout-key=\"-6t+ed+2i-1n-4w\"\r\n     data-ad-client=\"ca-pub-1959107119989764\"\r\n     data-ad-slot=\"4008251320\"><\/ins>\r\n<script>\r\n     (adsbygoogle = window.adsbygoogle || []).push({});\r\n<\/script><\/div>\n    A sz\u00e1m\u00edt\u00f3g\u00e9p, elektronikai, optikai term\u00e9k gy\u00e1rt\u00e1sa 4,1 sz\u00e1zal\u00e9kkal n\u0151tt, ezen bel\u00fcl az elektronikus fogyaszt\u00e1si cikk gy\u00e1rt\u00e1sa 44 sz\u00e1zal\u00e9kkal b\u0151v\u00fclt, ugyanakkor a h\u00edrad\u00e1stechnikai berendez\u00e9s gy\u00e1rt\u00e1sa 17,3 sz\u00e1zal\u00e9kkal visszaesett. Az \u00e9lelmiszer, ital \u00e9s doh\u00e1nyterm\u00e9k gy\u00e1rt\u00e1sa ism\u00e9t 6,5 sz\u00e1zal\u00e9kkal emelkedett az el\u0151z\u0151 \u00e9v azonos h\u00f3napj\u00e1hoz viszony\u00edtva a j\u00faniusi mind\u00f6ssze 0,9 sz\u00e1zal\u00e9k ut\u00e1n.<br \/>\n    \u00c1tlag feletti m\u00e9rt\u00e9kben, 13,5 sz\u00e1zal\u00e9kkal n\u0151tt a villamos berendez\u00e9s gy\u00e1rt\u00e1sa, de folytat\u00f3dott a cs\u00f6kken\u00e9s a vegyiparban, ahol 3,7 sz\u00e1zal\u00e9kkal maradt el a kibocs\u00e1t\u00e1s az egy \u00e9vvel kor\u00e1bbit\u00f3l.<br \/>\n    Az ipari export volumene 12,7 sz\u00e1zal\u00e9kkal meghaladta az egy \u00e9vvel kor\u00e1bbit. A feldolgoz\u00f3ipari export\u00e9rt\u00e9kes\u00edt\u00e9s 37 sz\u00e1zal\u00e9k\u00e1t k\u00e9pvisel\u0151 j\u00e1rm\u0171gy\u00e1rt\u00e1s kivitele 31,0 sz\u00e1zal\u00e9kkal, a 14 sz\u00e1zal\u00e9kos s\u00faly\u00fa sz\u00e1m\u00edt\u00f3g\u00e9p, elektronikai, optikai term\u00e9k gy\u00e1rt\u00e1s\u00e1\u00e9 4,7 sz\u00e1zal\u00e9kkal emelkedett. Az el\u0151z\u0151 havi visszaes\u00e9s ut\u00e1n kil\u0151tt az \u00e9lelmiszeripar is, 13,0 sz\u00e1zal\u00e9kkal n\u0151tt az export, a villamosberendez\u00e9sek kivitele is 11,0 sz\u00e1zal\u00e9kkal n\u0151tt, \u00e9s a gy\u00f3gyszerexport is 8,0 sz\u00e1zal\u00e9kkal meghaladta a tavaly j\u00faliusit.<br \/>\n    Az ipar belf\u00f6ldi \u00e9rt\u00e9kes\u00edt\u00e9se 14,3, ezen bel\u00fcl a feldolgoz\u00f3ipar\u00e9 16,2 sz\u00e1zal\u00e9kkal nagyobb volt, mint az el\u0151z\u0151 \u00e9v azonos h\u00f3napj\u00e1ban.<br \/>\n    A j\u00e1rm\u0171ipar belf\u00f6ldi elad\u00e1saiban 73,1 sz\u00e1zal\u00e9kos n\u00f6veked\u00e9st m\u00e9rt a KSH, ami m\u00e9g az el\u0151z\u0151 \u00e9vi t\u00edz sz\u00e1zal\u00e9kos visszaes\u00e9st tekintetbe v\u00e9ve is hatalmas. A sz\u00e1m\u00edt\u00e1stechnikai \u00e1gazat belf\u00f6ldi \u00e9rt\u00e9kes\u00edt\u00e9se t\u00e9r\u00e9n j\u00faliusban 10,0 sz\u00e1zal\u00e9kkal folytat\u00f3dott az idei eg\u00e9sz \u00e9vben tart\u00f3 visszaes\u00e9s. A g\u00e9pgy\u00e1rt\u00e1sban viszont m\u00e1sodik h\u00f3napja 20 sz\u00e1zal\u00e9k feletti, 28,2 sz\u00e1zal\u00e9kos volt a n\u00f6veked\u00e9s, \u00e9s a villamosberendez\u00e9sekb\u0151l is 9,8 sz\u00e1zal\u00e9kkal t\u00f6bbet adtak el, mint tavaly j\u00faliusban. Az \u00e9lelmiszeripar 8,0 sz\u00e1zal\u00e9kkal n\u00f6velte belf\u00f6ldi elad\u00e1sait az el\u0151z\u0151 havi mind\u00f6ssze 0,4 sz\u00e1zal\u00e9k ut\u00e1n. A vegyiparban 18,2 sz\u00e1zal\u00e9kkal n\u0151tt az \u00e9rt\u00e9kes\u00edt\u00e9s volumene, a gy\u00f3gyszeripar\u00e9 viszont 16,5 sz\u00e1zal\u00e9kkal zuhant.<br \/>\n    Rendeltet\u00e9s\u00fck szerint vizsg\u00e1lva 35,9 sz\u00e1zal\u00e9kkal n\u0151ttek a beruh\u00e1z\u00e1si javak gy\u00e1rt\u00f3inak belf\u00f6ldi elad\u00e1sai \u00e9s 26,3 sz\u00e1zal\u00e9kkal a tart\u00f3s fogyaszt\u00e1si cikkeket el\u0151\u00e1ll\u00edt\u00f3 c\u00e9gek\u00e9.<br \/>\n    A megfigyelt feldolgoz\u00f3ipari \u00e1gazatok \u00f6sszes \u00faj rendel\u00e9s\u00e9nek volumene 11,0 sz\u00e1zal\u00e9kkal nagyobb volt a tavaly j\u00faliusin\u00e1l. Az \u00faj belf\u00f6ldi rendel\u00e9sek 14,7, az \u00faj exportrendel\u00e9sek 10,3 sz\u00e1zal\u00e9kkal emelkedtek. Az \u00f6sszes rendel\u00e9s\u00e1llom\u00e1ny j\u00falius v\u00e9g\u00e9n 0,5 sz\u00e1zal\u00e9kkal meghaladta az egy \u00e9vvel kor\u00e1bbit. Az exportrendel\u00e9sek 1,6 sz\u00e1zal\u00e9kkal n\u0151ttek, ezen bel\u00fcl 4,1 sz\u00e1zal\u00e9kkal a j\u00e1rm\u0171ipar\u00e9 \u00e9s 10,5 sz\u00e1zal\u00e9kkal a villamosberendez\u00e9sek gy\u00e1rt\u00f3i\u00e9. A sz\u00e1m\u00edt\u00e1stechnikai exportrendel\u00e9sek tov\u00e1bb cs\u00f6kkennek, j\u00faliusban 10,2 sz\u00e1zal\u00e9kos volt az es\u00e9s. Az iparv\u00e1llalatok belf\u00f6ldi rendel\u00e9s\u00e1llom\u00e1nya 12,6 sz\u00e1zal\u00e9kkal maradt el az egy \u00e9vvel kor\u00e1bbi kiugr\u00f3 m\u00e9rt\u00e9kt\u0151l, a j\u00e1rm\u0171ipari rendel\u00e9sek f\u0151k\u00e9pp a b\u00e1zishat\u00e1s miatt 32,8 sz\u00e1zal\u00e9kkal megzuhantak, a villamosberendez\u00e9sek eset\u00e9ben viszont ford\u00edtott a helyzet, a tavalyi szer\u00e9ny visszaes\u00e9s ut\u00e1n 27,5 sz\u00e1zal\u00e9kkal t\u00f6bb megrendel\u00e9s van r\u00e1juk. A sz\u00e1m\u00edt\u00e1stechnikai megrendel\u00e9sek tavaly \u00e1prilis \u00f3ta folyamatosan cs\u00f6kkennek &#8211; j\u00faliusban 3,4 sz\u00e1zal\u00e9kkal &#8211;  a g\u00e9pipariak pedig \u00e9ppen egy \u00e9ve, legut\u00f3bb 18,4 sz\u00e1zal\u00e9kkal.(MTI)<\/p>\n","protected":false},"excerpt":{"rendered":"<p>J\u00faliusban az ipari termel\u00e9s volumene 12,0 sz\u00e1zal\u00e9kkal n\u0151tt az egy \u00e9vvel kor\u00e1bbihoz k\u00e9pest. A munkanaphat\u00e1st\u00f3l megtiszt\u00edtott adatok alapj\u00e1n 8,7 sz\u00e1zal\u00e9kkal emelkedett a termel\u00e9s &#8211; er\u0151s\u00edtette meg cs\u00fct\u00f6rt\u00f6k\u00f6n m\u00e1sodik becsl\u00e9s\u00e9vel a K\u00f6zponti Statisztikai Hivatal (KSH). 2017 m\u00e1rciusa \u00f3ta nem volt ekkora n\u00f6veked\u00e9s az ipari termel\u00e9sben.<\/p>\n","protected":false},"author":1,"featured_media":0,"comment_status":"closed","ping_status":"open","sticky":false,"template":"","format":"standard","meta":[],"categories":[19],"tags":[],"_links":{"self":[{"href":"https:\/\/gazdasagportal.hu\/index.php\/wp-json\/wp\/v2\/posts\/119534"}],"collection":[{"href":"https:\/\/gazdasagportal.hu\/index.php\/wp-json\/wp\/v2\/posts"}],"about":[{"href":"https:\/\/gazdasagportal.hu\/index.php\/wp-json\/wp\/v2\/types\/post"}],"author":[{"embeddable":true,"href":"https:\/\/gazdasagportal.hu\/index.php\/wp-json\/wp\/v2\/users\/1"}],"replies":[{"embeddable":true,"href":"https:\/\/gazdasagportal.hu\/index.php\/wp-json\/wp\/v2\/comments?post=119534"}],"version-history":[{"count":1,"href":"https:\/\/gazdasagportal.hu\/index.php\/wp-json\/wp\/v2\/posts\/119534\/revisions"}],"predecessor-version":[{"id":119535,"href":"https:\/\/gazdasagportal.hu\/index.php\/wp-json\/wp\/v2\/posts\/119534\/revisions\/119535"}],"wp:attachment":[{"href":"https:\/\/gazdasagportal.hu\/index.php\/wp-json\/wp\/v2\/media?parent=119534"}],"wp:term":[{"taxonomy":"category","embeddable":true,"href":"https:\/\/gazdasagportal.hu\/index.php\/wp-json\/wp\/v2\/categories?post=119534"},{"taxonomy":"post_tag","embeddable":true,"href":"https:\/\/gazdasagportal.hu\/index.php\/wp-json\/wp\/v2\/tags?post=119534"}],"curies":[{"name":"wp","href":"https:\/\/api.w.org\/{rel}","templated":true}]}}