{"id":119518,"date":"2019-09-11T17:12:12","date_gmt":"2019-09-11T15:12:12","guid":{"rendered":"http:\/\/gazdasagportal.hu\/?p=119518"},"modified":"2019-09-12T07:55:08","modified_gmt":"2019-09-12T05:55:08","slug":"ifo-a-libra-erositene-az-elmaradott-tersegek-penzugyi-fuggetlenseget","status":"publish","type":"post","link":"https:\/\/gazdasagportal.hu\/index.php\/ifo-a-libra-erositene-az-elmaradott-tersegek-penzugyi-fuggetlenseget\/","title":{"rendered":"ifo: a Libra er\u0151s\u00edten\u00e9 az elmaradott t\u00e9rs\u00e9gek p\u00e9nz\u00fcgyi f\u00fcggetlens\u00e9g\u00e9t"},"content":{"rendered":"<p><strong>A Facebook tervezett kriptodeviz\u00e1ja, a Libra er\u0151s\u00edteni tudn\u00e1 a vil\u00e1g elmaradott t\u00e9rs\u00e9gei lakoss\u00e1g\u00e1nak p\u00e9nz\u00fcgyi kibontakoz\u00e1s\u00e1t a jegybankok &#8222;p\u00e9nz\u00fcgyi elnyom\u00e1sa&#8221; al\u00f3l &#8211; \u00edrja a m\u00fcncheni ifo gazdas\u00e1gkutat\u00f3 int\u00e9zet MTI-hez eljuttatott tanulm\u00e1nya.<\/strong><!--more--><\/p>\n<div class=\"ads-in-post1\"><div id=\"gazdasagportal.hu_fullbanner_wideboard\"><\/div>\r\n<\/div>\n<p>    Marcel Thum, az ifo drezdai tagozatn\u00e1nak igazgat\u00f3ja \u00e9s Sefan Eichler, a drezdai m\u0171szaki egyetem nemzetk\u00f6zi monet\u00e1ris gazdas\u00e1gi tansz\u00e9k\u00e9nek vezet\u0151je k\u00f6z\u00f6s munk\u00e1j\u00e1ban kifejti: a Libra er\u0151s\u00edteni tudn\u00e1 az elmaradott r\u00e9gi\u00f3k lakoss\u00e1g\u00e1nak p\u00e9nz\u00fcgyi f\u00fcggetlens\u00e9g\u00e9t a korm\u00e1nyok szolg\u00e1lat\u00e1ban m\u0171k\u00f6d\u0151 jegybankok infl\u00e1ci\u00f3gerjeszt\u0151, a helyi deviz\u00e1t le\u00e9rt\u00e9kel\u0151, a lakoss\u00e1gi megtakar\u00edt\u00e1sokat el\u00e9rt\u00e9ktelen\u00edt\u0151 monet\u00e1ris politik\u00e1j\u00e1t\u00f3l.<br \/>\n    &#8222;A legt\u00f6bb fejl\u0151d\u0151 orsz\u00e1gban \u00e9ppen a legszeg\u00e9nyebbek azok, akik nem jutnak hozz\u00e1 p\u00e9nz\u00fcgyi szolg\u00e1ltat\u00e1sokhoz. Elk\u00e9peszt\u0151en magas hitelkamatokat k\u00e9nytelenek fizetni \u00e9s a nemzetk\u00f6zi p\u00e9nz\u00e1tutal\u00e1sokhoz is csak magas d\u00edjakkal f\u00e9rnek hozz\u00e1&#8221; &#8211; \u00edrj\u00e1k tanulm\u00e1nyukban a szerz\u0151k.<br \/>\n    Megjegyzik ugyanakkor, hogy b\u00e1r a Libra Association tagjai a kezdem\u00e9nyez\u00e9s t\u00e1rsadalmi el\u0151nyeivel indokolj\u00e1k a kriptodeviza bevezet\u00e9s\u00e9nek a sz\u00fcks\u00e9gess\u00e9g\u00e9t, val\u00f3j\u00e1ban azonban egy\u00e1ltal\u00e1n nem \u00f6nzetlen szempontok mozgatj\u00e1k \u0151ket. Mihelyt ugyanis nemzetk\u00f6zi fizet\u00e9si rendszer\u00fck fel\u00e1llt \u00e9s m\u0171k\u00f6dik, \u0151k maguk v\u00e1lnak a p\u00e9nzkibocs\u00e1t\u00e1sb\u00f3l sz\u00e1rmaz\u00f3  jogosults\u00e1gok haszon\u00e9lvez\u0151iv\u00e9. Ugyan\u00edgy birtokosaiv\u00e1 v\u00e1lnak a felhaszn\u00e1l\u00f3i \u00e9s tranzakci\u00f3s adatoknak is, ami m\u00e1r \u00f6nmag\u00e1ban is kereskedelmi \u00e9rt\u00e9ket k\u00e9pvisel. Big-data elemz\u00e9ssel mindemellett r\u00e1l\u00e1t\u00e1shoz jutnak a r\u00e9gi\u00f3k p\u00e9nz- \u00e9s \u00e1ruforgalmi rendszereire, valamint v\u00e1s\u00e1rl\u00f3i szok\u00e1saira is, ami \u00faj, kor\u00e1bban nem l\u00e9tez\u0151 \u00fczleti lehet\u0151s\u00e9geket nyit meg a Libra Association tagjai el\u0151tt.<br \/>\n<div class=\"ads-in-post2\"><script async src=\"https:\/\/pagead2.googlesyndication.com\/pagead\/js\/adsbygoogle.js\"><\/script>\r\n<ins class=\"adsbygoogle\"\r\n     style=\"display:block\"\r\n     data-ad-format=\"fluid\"\r\n     data-ad-layout-key=\"-6t+ed+2i-1n-4w\"\r\n     data-ad-client=\"ca-pub-1959107119989764\"\r\n     data-ad-slot=\"4008251320\"><\/ins>\r\n<script>\r\n     (adsbygoogle = window.adsbygoogle || []).push({});\r\n<\/script><\/div>\n    A glob\u00e1lisan m\u00e1r l\u00e9tez\u0151, p\u00e9nzkibocs\u00e1t\u00f3 f\u00fcggetlen jegybankokra \u00e9p\u00fcl\u0151 \u00e9s \u00e1llami p\u00e9nz\u00fcgyi fel\u00fcgyelet alatt m\u0171k\u00f6d\u0151 szuver\u00e9n nemzetk\u00f6zi fizet\u00e9si rendszer el\u0151nyei igaz\u00e1b\u00f3l csak demokratikus keretek k\u00f6z\u00f6tt mutatkoznak meg &#8211; fejti ki a tanulm\u00e1ny.<br \/>\n    A Libra megjelen\u00e9se kih\u00edv\u00e1sok el\u00e9 \u00e1ll\u00edthatja a megl\u00e9v\u0151 glob\u00e1lis szuver\u00e9n fizet\u00e9si rendszert. Ez\u00e9rt is tapasztalhat\u00f3 komoly ellen\u00e1ll\u00e1s korm\u00e1nyok, jegybankok \u00e9s fel\u00fcgyeleti hat\u00f3s\u00e1gok r\u00e9sz\u00e9r\u0151l a Libra bevezet\u00e9s\u00e9vel szemben. A Libra ugyanis a helyi deviz\u00e1k haszn\u00e1lat\u00e1nak a k\u00e1r\u00e1ra terjedne el, csorb\u00edtan\u00e1 ez\u00e1ltal az egyes jegybankok monet\u00e1ris politik\u00e1j\u00e1nak a hat\u00e9konys\u00e1g\u00e1t, kivenn\u00e9 a kez\u00fckb\u0151l a fel\u00fcgyeletet az infl\u00e1ci\u00f3 felett \u00e9s fokozn\u00e1 a volatilit\u00e1s kock\u00e1zat\u00e1t &#8211; mutatnak r\u00e1 az ifo gazdas\u00e1gkutat\u00f3 int\u00e9zet (ifo Institut &#8211; Leibniz-Institut f\u00fcr Wirtschaftsforschung an der Universit\u00e4t M\u00fcnchen e.V.) sz\u00e1m\u00e1ra k\u00e9sz\u00fclt tanulm\u00e1nyukban a szerz\u0151k.(MTI)<\/p>\n","protected":false},"excerpt":{"rendered":"<p>A Facebook tervezett kriptodeviz\u00e1ja, a Libra er\u0151s\u00edteni tudn\u00e1 a vil\u00e1g elmaradott t\u00e9rs\u00e9gei lakoss\u00e1g\u00e1nak p\u00e9nz\u00fcgyi kibontakoz\u00e1s\u00e1t a jegybankok &#8222;p\u00e9nz\u00fcgyi elnyom\u00e1sa&#8221; al\u00f3l &#8211; \u00edrja a m\u00fcncheni ifo gazdas\u00e1gkutat\u00f3 int\u00e9zet MTI-hez eljuttatott tanulm\u00e1nya.<\/p>\n","protected":false},"author":1,"featured_media":119519,"comment_status":"closed","ping_status":"open","sticky":false,"template":"","format":"standard","meta":[],"categories":[146,246],"tags":[],"_links":{"self":[{"href":"https:\/\/gazdasagportal.hu\/index.php\/wp-json\/wp\/v2\/posts\/119518"}],"collection":[{"href":"https:\/\/gazdasagportal.hu\/index.php\/wp-json\/wp\/v2\/posts"}],"about":[{"href":"https:\/\/gazdasagportal.hu\/index.php\/wp-json\/wp\/v2\/types\/post"}],"author":[{"embeddable":true,"href":"https:\/\/gazdasagportal.hu\/index.php\/wp-json\/wp\/v2\/users\/1"}],"replies":[{"embeddable":true,"href":"https:\/\/gazdasagportal.hu\/index.php\/wp-json\/wp\/v2\/comments?post=119518"}],"version-history":[{"count":1,"href":"https:\/\/gazdasagportal.hu\/index.php\/wp-json\/wp\/v2\/posts\/119518\/revisions"}],"predecessor-version":[{"id":119520,"href":"https:\/\/gazdasagportal.hu\/index.php\/wp-json\/wp\/v2\/posts\/119518\/revisions\/119520"}],"wp:featuredmedia":[{"embeddable":true,"href":"https:\/\/gazdasagportal.hu\/index.php\/wp-json\/wp\/v2\/media\/119519"}],"wp:attachment":[{"href":"https:\/\/gazdasagportal.hu\/index.php\/wp-json\/wp\/v2\/media?parent=119518"}],"wp:term":[{"taxonomy":"category","embeddable":true,"href":"https:\/\/gazdasagportal.hu\/index.php\/wp-json\/wp\/v2\/categories?post=119518"},{"taxonomy":"post_tag","embeddable":true,"href":"https:\/\/gazdasagportal.hu\/index.php\/wp-json\/wp\/v2\/tags?post=119518"}],"curies":[{"name":"wp","href":"https:\/\/api.w.org\/{rel}","templated":true}]}}