{"id":119499,"date":"2019-09-11T11:12:56","date_gmt":"2019-09-11T09:12:56","guid":{"rendered":"http:\/\/gazdasagportal.hu\/?p=119499"},"modified":"2019-09-11T11:12:56","modified_gmt":"2019-09-11T09:12:56","slug":"az-apple-bemutatta-a-legujabb-iphone-11-es-iphone-11-pro-telefonokat","status":"publish","type":"post","link":"https:\/\/gazdasagportal.hu\/index.php\/az-apple-bemutatta-a-legujabb-iphone-11-es-iphone-11-pro-telefonokat\/","title":{"rendered":"Az Apple bemutatta a leg\u00fajabb iPhone 11 \u00e9s iPhone 11 Pro telefonokat"},"content":{"rendered":"<p><strong>Eur\u00f3pai id\u0151 szerint Szeptember 10.-\u00e9n este ker\u00fclt megrendez\u00e9sre az idei legnagyobb Apple rendezv\u00e9ny, ahol a gy\u00e1rt\u00f3 minden \u00e9vben bemutatja a leg\u00fajabb telefonjait, iPhone telefontokjait \u00e9s itt leplezik le az \u00faj okos-eszk\u00f6z\u00f6ket is, p\u00e9ld\u00e1ul az Apple watch-ot is, tudtuk meg a <a href=\"https:\/\/www.phonebox.hu\" target=\"_blank\" rel=\"noopener noreferrer\">Phonebox<\/a> \u00fajs\u00e1g\u00edr\u00f3j\u00e1t\u00f3l. Ez az \u0151szi bemutat\u00f3 a legfontosabb az Apple-nek \u00e9s ezen mutatja be a legnagyobb \u00faj\u00edt\u00e1sait. Nem meglep\u0151, hogy az elm\u00falt napokban hihetetlen mennyis\u00e9g\u0171 pletyka is sz\u00e1rnyra kelt a m\u00e9g be sem mutatott iPhone 11 telefonokr\u00f3l \u00e9s leg\u00fajabb szolg\u00e1ltat\u00e1sokr\u00f3l.<\/strong><!--more--><\/p>\n<div class=\"ads-in-post1\"><div id=\"gazdasagportal.hu_fullbanner_wideboard\"><\/div>\r\n<\/div>\n<p>Ahogy azt megszokhattuk most is h\u00e1rom okostelefon ker\u00fclt bemutat\u00e1sra, azonban az Apple megv\u00e1ltoztatta a n\u00e9vad\u00e1si szok\u00e1sokat. Most m\u00e1r nem tal\u00e1lhat\u00f3 a k\u00edn\u00e1latban olcs\u00f3bb iPhone, hanem csak egy alap iPhone 11 \u00e9s k\u00e9t iPhone 11 Pro v\u00e1ltozat, amelyek k\u00f6z\u00fcl a nagyobb a Max jelz\u0151t viseli. A gy\u00e1rt\u00f3 ezen fel\u00fcl bemutatta a pr\u00e9mium kieg\u00e9sz\u00edt\u0151it, k\u00f6zt\u00fck a gyorst\u00f6lt\u0151t is \u00e9s a k\u00e9sz\u00fcl\u00e9kekhez tartoz\u00f3 gy\u00e1ri iPhone 11 tok h\u00e1tlapokat is.<\/p>\n<p>Az iPhone 11 lesz az alapmodell. A bemutat\u00f3ban a legnagyobb szerepet a strapab\u00edr\u00f3 k\u00e9sz\u00fcl\u00e9kh\u00e1z \u00e9s az azt k\u00f6r\u00fclvev\u0151, az Apple jelz\u0151j\u00e9vel \u00e9lve, a l\u00e9tez\u0151 leger\u0151sebb \u00fcveg kapta. Az el\u0151lapon az el\u0151d iPhone XR-hez k\u00e9pest ne sok v\u00e1ltoz\u00e1s t\u00f6rt\u00e9nt, ism\u00e9t Liquid Retina panellel tal\u00e1lkozhatunk, \u00e9s Face ID azonos\u00edt\u00e1ssal, ujjlenyomat olvas\u00f3 n\u00e9lk\u00fcl. A h\u00e1tlaponegy du\u00e1l kamera rendszert tal\u00e1lunk, ami egy 12 megapixeles sz\u00e9les l\u00e1t\u00f3sz\u00f6g\u0171 (f\/1,8), \u00e9s egy 12 megapixeles ultrasz\u00e9les l\u00e1t\u00f3sz\u00f6g\u0171 egys\u00e9gb\u0151l (f\/2.4) \u00e1ll, ut\u00f3bbi k\u00e9tszeres optikai nagy\u00edt\u00e1st tesz lehet\u0151v\u00e9.<\/p><div id=\"gazda-3748639168\" class=\"gazda-tartalomban gazda-entity-placement\"><script async src=\"https:\/\/pagead2.googlesyndication.com\/pagead\/js\/adsbygoogle.js\"><\/script>\r\n<ins class=\"adsbygoogle\"\r\n     style=\"display:block\"\r\n     data-ad-format=\"fluid\"\r\n     data-ad-layout-key=\"-6t+ed+2i-1n-4w\"\r\n     data-ad-client=\"ca-pub-1959107119989764\"\r\n     data-ad-slot=\"4008251320\"><\/ins>\r\n<script>\r\n     (adsbygoogle = window.adsbygoogle || []).push({});\r\n<\/script><\/div>\n<p>Az el\u0151lapi kamera m\u00e1r 12 megapixeles, ultrasz\u00e9les l\u00e1t\u00f3sz\u00f6g\u0171 TrueDepth szenzor, ami infra szenzorokkal t\u00e1rs\u00edtva a meg\u00fajult FaceID-azonos\u00edt\u00e1st is lehet\u0151v\u00e9 teszi.<\/p>\n<p>A k\u00e9sz\u00fcl\u00e9kbe a h\u00e1zon bel\u00fcl fejlesztett A13 Bionic chipje ker\u00fcl, ami az Apple prezent\u00e1lt m\u00e9r\u00e9sei szerint gyorsabb, mint a Galaxy S10+-ba ker\u00fclt Snapdragon 855, vagy a Huawei P30 Pr\u00f3t hajt\u00f3 Kirin 980. \u00dczemid\u0151 ter\u00e9n egy \u00f3r\u00e1val t\u00f6bbet k\u00edn\u00e1l majd, mint az iPhone XR. A hivatalos \u00e1r itthon 289.990 Ft-n\u00e9l kez\u0151dik, ami\u00e9rt 64Gb t\u00e1rhelyet kapunk a k\u00e9sz\u00fcl\u00e9ken.<\/p>\n<div class=\"ads-in-post2\"><script async src=\"https:\/\/pagead2.googlesyndication.com\/pagead\/js\/adsbygoogle.js\"><\/script>\r\n<ins class=\"adsbygoogle\"\r\n     style=\"display:block\"\r\n     data-ad-format=\"fluid\"\r\n     data-ad-layout-key=\"-6t+ed+2i-1n-4w\"\r\n     data-ad-client=\"ca-pub-1959107119989764\"\r\n     data-ad-slot=\"4008251320\"><\/ins>\r\n<script>\r\n     (adsbygoogle = window.adsbygoogle || []).push({});\r\n<\/script><\/div>\nA legnagyobb \u00fajdons\u00e1gnak sz\u00e1nt k\u00e9sz\u00fcl\u00e9kek az iPhone 11 Pro \u00e9s iPhone 11 Pro Max lett. Kapunk egy \u00fajfajta matt k\u00e9sz\u00fcl\u00e9kh\u00e1zat \u00e9s tov\u00e1bbi \u00faj v\u00e1laszthat\u00f3 sz\u00edneket: z\u00f6ldet, asztrosz\u00fcrk\u00e9t, ez\u00fcst\u00f6t \u00e9s aranyat, ami a k\u00e9pek alapj\u00e1n ink\u00e1bb rosegold \u00e1rnyalatnak l\u00e1tszik. A Super Retina XDR kijelz\u0151k\u00e9nt eml\u00edtett OLED panel ak\u00e1r 1200 nit f\u00e9nyer\u0151re k\u00e9pes, ami kiemelked\u0151nek sz\u00e1m\u00edt.<\/p>\n<p>A kedvez\u0151bb \u00e1r\u00fa iPhone 11-be, \u00e9s a t\u00f6bb funkci\u00f3val felszerelt Pro modellekbe is A13 Bionic chip ker\u00fclt. Az \u00faj mesters\u00e9ges intelligenci\u00e1val ell\u00e1tott processzornak k\u00f6sz\u00f6nhet\u0151en a kisebb 5,8 h\u00fcvelykes modell 4 \u00f3r\u00e1val t\u00f6bb, m\u00edg a nagyobb Pro modell 5 \u00f3r\u00e1val t\u00f6bb \u00fczemid\u0151t k\u00edn\u00e1l a tavalyi cs\u00facsmodell iPhone XS-hez k\u00e9pest. A telefonok mell\u00e9 mell\u00e9 egy gyorsabb, 18 wattos t\u00f6lt\u0151t is kapunk.<\/p>\n<p>A k\u00e9sz\u00fcl\u00e9kre ker\u00fclt kamerarendszer m\u00e1r h\u00e1rom optik\u00e1b\u00f3l \u00e1ll: egy 12 MP-es sz\u00e9lesl\u00e1t\u00f3sz\u00f6g\u0171 \u00e9s egy szint\u00e9n 12 MP-es szupersz\u00e9les l\u00e1t\u00f3sz\u00f6g\u0171 (120 fok) egys\u00e9gb\u0151l, tov\u00e1bb\u00e1 egy 12 MP-es telefot\u00f3 lencs\u00e9b\u0151l. A Pro modellek megkapt\u00e1k az \u00faj, Deep Fusion n\u00e9vre keresztelt k\u00e9palkot\u00e1si technik\u00e1t, amivel az optik\u00e1k kilenc k\u00e9pet k\u00e9sz\u00edtenek k\u00fcl\u00f6nb\u00f6z\u0151 expoz\u00edci\u00f3kkal, majd az \u00faj A13 Bionic chip mesters\u00e9ges intelligenci\u00e1ja ezeket kombin\u00e1lva alkotja meg a v\u00e9gleges felv\u00e9telt, ami vil\u00e1gosabb \u00e9s \u00e9lesebb lesz a megszokottn\u00e1l, vagy m\u00e1s telefonokn\u00e1l tapasztaltn\u00e1l.<\/p>\n<p>Az iPhone 11 Pro 399.990 Forintn\u00e1l kezd\u0151dik, m\u00edg a nagyobb 6,5 inch-es kijelz\u0151vel szerelt iPhone 11 Pro Max 439.990 Forintba ker\u00fcl. Az el\u0151rendel\u00e9s mindh\u00e1rom k\u00e9sz\u00fcl\u00e9kre szeptember 13-\u00e1n kezd\u0151dik itthon. A kieg\u00e9sz\u00edt\u0151k \u00e9s az iPhone telefontokok is el\u00e9rhet\u0151k lettek az Apple k\u00edn\u00e1lat\u00e1ban. A szilikon \u00e1tl\u00e1tsz\u00f3 iPhone 11 tok 15.990 Forintba ker\u00fcl, az eredeti b\u0151r iPhone 11 Pro tok pedig 19.990 Forintba ker\u00fcl itthon.<\/p>\n","protected":false},"excerpt":{"rendered":"<p>Eur\u00f3pai id\u0151 szerint Szeptember 10.-\u00e9n este ker\u00fclt megrendez\u00e9sre az idei legnagyobb Apple rendezv\u00e9ny, ahol a gy\u00e1rt\u00f3 minden \u00e9vben bemutatja a leg\u00fajabb telefonjait, iPhone telefontokjait \u00e9s itt leplezik le az \u00faj okos-eszk\u00f6z\u00f6ket is, p\u00e9ld\u00e1ul az Apple watch-ot is, tudtuk meg a Phonebox \u00fajs\u00e1g\u00edr\u00f3j\u00e1t\u00f3l. Ez az \u0151szi bemutat\u00f3 a legfontosabb az Apple-nek \u00e9s ezen mutatja be a &#8230;<\/p>\n","protected":false},"author":1,"featured_media":119500,"comment_status":"closed","ping_status":"open","sticky":false,"template":"","format":"standard","meta":[],"categories":[146,4],"tags":[],"_links":{"self":[{"href":"https:\/\/gazdasagportal.hu\/index.php\/wp-json\/wp\/v2\/posts\/119499"}],"collection":[{"href":"https:\/\/gazdasagportal.hu\/index.php\/wp-json\/wp\/v2\/posts"}],"about":[{"href":"https:\/\/gazdasagportal.hu\/index.php\/wp-json\/wp\/v2\/types\/post"}],"author":[{"embeddable":true,"href":"https:\/\/gazdasagportal.hu\/index.php\/wp-json\/wp\/v2\/users\/1"}],"replies":[{"embeddable":true,"href":"https:\/\/gazdasagportal.hu\/index.php\/wp-json\/wp\/v2\/comments?post=119499"}],"version-history":[{"count":1,"href":"https:\/\/gazdasagportal.hu\/index.php\/wp-json\/wp\/v2\/posts\/119499\/revisions"}],"predecessor-version":[{"id":119501,"href":"https:\/\/gazdasagportal.hu\/index.php\/wp-json\/wp\/v2\/posts\/119499\/revisions\/119501"}],"wp:featuredmedia":[{"embeddable":true,"href":"https:\/\/gazdasagportal.hu\/index.php\/wp-json\/wp\/v2\/media\/119500"}],"wp:attachment":[{"href":"https:\/\/gazdasagportal.hu\/index.php\/wp-json\/wp\/v2\/media?parent=119499"}],"wp:term":[{"taxonomy":"category","embeddable":true,"href":"https:\/\/gazdasagportal.hu\/index.php\/wp-json\/wp\/v2\/categories?post=119499"},{"taxonomy":"post_tag","embeddable":true,"href":"https:\/\/gazdasagportal.hu\/index.php\/wp-json\/wp\/v2\/tags?post=119499"}],"curies":[{"name":"wp","href":"https:\/\/api.w.org\/{rel}","templated":true}]}}