{"id":119497,"date":"2019-09-11T10:50:37","date_gmt":"2019-09-11T08:50:37","guid":{"rendered":"http:\/\/gazdasagportal.hu\/?p=119497"},"modified":"2019-09-11T10:50:37","modified_gmt":"2019-09-11T08:50:37","slug":"kozbeszerzesi-hatosag-tavaly-az-osszes-kozbeszerzes-7-szazaleka-volt-az-agrarszektorhoz-kotheto","status":"publish","type":"post","link":"https:\/\/gazdasagportal.hu\/index.php\/kozbeszerzesi-hatosag-tavaly-az-osszes-kozbeszerzes-7-szazaleka-volt-az-agrarszektorhoz-kotheto\/","title":{"rendered":"K\u00f6zbeszerz\u00e9si Hat\u00f3s\u00e1g: tavaly az \u00f6sszes k\u00f6zbeszerz\u00e9s 7 sz\u00e1zal\u00e9ka volt az agr\u00e1rszektorhoz k\u00f6thet\u0151"},"content":{"rendered":"<p><strong>Az \u00f6sszes tavalyi k\u00f6zbeszerz\u00e9s majdnem 7 sz\u00e1zal\u00e9ka volt olyan, ami az agr\u00e1rszektorhoz k\u00f6thet\u0151 &#8211; mondta Rig\u00f3 Csaba Bal\u00e1zs, a K\u00f6zbeszerz\u00e9si Hat\u00f3s\u00e1g eln\u00f6ke szerda reggel az M1 aktu\u00e1lis csatorna \u00e9s a Kossuth R\u00e1di\u00f3 k\u00f6z\u00f6s m\u0171sor\u00e1ban.<\/strong><!--more--><\/p>\n<div class=\"ads-in-post1\"><div id=\"gazdasagportal.hu_fullbanner_wideboard\"><\/div>\r\n<\/div>\n<p>    Az eln\u00f6k elmondta, ha a 694 k\u00f6zbeszerz\u00e9s \u00e9rt\u00e9k\u00e9t tekintik, akkor a szektor a teljes \u00f6sszeg 5 sz\u00e1zal\u00e9k\u00e1t nyerte el, ami mintegy 176 milli\u00e1rd forintot jelentett.<br \/>\n    Elmondta azt is, mivel a gazdas\u00e1gnak sz\u00e1mos olyan ter\u00fclete van, ahol k\u00f6zp\u00e9nzt haszn\u00e1lnak fel, ennek ugyanolyan hat\u00e9konynak kell lennie, mintha mag\u00e1nberuh\u00e1z\u00e1sr\u00f3l lenne sz\u00f3.<br \/>\n    &#8222;Azaz a t\u00e1mogat\u00e1s miatt senki ne k\u00e9nyelmesedjen el&#8221; &#8211; hangs\u00falyozta.<br \/>\n    Nagy Istv\u00e1n agr\u00e1rminiszter a K\u00f6zbeszerz\u00e9si Hat\u00f3s\u00e1g \u00e1ltal az Agr\u00e1rminiszt\u00e9rium sz\u00e1m\u00e1ra kedden rendezett szakmai konferenci\u00e1n azt mondta, hogy a k\u00f6lts\u00e9gvet\u00e9si \u00e9s uni\u00f3s forr\u00e1sok jogszer\u0171, \u00e1tl\u00e1that\u00f3 felhaszn\u00e1l\u00e1sa szakszer\u0171, jogk\u00f6vet\u0151 munk\u00e1t ig\u00e9nyel, \u00e9s ebben a K\u00f6zbeszerz\u00e9si Hat\u00f3s\u00e1g ir\u00e1nymutat\u00e1sai nagy seg\u00edts\u00e9get jelentenek.<br \/>\n<div class=\"ads-in-post2\"><script async src=\"https:\/\/pagead2.googlesyndication.com\/pagead\/js\/adsbygoogle.js\"><\/script>\r\n<ins class=\"adsbygoogle\"\r\n     style=\"display:block\"\r\n     data-ad-format=\"fluid\"\r\n     data-ad-layout-key=\"-6t+ed+2i-1n-4w\"\r\n     data-ad-client=\"ca-pub-1959107119989764\"\r\n     data-ad-slot=\"4008251320\"><\/ins>\r\n<script>\r\n     (adsbygoogle = window.adsbygoogle || []).push({});\r\n<\/script><\/div>\n    A miniszter a keddi konferenci\u00e1n ismertette, hogy az Agr\u00e1rminiszt\u00e9rium nemcsak hazai, de uni\u00f3s p\u00e1ly\u00e1zati forr\u00e1sokat is kezel a vid\u00e9kfejleszt\u00e9si program keret\u00e9ben, amely 2014 \u00e9s 2020 k\u00f6z\u00f6tt mintegy 1380 milli\u00e1rd forintnyi meghirdetett t\u00e1mogat\u00e1st jelent. Hozz\u00e1tette: a t\u00e1rca kiemelt c\u00e9lja, hogy megv\u00e9dje a magyar gazd\u00e1k \u00e9rdekeit, \u00e9s az eur\u00f3pai uni\u00f3s agr\u00e1rt\u00e1mogat\u00e1sok ne cs\u00f6kkenjenek a k\u00f6vetkez\u0151, 2021-2027 k\u00f6z\u00f6tti h\u00e9t\u00e9ves k\u00f6lts\u00e9gvet\u00e9si ciklusban.(MTI)<\/p>\n","protected":false},"excerpt":{"rendered":"<p>Az \u00f6sszes tavalyi k\u00f6zbeszerz\u00e9s majdnem 7 sz\u00e1zal\u00e9ka volt olyan, ami az agr\u00e1rszektorhoz k\u00f6thet\u0151 &#8211; mondta Rig\u00f3 Csaba Bal\u00e1zs, a K\u00f6zbeszerz\u00e9si Hat\u00f3s\u00e1g eln\u00f6ke szerda reggel az M1 aktu\u00e1lis csatorna \u00e9s a Kossuth R\u00e1di\u00f3 k\u00f6z\u00f6s m\u0171sor\u00e1ban.<\/p>\n","protected":false},"author":1,"featured_media":0,"comment_status":"closed","ping_status":"open","sticky":false,"template":"","format":"standard","meta":[],"categories":[19],"tags":[],"_links":{"self":[{"href":"https:\/\/gazdasagportal.hu\/index.php\/wp-json\/wp\/v2\/posts\/119497"}],"collection":[{"href":"https:\/\/gazdasagportal.hu\/index.php\/wp-json\/wp\/v2\/posts"}],"about":[{"href":"https:\/\/gazdasagportal.hu\/index.php\/wp-json\/wp\/v2\/types\/post"}],"author":[{"embeddable":true,"href":"https:\/\/gazdasagportal.hu\/index.php\/wp-json\/wp\/v2\/users\/1"}],"replies":[{"embeddable":true,"href":"https:\/\/gazdasagportal.hu\/index.php\/wp-json\/wp\/v2\/comments?post=119497"}],"version-history":[{"count":1,"href":"https:\/\/gazdasagportal.hu\/index.php\/wp-json\/wp\/v2\/posts\/119497\/revisions"}],"predecessor-version":[{"id":119498,"href":"https:\/\/gazdasagportal.hu\/index.php\/wp-json\/wp\/v2\/posts\/119497\/revisions\/119498"}],"wp:attachment":[{"href":"https:\/\/gazdasagportal.hu\/index.php\/wp-json\/wp\/v2\/media?parent=119497"}],"wp:term":[{"taxonomy":"category","embeddable":true,"href":"https:\/\/gazdasagportal.hu\/index.php\/wp-json\/wp\/v2\/categories?post=119497"},{"taxonomy":"post_tag","embeddable":true,"href":"https:\/\/gazdasagportal.hu\/index.php\/wp-json\/wp\/v2\/tags?post=119497"}],"curies":[{"name":"wp","href":"https:\/\/api.w.org\/{rel}","templated":true}]}}