{"id":119475,"date":"2019-09-10T14:23:14","date_gmt":"2019-09-10T12:23:14","guid":{"rendered":"http:\/\/gazdasagportal.hu\/?p=119475"},"modified":"2019-09-10T14:23:14","modified_gmt":"2019-09-10T12:23:14","slug":"uj-raktarbazist-epitett-a-bilk-a-mediamarkt-szamara","status":"publish","type":"post","link":"https:\/\/gazdasagportal.hu\/index.php\/uj-raktarbazist-epitett-a-bilk-a-mediamarkt-szamara\/","title":{"rendered":"\u00daj rakt\u00e1rb\u00e1zist \u00e9p\u00edtett a BILK a MediaMarkt sz\u00e1m\u00e1ra"},"content":{"rendered":"<p><strong>A BILK Logisztikai Nyrt. \u00faj, t\u00f6bb mint 20 ezer n\u00e9gyzetm\u00e9teres rakt\u00e1rb\u00e1zist \u00e9p\u00edtett a MediaMarkt sz\u00e1m\u00e1ra.<\/strong><!--more--><\/p>\n<div class=\"ads-in-post1\"><div id=\"gazdasagportal.hu_fullbanner_wideboard\"><\/div>\r\n<\/div>\n<p>    A Budapesti \u00c9rt\u00e9kt\u0151zsde (B\u00c9T) honlapj\u00e1n kedden k\u00f6zz\u00e9tett t\u00e1j\u00e9koztat\u00e1s szerint a beruh\u00e1z\u00e1s \u00e9rt\u00e9ke a csarnokhoz vezet\u0151 utakkal, a k\u00f6zm\u0171vekkel \u00e9s a parkol\u00f3kkal egy\u00fctt el\u00e9ri a 3,5 milli\u00e1rd forintot. A MediaMarkt kik\u00f6t\u00f6tte az \u00f6t \u00e9vre sz\u00f3l\u00f3 b\u00e9rleti szerz\u0151d\u00e9s meghosszabb\u00edt\u00e1s\u00e1nak lehet\u0151s\u00e9g\u00e9t tov\u00e1bbi \u00f6t \u00e9vre.<br \/>\n<div class=\"ads-in-post2\"><script async src=\"https:\/\/pagead2.googlesyndication.com\/pagead\/js\/adsbygoogle.js\"><\/script>\r\n<ins class=\"adsbygoogle\"\r\n     style=\"display:block\"\r\n     data-ad-format=\"fluid\"\r\n     data-ad-layout-key=\"-6t+ed+2i-1n-4w\"\r\n     data-ad-client=\"ca-pub-1959107119989764\"\r\n     data-ad-slot=\"4008251320\"><\/ins>\r\n<script>\r\n     (adsbygoogle = window.adsbygoogle || []).push({});\r\n<\/script><\/div>\n    A BILK a MediaMarkt logisztikai sz\u00fcks\u00e9glet\u00e9nek tart\u00f3s n\u00f6veked\u00e9s\u00e9vel indokolta az \u00faj l\u00e9tes\u00edtm\u00e9nyt. Az \u00e1ruh\u00e1zl\u00e1nc 2014 \u00e9s 2016 k\u00f6z\u00f6tt megdupl\u00e1zta a b\u00e9relt rakt\u00e1rter\u00fcletei m\u00e9ret\u00e9t, \u00e9s k\u00f6zben ugyanekkora k\u00fcls\u0151 kieg\u00e9sz\u00edt\u0151 rakt\u00e1rt is haszn\u00e1lt. Az \u00faj b\u00e1zis az online v\u00e1s\u00e1rl\u00e1sok \u00e9s a 32 \u00e1ruh\u00e1z ell\u00e1t\u00e1sa mellett az orsz\u00e1g eg\u00e9sz ter\u00fclet\u00e9re biztos\u00edtja a h\u00e1zhoz sz\u00e1ll\u00edt\u00e1sok rugalmas kezel\u00e9s\u00e9t &#8211; olvashat\u00f3 a k\u00f6zlem\u00e9nyben.(MTI)<\/p>\n","protected":false},"excerpt":{"rendered":"<p>A BILK Logisztikai Nyrt. \u00faj, t\u00f6bb mint 20 ezer n\u00e9gyzetm\u00e9teres rakt\u00e1rb\u00e1zist \u00e9p\u00edtett a MediaMarkt sz\u00e1m\u00e1ra.<\/p>\n","protected":false},"author":1,"featured_media":0,"comment_status":"closed","ping_status":"open","sticky":false,"template":"","format":"standard","meta":[],"categories":[19],"tags":[],"_links":{"self":[{"href":"https:\/\/gazdasagportal.hu\/index.php\/wp-json\/wp\/v2\/posts\/119475"}],"collection":[{"href":"https:\/\/gazdasagportal.hu\/index.php\/wp-json\/wp\/v2\/posts"}],"about":[{"href":"https:\/\/gazdasagportal.hu\/index.php\/wp-json\/wp\/v2\/types\/post"}],"author":[{"embeddable":true,"href":"https:\/\/gazdasagportal.hu\/index.php\/wp-json\/wp\/v2\/users\/1"}],"replies":[{"embeddable":true,"href":"https:\/\/gazdasagportal.hu\/index.php\/wp-json\/wp\/v2\/comments?post=119475"}],"version-history":[{"count":1,"href":"https:\/\/gazdasagportal.hu\/index.php\/wp-json\/wp\/v2\/posts\/119475\/revisions"}],"predecessor-version":[{"id":119476,"href":"https:\/\/gazdasagportal.hu\/index.php\/wp-json\/wp\/v2\/posts\/119475\/revisions\/119476"}],"wp:attachment":[{"href":"https:\/\/gazdasagportal.hu\/index.php\/wp-json\/wp\/v2\/media?parent=119475"}],"wp:term":[{"taxonomy":"category","embeddable":true,"href":"https:\/\/gazdasagportal.hu\/index.php\/wp-json\/wp\/v2\/categories?post=119475"},{"taxonomy":"post_tag","embeddable":true,"href":"https:\/\/gazdasagportal.hu\/index.php\/wp-json\/wp\/v2\/tags?post=119475"}],"curies":[{"name":"wp","href":"https:\/\/api.w.org\/{rel}","templated":true}]}}