{"id":119467,"date":"2019-09-10T11:22:03","date_gmt":"2019-09-10T09:22:03","guid":{"rendered":"http:\/\/gazdasagportal.hu\/?p=119467"},"modified":"2019-09-10T11:22:03","modified_gmt":"2019-09-10T09:22:03","slug":"tiz-szazalekkal-tobb-e-matricat-vettek-iden-nyaron-mint-tavaly","status":"publish","type":"post","link":"https:\/\/gazdasagportal.hu\/index.php\/tiz-szazalekkal-tobb-e-matricat-vettek-iden-nyaron-mint-tavaly\/","title":{"rendered":"T\u00edz sz\u00e1zal\u00e9kkal t\u00f6bb e-matric\u00e1t vettek id\u00e9n ny\u00e1ron, mint tavaly"},"content":{"rendered":"<p><strong>T\u00edz sz\u00e1zal\u00e9kkal n\u0151tt az e-matrica elad\u00e1s a ny\u00e1ri id\u0151szakban a tavalyihoz k\u00e9pest &#8211; k\u00f6z\u00f6lte a Nemzeti \u00datd\u00edjfizet\u00e9si Szolg\u00e1ltat\u00f3 (N\u00daSZ) Zrt. vez\u00e9rigazgat\u00f3ja kedden az M1 aktu\u00e1lis csatorna \u00e9s a Kossuth r\u00e1di\u00f3 J\u00f3 reggelt, Magyarorsz\u00e1g! c\u00edm\u0171 k\u00f6z\u00f6s m\u0171sorblokkj\u00e1ban.<\/strong><!--more--><\/p>\n<div class=\"ads-in-post1\"><div id=\"gazdasagportal.hu_fullbanner_wideboard\"><\/div>\r\n<\/div>\n<p>    Bartal Tam\u00e1s azt mondta, id\u00e9n a heti aut\u00f3p\u00e1lya matrica v\u00e1s\u00e1rl\u00e1sa \u00f6t sz\u00e1zal\u00e9kkal visszaesett, de a t\u00f6bbi n\u0151tt, az \u00e9ves p\u00e9ld\u00e1ul 16 sz\u00e1zal\u00e9kkal.<br \/>\n    Ez a magyar gazdas\u00e1g n\u00f6veked\u00e9s\u00e9nek is k\u00f6sz\u00f6nhet\u0151, az embereknek ugyanis t\u00f6bb megtakar\u00edt\u00e1suk van &#8211; v\u00e9lekedett.<br \/>\n<div class=\"ads-in-post2\"><script async src=\"https:\/\/pagead2.googlesyndication.com\/pagead\/js\/adsbygoogle.js\"><\/script>\r\n<ins class=\"adsbygoogle\"\r\n     style=\"display:block\"\r\n     data-ad-format=\"fluid\"\r\n     data-ad-layout-key=\"-6t+ed+2i-1n-4w\"\r\n     data-ad-client=\"ca-pub-1959107119989764\"\r\n     data-ad-slot=\"4008251320\"><\/ins>\r\n<script>\r\n     (adsbygoogle = window.adsbygoogle || []).push({});\r\n<\/script><\/div>\n    Kit\u00e9rt arra is, minden \u00e9vben egyre t\u00f6bben v\u00e1s\u00e1rolnak online e-matric\u00e1t \u00e9s fizetnek e-\u00fatd\u00edjat, de a v\u00e1s\u00e1rl\u00f3k 70 sz\u00e1zal\u00e9ka m\u00e9g mindig ink\u00e1bb &#8222;pap\u00edralap\u00fat&#8221; vesz.<br \/>\n    Sokakat az rettent el az online v\u00e1s\u00e1rl\u00e1st\u00f3l, hogy nem kapnak r\u00f3la bizonylatot, de a N\u00daSZ fel\u00fcletein t\u00f6rt\u00e9n\u0151 v\u00e1s\u00e1rl\u00e1s biztons\u00e1gos, b\u00e1rmikor visszak\u00f6vethet\u0151 &#8211; hangs\u00falyozta.(MTI)<\/p>\n","protected":false},"excerpt":{"rendered":"<p>T\u00edz sz\u00e1zal\u00e9kkal n\u0151tt az e-matrica elad\u00e1s a ny\u00e1ri id\u0151szakban a tavalyihoz k\u00e9pest &#8211; k\u00f6z\u00f6lte a Nemzeti \u00datd\u00edjfizet\u00e9si Szolg\u00e1ltat\u00f3 (N\u00daSZ) Zrt. vez\u00e9rigazgat\u00f3ja kedden az M1 aktu\u00e1lis csatorna \u00e9s a Kossuth r\u00e1di\u00f3 J\u00f3 reggelt, Magyarorsz\u00e1g! c\u00edm\u0171 k\u00f6z\u00f6s m\u0171sorblokkj\u00e1ban.<\/p>\n","protected":false},"author":1,"featured_media":0,"comment_status":"closed","ping_status":"open","sticky":false,"template":"","format":"standard","meta":[],"categories":[4,19],"tags":[],"_links":{"self":[{"href":"https:\/\/gazdasagportal.hu\/index.php\/wp-json\/wp\/v2\/posts\/119467"}],"collection":[{"href":"https:\/\/gazdasagportal.hu\/index.php\/wp-json\/wp\/v2\/posts"}],"about":[{"href":"https:\/\/gazdasagportal.hu\/index.php\/wp-json\/wp\/v2\/types\/post"}],"author":[{"embeddable":true,"href":"https:\/\/gazdasagportal.hu\/index.php\/wp-json\/wp\/v2\/users\/1"}],"replies":[{"embeddable":true,"href":"https:\/\/gazdasagportal.hu\/index.php\/wp-json\/wp\/v2\/comments?post=119467"}],"version-history":[{"count":1,"href":"https:\/\/gazdasagportal.hu\/index.php\/wp-json\/wp\/v2\/posts\/119467\/revisions"}],"predecessor-version":[{"id":119468,"href":"https:\/\/gazdasagportal.hu\/index.php\/wp-json\/wp\/v2\/posts\/119467\/revisions\/119468"}],"wp:attachment":[{"href":"https:\/\/gazdasagportal.hu\/index.php\/wp-json\/wp\/v2\/media?parent=119467"}],"wp:term":[{"taxonomy":"category","embeddable":true,"href":"https:\/\/gazdasagportal.hu\/index.php\/wp-json\/wp\/v2\/categories?post=119467"},{"taxonomy":"post_tag","embeddable":true,"href":"https:\/\/gazdasagportal.hu\/index.php\/wp-json\/wp\/v2\/tags?post=119467"}],"curies":[{"name":"wp","href":"https:\/\/api.w.org\/{rel}","templated":true}]}}