{"id":119465,"date":"2019-09-10T10:18:40","date_gmt":"2019-09-10T08:18:40","guid":{"rendered":"http:\/\/gazdasagportal.hu\/?p=119465"},"modified":"2019-09-10T10:18:40","modified_gmt":"2019-09-10T08:18:40","slug":"the-washington-post-eloszor-fordul-elo-az-amerikai-tortenelemben-hogy-az-ujonnan-munkahoz-jutok-tobbsege-szines-boru","status":"publish","type":"post","link":"https:\/\/gazdasagportal.hu\/index.php\/the-washington-post-eloszor-fordul-elo-az-amerikai-tortenelemben-hogy-az-ujonnan-munkahoz-jutok-tobbsege-szines-boru\/","title":{"rendered":"The Washington Post: el\u0151sz\u00f6r fordul el\u0151 az amerikai t\u00f6rt\u00e9nelemben, hogy az \u00fajonnan munk\u00e1hoz jut\u00f3k t\u00f6bbs\u00e9ge sz\u00ednes b\u0151r\u0171"},"content":{"rendered":"<p><strong>El\u0151sz\u00f6r fordul el\u0151 az amerikai t\u00f6rt\u00e9nelemben, hogy az \u00fajonnan munk\u00e1hoz jut\u00f3k t\u00f6bbs\u00e9ge sz\u00ednes b\u0151r\u0171 &#8211; \u00e1llap\u00edtotta meg a The Washington Post c\u00edm\u0171 lap a h\u00e9tf\u0151n este az internetes oldal\u00e1n nyilv\u00e1noss\u00e1gra hozott elemz\u00e9s\u00e9ben.<\/strong><!--more--><\/p>\n<div class=\"ads-in-post1\"><div id=\"gazdasagportal.hu_fullbanner_wideboard\"><\/div>\r\n<\/div>\n<p>    A lap tanulm\u00e1nyozta a munka\u00fcgyi miniszt\u00e9rium adatait &#8211; amelyek 1970 \u00f3ta r\u00f6gz\u00edtik a munkav\u00e1llal\u00f3k hovatartoz\u00e1s\u00e1t is &#8211; \u00e9s ezek nyom\u00e1n \u00e1llap\u00edtotta meg, hogy &#8222;t\u00f6rt\u00e9nelmi \u00e1tt\u00f6r\u00e9s&#8221; tapasztalhat\u00f3 a munkaer\u0151piacon.<br \/>\n    El\u0151sz\u00f6r fordul el\u0151 ugyanis, hogy a 25 \u00e9s 54 \u00e9v k\u00f6z\u00f6tti, \u00fajonnan \u00e1ll\u00e1sba ker\u00fcltek t\u00f6bbs\u00e9ge a t\u00e1rsadalom afroamerikai, spanyolajk\u00fa, vagy m\u00e1s kisebbs\u00e9g\u00e9hez tartozik, \u00e9s figyelemre m\u00e9lt\u00f3 ar\u00e1nyban megn\u00f6vekedett az el\u0151sz\u00f6r munk\u00e1hoz jut\u00f3 kisebbs\u00e9gi n\u0151k ar\u00e1nya is. A tendencia &#8211; a lap munkat\u00e1rsainak elemz\u00e9se szerint &#8211; t\u00falnyom\u00f3r\u00e9szt \u00e9ppen a kisebbs\u00e9gi n\u0151knek k\u00f6sz\u00f6nhet\u0151, akik k\u00f6z\u00fcl m\u00e9g azok is \u00e1ll\u00e1shoz jutnak, akik kor\u00e1bban nem is gondoltak munkav\u00e1llal\u00e1sra.     A kisebbs\u00e9gi n\u0151k 2015-ben kezdtek megjelenni a munkaer\u0151piacon, \u00e9s ezzel egy\u00fattal megkezd\u0151d\u00f6tt az amerikai munkaer\u0151piac \u00f6sszet\u00e9tel\u00e9nek \u00e1talakul\u00e1sa is, hiszen &#8211; mint a lap \u00edrta &#8211; a b\u00e9bi boom idej\u00e9n sz\u00fcletett feh\u00e9rek eg\u00e9sz nemzed\u00e9kei vonultak nyugd\u00edjba.<br \/>\n<div class=\"ads-in-post2\"><script async src=\"https:\/\/pagead2.googlesyndication.com\/pagead\/js\/adsbygoogle.js\"><\/script>\r\n<ins class=\"adsbygoogle\"\r\n     style=\"display:block\"\r\n     data-ad-format=\"fluid\"\r\n     data-ad-layout-key=\"-6t+ed+2i-1n-4w\"\r\n     data-ad-client=\"ca-pub-1959107119989764\"\r\n     data-ad-slot=\"4008251320\"><\/ins>\r\n<script>\r\n     (adsbygoogle = window.adsbygoogle || []).push({});\r\n<\/script><\/div>\n    Ma 5,2 milli\u00f3val t\u00f6bben dolgoznak az Egyes\u00fclt \u00c1llamokban, mint 2016 v\u00e9g\u00e9n, \u00e9s k\u00f6z\u00fcl\u00fck az el\u0151sz\u00f6r munk\u00e1t v\u00e1llal\u00f3 kisebbs\u00e9giek sz\u00e1ma 4,5 milli\u00f3 &#8211; id\u00e9zte a munka\u00fcgyi miniszt\u00e9rium adatait a The Washington Post. Ennek magyar\u00e1zata a gazdas\u00e1gi szakemberek szerint a gazdas\u00e1g jelent\u0151s b\u0151v\u00fcl\u00e9se, amely b\u0151v\u00edtette a munkaer\u0151piaci lehet\u0151s\u00e9geket is.<br \/>\n    &#8222;Rendk\u00edv\u00fcl megn\u0151tt a munkav\u00e1llal\u00f3k sz\u00e1ma az alacsony j\u00f6vedelm\u0171 \u00e9s alacsonyan k\u00e9pzett amerikaiak k\u00f6r\u00e9ben&#8221; &#8211; nyilatkozta a lapnak Marianne Wanamaker, aki Donald Trump gazdas\u00e1gi tan\u00e1csad\u00f3 bizotts\u00e1g\u00e1nak tagja volt. A szakember hozz\u00e1f\u0171zte: de \u00e9ppen ez a munkav\u00e1llal\u00f3i csoport a legs\u00e9r\u00fcl\u00e9kenyebb egy esetleges gazdas\u00e1gi lassul\u00e1s miatti elbocs\u00e1t\u00e1sok eset\u00e9n.<br \/>\n    A politikusok \u00e9s politikai d\u00f6nt\u00e9shoz\u00f3k &#8211; k\u00f6zt\u00fck p\u00e9ld\u00e1ul a jegybank szerep\u00e9t ell\u00e1t\u00f3 k\u00f6zponti tartal\u00e9krendszer (Fed) vezet\u0151i is &#8211; azt hangoztatj\u00e1k, hogy elengedhetetlen a gazdas\u00e1g tov\u00e1bbi b\u0151v\u00fcl\u00e9se a munkahelyteremt\u00e9shez, amely lehet\u0151v\u00e9 teszi az amerikai munkav\u00e1llal\u00f3k sz\u00e1m\u00e1ra az anyagi, p\u00e9nz\u00fcgyi biztons\u00e1got is. Ez k\u00fcl\u00f6n\u00f6sen \u00e9rv\u00e9nyes a kisebbs\u00e9gi csal\u00e1dokra, amelyek \u00e1ltal\u00e1ban is kevesebbet keresnek.<br \/>\n    A The Washington Post \u00e1ltal k\u00f6z\u00f6lt &#8211; a Fedt\u0151l sz\u00e1rmaz\u00f3 &#8211; adatok szerint egy tipikus amerikai feh\u00e9r csal\u00e1d \u00e9vi \u00e1tlagos nett\u00f3 j\u00f6vedelme mintegy 170 ezer doll\u00e1r. Az \u00e1tlagos afroamerikai, vagy spanyolajk\u00fa fam\u00edlia \u00e9vente kevesebb, mint 21 ezer doll\u00e1ros nett\u00f3 bev\u00e9telt k\u00f6nyvelhet el.(MTI)<\/p>\n","protected":false},"excerpt":{"rendered":"<p>El\u0151sz\u00f6r fordul el\u0151 az amerikai t\u00f6rt\u00e9nelemben, hogy az \u00fajonnan munk\u00e1hoz jut\u00f3k t\u00f6bbs\u00e9ge sz\u00ednes b\u0151r\u0171 &#8211; \u00e1llap\u00edtotta meg a The Washington Post c\u00edm\u0171 lap a h\u00e9tf\u0151n este az internetes oldal\u00e1n nyilv\u00e1noss\u00e1gra hozott elemz\u00e9s\u00e9ben.<\/p>\n","protected":false},"author":1,"featured_media":0,"comment_status":"closed","ping_status":"open","sticky":false,"template":"","format":"standard","meta":[],"categories":[13],"tags":[],"_links":{"self":[{"href":"https:\/\/gazdasagportal.hu\/index.php\/wp-json\/wp\/v2\/posts\/119465"}],"collection":[{"href":"https:\/\/gazdasagportal.hu\/index.php\/wp-json\/wp\/v2\/posts"}],"about":[{"href":"https:\/\/gazdasagportal.hu\/index.php\/wp-json\/wp\/v2\/types\/post"}],"author":[{"embeddable":true,"href":"https:\/\/gazdasagportal.hu\/index.php\/wp-json\/wp\/v2\/users\/1"}],"replies":[{"embeddable":true,"href":"https:\/\/gazdasagportal.hu\/index.php\/wp-json\/wp\/v2\/comments?post=119465"}],"version-history":[{"count":1,"href":"https:\/\/gazdasagportal.hu\/index.php\/wp-json\/wp\/v2\/posts\/119465\/revisions"}],"predecessor-version":[{"id":119466,"href":"https:\/\/gazdasagportal.hu\/index.php\/wp-json\/wp\/v2\/posts\/119465\/revisions\/119466"}],"wp:attachment":[{"href":"https:\/\/gazdasagportal.hu\/index.php\/wp-json\/wp\/v2\/media?parent=119465"}],"wp:term":[{"taxonomy":"category","embeddable":true,"href":"https:\/\/gazdasagportal.hu\/index.php\/wp-json\/wp\/v2\/categories?post=119465"},{"taxonomy":"post_tag","embeddable":true,"href":"https:\/\/gazdasagportal.hu\/index.php\/wp-json\/wp\/v2\/tags?post=119465"}],"curies":[{"name":"wp","href":"https:\/\/api.w.org\/{rel}","templated":true}]}}