{"id":119449,"date":"2019-09-09T16:29:28","date_gmt":"2019-09-09T14:29:28","guid":{"rendered":"http:\/\/gazdasagportal.hu\/?p=119449"},"modified":"2019-09-09T15:30:13","modified_gmt":"2019-09-09T13:30:13","slug":"matolcsy-gyorgy-ujabb-irasaban-vitaba-szallt-varga-mihaly-kijelenteseivel","status":"publish","type":"post","link":"https:\/\/gazdasagportal.hu\/index.php\/matolcsy-gyorgy-ujabb-irasaban-vitaba-szallt-varga-mihaly-kijelenteseivel\/","title":{"rendered":"Matolcsy Gy\u00f6rgy \u00fajabb \u00edr\u00e1s\u00e1ban vit\u00e1ba sz\u00e1llt Varga Mih\u00e1ly kijelent\u00e9seivel"},"content":{"rendered":"<p><strong>Mi\u00e9rt is ne lehetne k\u00e9ts\u00e9gbe vonni egy p\u00e9nz\u00fcgyminiszter szavait, ha ellentmondanak a nemzet v\u00e1gyainak \u00e9s a hivatalban l\u00e9v\u0151 korm\u00e1ny terveinek? &#8211; tette fel a k\u00e9rd\u00e9st a jegybankeln\u00f6k leg\u00fajabb \u00edr\u00e1s\u00e1ban, amelyben vit\u00e1ba sz\u00e1llt a p\u00e9nz\u00fcgyminiszter n\u00e9h\u00e1ny kor\u00e1bbi kijelent\u00e9s\u00e9vel.<\/strong><!--more--><\/p>\n<div class=\"ads-in-post1\"><div id=\"gazdasagportal.hu_fullbanner_wideboard\"><\/div>\r\n<\/div>\n<p>    Matolcsy Gy\u00f6rgy szerint Varga Mih\u00e1ly a m\u00falt heti K\u00f6zgazd\u00e1sz V\u00e1ndorgy\u0171l\u00e9sen arr\u00f3l besz\u00e9lt, hogy &#8222;v\u00e9ge van az \u00faj magyar Aranykornak, ennyi volt, h\u00e9t \u00e9vig tartott, de most v\u00e9ge van, mint a botnak&#8221;. &#8222;J\u00f3 h\u00edrem van: nincs v\u00e9ge, m\u00e9g \u00e9vtizedekig tart, \u00e9s a v\u00e9g\u00e9n sikeresen felz\u00e1rk\u00f3zunk a nyugati fejletts\u00e9ghez \u00e9s \u00e9letmin\u0151s\u00e9ghez&#8221; &#8211; \u00edrta. Optimizmus\u00e1t a gyors gazdas\u00e1gi b\u0151v\u00fcl\u00e9sre \u00e9s az ezt megel\u0151z\u0151en szavai szerint az Eur\u00f3pai Uni\u00f3 leggyorsabb \u00e9s legjobb v\u00e1ls\u00e1gkezel\u00e9s\u00e9re (2010-2012 k\u00f6z\u00f6tt) alap\u00edtotta.<br \/>\n    Magyarorsz\u00e1g ennek k\u00f6sz\u00f6nhet\u0151en dinamikusan k\u00f6zeledett (2013-2019) a d\u00e9li \u00e1llamokhoz, az \u00e9szakiakhoz, a franci\u00e1khoz, a hollandokhoz, Ausztri\u00e1hoz \u00e9s N\u00e9metorsz\u00e1ghoz egyar\u00e1nt &#8211; \u00edrta a n\u00f6veked\u00e9s.hu-n. A felz\u00e1rk\u00f3z\u00e1s folytathat\u00f3, mert &#8222;r\u00e1tal\u00e1ltunk a receptre \u00e9s kreat\u00edvan meg\u00faj\u00edtjuk a magyar modellt. Az\u00e9rt, mert n\u00e1lunk a politika versenyel\u0151ny \u00e9s nem versenyh\u00e1tr\u00e1ny. Az\u00e9rt, mert j\u00f3l \u00f6tv\u00f6zz\u00fck az \u00e1llam \u00e9s a piac eszk\u00f6zeit, a hagyom\u00e1nyos \u00e9s a nem-hagyom\u00e1nyos megold\u00e1sokat&#8221; &#8211; \u00edrta.<br \/>\n    Matolcsy Gy\u00f6rgy szerint Varga Mih\u00e1ly azt is mondta, hogy a n\u00e9met gazdas\u00e1gi lassul\u00e1s nem gy\u0171r\u0171zik be a magyar gazdas\u00e1gba. &#8222;T\u00e9nyleg? Ezt m\u00e1r hallottuk az 1970-es \u00e9vtized k\u00e9t k\u0151olaj \u00e1rrobban\u00e1s\u00e1n\u00e1l: a t\u00e9nyeket ismerj\u00fck. Nem kellene ink\u00e1bb felk\u00e9sz\u00fclni, ha esetleg m\u00e9gis hatna r\u00e1nk a n\u00e9met gazdas\u00e1g megtorpan\u00e1sa&#8221; &#8211; tette fel a k\u00e9rd\u00e9st.<br \/>\n<div class=\"ads-in-post2\"><script async src=\"https:\/\/pagead2.googlesyndication.com\/pagead\/js\/adsbygoogle.js\"><\/script>\r\n<ins class=\"adsbygoogle\"\r\n     style=\"display:block\"\r\n     data-ad-format=\"fluid\"\r\n     data-ad-layout-key=\"-6t+ed+2i-1n-4w\"\r\n     data-ad-client=\"ca-pub-1959107119989764\"\r\n     data-ad-slot=\"4008251320\"><\/ins>\r\n<script>\r\n     (adsbygoogle = window.adsbygoogle || []).push({});\r\n<\/script><\/div>\n    Matolcsy Gy\u00f6rgy \u00fagy v\u00e9lte, hogy Varga Mih\u00e1ly harmadik \u00e1ll\u00edt\u00e1sa ezeken is t\u00faltesz, &#8222;ez m\u00e1r valami m\u00e1s&#8221;. &#8222;Miniszter\u00fcnk szerint a forint \u00e1rfolyam\u00e1nak stabilnak kell lennie. Mi lenne a miniszter szerint a stabil \u00e1rfolyam: 330\/320\/310 vagy 300 forint\/eur\u00f3, esetleg 240 forint\/eur\u00f3, mint 2008 tavasz\u00e1n? Ha van a miniszternek \u00e1rfolyamc\u00e9lja, akkor az elm\u00falt \u00e9vekben is bizony\u00e1ra volt: akkor mi\u00e9rt nem \u00e9rte el? Nem akarta, nem tudta, esetleg csak mondta, de nem csin\u00e1lta?&#8221; &#8211; k\u00e9rdezte.<br \/>\n    Megjegyezte, hogy szemben a p\u00e9nz\u00fcgyminiszterrel, a magyar jegybanknak nincs \u00e1rfolyam c\u00e9lja, mert tartja mag\u00e1t az MNB t\u00f6rv\u00e9ny el\u0151\u00edr\u00e1saihoz. A teljes \u00e1rstabilit\u00e1st \u0151rzi, r\u00e1ad\u00e1sul m\u00e1sokkal szemben el\u00e9ri infl\u00e1ci\u00f3s c\u00e9lj\u00e1t. Nem a benzin, g\u00e1zolaj, forint, r\u00e9szv\u00e9nyek, lak\u00e1sok, az alma vagy a k\u00f6rte \u00e1r\u00e1nak a v\u00e1ltozatlan szintj\u00e9t pr\u00f3b\u00e1lja megtartani, ha megpr\u00f3b\u00e1ln\u00e1, abb\u00f3l nagy baj lenne &#8211; hangs\u00falyozta Matolcsy Gy\u00f6rgy.<br \/>\n    &#8222;K\u00e9rdezz\u00fck meg a minisztert, ha m\u00e1r van &#8211; helytelen\u00fcl &#8211; valamilyen kedvenc \u00e1rfolyam szintje, amit stabilan akar tartani, akkor mit k\u00edv\u00e1n tenni ennek el\u00e9r\u00e9se \u00e9rdek\u00e9ben&#8221; &#8211; fogalmazott. Ironikusan felteszi a k\u00e9rd\u00e9st: &#8222;Ugye nem kezdem\u00e9nyezi az \u00e1rfolyam r\u00f6gz\u00edt\u00e9s\u00e9t? Nem hiszi, hogy a forint \u00e1rfolyam\u00e1t mozgat\u00f3 t\u00f6r\u00f6k, d\u00e9l-afrikai, argentin \u00e9s egy\u00e9b esem\u00e9nyeket ir\u00e1ny\u00edtani tudja? Ugye nem gondolja, hogy a forintot t\u00e1mad\u00f3kat egy dics\u00e9r\u0151 oklev\u00e9llel megf\u00e9kezheti?<br \/>\nUgye azt sem hiszi, hogy haszn\u00e1l Magyarorsz\u00e1gnak, ha &#8211; nem el\u0151sz\u00f6r &#8211; meggondolatlanul besz\u00e9l a forint \u00e1rfolyam\u00e1r\u00f3l?&#8221;.<br \/>\n    A jegybankeln\u00f6k v\u00e9gezet\u00fcl a Talmudb\u00f3l id\u00e9z, \u00e9s azt javasolja, hogy Varga Mih\u00e1ly hallgasson az \u0151si b\u00f6lcsess\u00e9gre: &#8222;Vigy\u00e1zz a gondolataidra, mert szavak lesznek bel\u0151l\u00fck, vigy\u00e1zz a szavakra, mert tettek lesznek bel\u0151l\u00fck, vigy\u00e1zz a tetteidre, mert a szem\u00e9lyis\u00e9ged l\u00e9p el\u0151 bel\u0151l\u00fck \u00e9s vigy\u00e1zz az egy\u00e9nis\u00e9gedre, mert a sorsod lesz bel\u0151le.&#8221;(MTI)<\/p>\n","protected":false},"excerpt":{"rendered":"<p>Mi\u00e9rt is ne lehetne k\u00e9ts\u00e9gbe vonni egy p\u00e9nz\u00fcgyminiszter szavait, ha ellentmondanak a nemzet v\u00e1gyainak \u00e9s a hivatalban l\u00e9v\u0151 korm\u00e1ny terveinek? &#8211; tette fel a k\u00e9rd\u00e9st a jegybankeln\u00f6k leg\u00fajabb \u00edr\u00e1s\u00e1ban, amelyben vit\u00e1ba sz\u00e1llt a p\u00e9nz\u00fcgyminiszter n\u00e9h\u00e1ny kor\u00e1bbi kijelent\u00e9s\u00e9vel.<\/p>\n","protected":false},"author":1,"featured_media":0,"comment_status":"closed","ping_status":"open","sticky":false,"template":"","format":"standard","meta":[],"categories":[4,19],"tags":[],"_links":{"self":[{"href":"https:\/\/gazdasagportal.hu\/index.php\/wp-json\/wp\/v2\/posts\/119449"}],"collection":[{"href":"https:\/\/gazdasagportal.hu\/index.php\/wp-json\/wp\/v2\/posts"}],"about":[{"href":"https:\/\/gazdasagportal.hu\/index.php\/wp-json\/wp\/v2\/types\/post"}],"author":[{"embeddable":true,"href":"https:\/\/gazdasagportal.hu\/index.php\/wp-json\/wp\/v2\/users\/1"}],"replies":[{"embeddable":true,"href":"https:\/\/gazdasagportal.hu\/index.php\/wp-json\/wp\/v2\/comments?post=119449"}],"version-history":[{"count":1,"href":"https:\/\/gazdasagportal.hu\/index.php\/wp-json\/wp\/v2\/posts\/119449\/revisions"}],"predecessor-version":[{"id":119450,"href":"https:\/\/gazdasagportal.hu\/index.php\/wp-json\/wp\/v2\/posts\/119449\/revisions\/119450"}],"wp:attachment":[{"href":"https:\/\/gazdasagportal.hu\/index.php\/wp-json\/wp\/v2\/media?parent=119449"}],"wp:term":[{"taxonomy":"category","embeddable":true,"href":"https:\/\/gazdasagportal.hu\/index.php\/wp-json\/wp\/v2\/categories?post=119449"},{"taxonomy":"post_tag","embeddable":true,"href":"https:\/\/gazdasagportal.hu\/index.php\/wp-json\/wp\/v2\/tags?post=119449"}],"curies":[{"name":"wp","href":"https:\/\/api.w.org\/{rel}","templated":true}]}}