{"id":119423,"date":"2019-09-08T15:59:00","date_gmt":"2019-09-08T13:59:00","guid":{"rendered":"http:\/\/gazdasagportal.hu\/?p=119423"},"modified":"2019-09-08T11:59:43","modified_gmt":"2019-09-08T09:59:43","slug":"heti-makronaptar-inflacios-ipari-es-allamhaztartasi-adatok-varhatok-a-jovo-heten-3","status":"publish","type":"post","link":"https:\/\/gazdasagportal.hu\/index.php\/heti-makronaptar-inflacios-ipari-es-allamhaztartasi-adatok-varhatok-a-jovo-heten-3\/","title":{"rendered":"Heti makronapt\u00e1r &#8211; Infl\u00e1ci\u00f3s, ipari \u00e9s \u00e1llamh\u00e1ztart\u00e1si adatok v\u00e1rhat\u00f3k a j\u00f6v\u0151 h\u00e9ten"},"content":{"rendered":"<p><strong>T\u00f6bb statisztikai adat is megjelenik a k\u00f6vetkez\u0151 h\u00e9ten, k\u00f6z\u00fcl\u00fck kiemelkedik az augusztusi infl\u00e1ci\u00f3s adat \u00e9s a j\u00faliusi ipari termel\u00e9s m\u00e1sodik becsl\u00e9se, valamint az \u00e1llamh\u00e1ztart\u00e1s k\u00f6zponti alrendszer\u00e9nek  augusztus v\u00e9gi helyzet\u00e9r\u0151l sz\u00f3l\u00f3 gyorst\u00e1j\u00e9koztat\u00f3.<\/strong><!--more--><\/p>\n<div class=\"ads-in-post1\"><div id=\"gazdasagportal.hu_fullbanner_wideboard\"><\/div>\r\n<\/div>\n<p>    H\u00e9tf\u0151n k\u00f6zli a P\u00e9nz\u00fcgyminiszt\u00e9rium (PM) az \u00e1llamh\u00e1ztart\u00e1s k\u00f6zponti alrendszer\u00e9nek augusztus v\u00e9gi helyzet\u00e9r\u0151l sz\u00f3l\u00f3 gyorst\u00e1j\u00e9koztat\u00f3j\u00e1t. A gazdas\u00e1g teljes\u00edtm\u00e9ny\u00e9nek k\u00f6sz\u00f6nhet\u0151en id\u00e9n j\u00faliusban 37,2 milli\u00e1rd forint t\u00f6bblettel z\u00e1rt a k\u00f6lts\u00e9gvet\u00e9s, az \u00e1llamh\u00e1ztart\u00e1s &#8211; \u00f6nkorm\u00e1nyzatok n\u00e9lk\u00fcli &#8211; k\u00f6zponti alrendszer\u00e9nek els\u0151 h\u00e9thavi hi\u00e1nya 352,7 milli\u00e1rd forint lett. A h\u00e9thavi hi\u00e1ny az \u00e9ves el\u0151ir\u00e1nyzat 35,3 sz\u00e1zal\u00e9ka, \u00edgy a 2019 eg\u00e9sz\u00e9re kit\u0171z\u00f6tt 1,8 sz\u00e1zal\u00e9kos GDP-ar\u00e1nyos hi\u00e1nyc\u00e9l tov\u00e1bbra is teljes\u00edthet\u0151.<br \/>\n    Kedden a K\u00f6zponti Statisztikai Hivatal (KSH) publik\u00e1lja a fogyaszt\u00f3i \u00e1rak augusztusi statisztik\u00e1j\u00e1t. A fogyaszt\u00f3i \u00e1rak j\u00faliusban \u00e1tlagosan 3,3 sz\u00e1zal\u00e9kkal voltak magasabbak, mint egy \u00e9vvel kor\u00e1bban, j\u00faniushoz viszony\u00edtva \u00e1tlagosan 0,2 sz\u00e1zal\u00e9kkal emelkedtek az \u00e1rak. Az infl\u00e1ci\u00f3 tov\u00e1bb m\u00e9rs\u00e9kl\u0151d\u00f6tt a j\u00faniusi 3,4 \u00e9s a m\u00e1jusi 3,9 sz\u00e1zal\u00e9kr\u00f3l. Az \u00e9ves maginfl\u00e1ci\u00f3 is cs\u00f6kkent 3,7 sz\u00e1zal\u00e9kra a j\u00faniusi 3,8, \u00e9s a m\u00e1jusi 4,0 sz\u00e1zal\u00e9kr\u00f3l. A janu\u00e1r-j\u00faliusi id\u0151szakban a fogyaszt\u00f3i \u00e1rak \u00e1tlagosan 3,4 sz\u00e1zal\u00e9kkal haladt\u00e1k meg az el\u0151z\u0151 \u00e9v azonos id\u0151szak\u00e1ban m\u00e9rt szintet.<br \/>\n<div class=\"ads-in-post2\"><script async src=\"https:\/\/pagead2.googlesyndication.com\/pagead\/js\/adsbygoogle.js\"><\/script>\r\n<ins class=\"adsbygoogle\"\r\n     style=\"display:block\"\r\n     data-ad-format=\"fluid\"\r\n     data-ad-layout-key=\"-6t+ed+2i-1n-4w\"\r\n     data-ad-client=\"ca-pub-1959107119989764\"\r\n     data-ad-slot=\"4008251320\"><\/ins>\r\n<script>\r\n     (adsbygoogle = window.adsbygoogle || []).push({});\r\n<\/script><\/div>\n    Szerd\u00e1n a kereskedelmi sz\u00e1ll\u00e1shelyek j\u00faliusi forgalmi adatait teszi k\u00f6zz\u00e9 a KSH. J\u00faniusban a k\u00fclf\u00f6ldi vend\u00e9gek sz\u00e1ma 5,0, a vend\u00e9g\u00e9jszak\u00e1k\u00e9 3,7 sz\u00e1zal\u00e9kkal, a belf\u00f6ldi vend\u00e9gek sz\u00e1ma 2,8, a vend\u00e9g\u00e9jszak\u00e1k sz\u00e1ma 3,8 sz\u00e1zal\u00e9kkal haladta meg az egy \u00e9vvel kor\u00e1bbit. A vend\u00e9g\u00e9jszak\u00e1k sz\u00e1ma egy\u00fcttesen 3,7 sz\u00e1zal\u00e9kkal haladta meg a tavaly j\u00faniusit. A kereskedelmi sz\u00e1ll\u00e1shelyek foly\u00f3 \u00e1ron sz\u00e1molt \u00f6sszes brutt\u00f3 \u00e1rbev\u00e9tele 13,3 sz\u00e1zal\u00e9kkal, 53,595 milli\u00e1rd forintra emelkedett.<br \/>\n    Szint\u00e9n szerd\u00e1n jelenik meg a Monet\u00e1ris Tan\u00e1cs augusztus 27-i \u00fcl\u00e9s\u00e9nek r\u00f6vid\u00edtett jegyz\u0151k\u00f6nyve.<br \/>\n    Cs\u00fct\u00f6rt\u00f6k\u00f6n a j\u00faliusi ipari termel\u00e9s m\u00e1sodik becsl\u00e9s\u00e9t teszi k\u00f6zz\u00e9 a KSH. Az els\u0151 becsl\u00e9s szerint az ipari termel\u00e9s volumene j\u00faliusban az el\u0151z\u0151 havi cs\u00f6kken\u00e9s ut\u00e1n 12,0 sz\u00e1zal\u00e9kkal meghaladta az egy \u00e9vvel kor\u00e1bbit, a munkanaphat\u00e1st\u00f3l megtiszt\u00edtott adatok szerint 8,7 sz\u00e1zal\u00e9kkal emelkedett. Az \u00e9v els\u0151 h\u00e9t h\u00f3napj\u00e1ban 6,3 sz\u00e1zal\u00e9kkal volt nagyobb a termel\u00e9s, mint az el\u0151z\u0151 \u00e9v azonos id\u0151szak\u00e1ban.<br \/>\n    P\u00e9nteken jelennek meg az \u00e9p\u00edt\u0151ipari termel\u00e9s j\u00faliusi adatai. J\u00faniusban az \u00e9p\u00edt\u0151ipari termel\u00e9s 20,3 sz\u00e1zal\u00e9kkal haladta meg az egy \u00e9vvel kor\u00e1bbit. A m\u00e1jusihoz m\u00e9rten 1,7 sz\u00e1zal\u00e9kkal n\u0151tt az \u00e9p\u00edt\u0151ipar szezon\u00e1lisan \u00e9s munkanaphat\u00e1ssal kiigaz\u00edtott termel\u00e9se. Az \u00e9p\u00fcletek \u00e9p\u00edt\u00e9se j\u00faniusban 23,5 sz\u00e1zal\u00e9kkal, az egy\u00e9b \u00e9p\u00edtm\u00e9nyek\u00e9 16,5 sz\u00e1zal\u00e9kkal n\u0151tt. Az \u00e9p\u00fcletekn\u00e9l az ipari \u00e9s rakt\u00e1r\u00e9p\u00fcletek \u00e9p\u00edt\u00e9se, az egy\u00e9b \u00e9p\u00edtm\u00e9nyekn\u00e9l pedig az \u00fat-, vas\u00fat- \u00e9s k\u00f6zm\u0171\u00e9p\u00edt\u00e9sek eredm\u00e9nyezt\u00e9k a n\u00f6veked\u00e9st. Az els\u0151 f\u00e9l\u00e9vben 35,1 sz\u00e1zal\u00e9kkal emelkedett az \u00e9p\u00edt\u0151ipar termel\u00e9se az el\u0151z\u0151 \u00e9v azonos id\u0151szak\u00e1hoz viszony\u00edtva a tavalyi 21,3 sz\u00e1zal\u00e9kos n\u00f6veked\u00e9s ut\u00e1n.(MTI)<\/p>\n","protected":false},"excerpt":{"rendered":"<p>T\u00f6bb statisztikai adat is megjelenik a k\u00f6vetkez\u0151 h\u00e9ten, k\u00f6z\u00fcl\u00fck kiemelkedik az augusztusi infl\u00e1ci\u00f3s adat \u00e9s a j\u00faliusi ipari termel\u00e9s m\u00e1sodik becsl\u00e9se, valamint az \u00e1llamh\u00e1ztart\u00e1s k\u00f6zponti alrendszer\u00e9nek augusztus v\u00e9gi helyzet\u00e9r\u0151l sz\u00f3l\u00f3 gyorst\u00e1j\u00e9koztat\u00f3.<\/p>\n","protected":false},"author":1001003,"featured_media":0,"comment_status":"closed","ping_status":"open","sticky":false,"template":"","format":"standard","meta":[],"categories":[19],"tags":[],"_links":{"self":[{"href":"https:\/\/gazdasagportal.hu\/index.php\/wp-json\/wp\/v2\/posts\/119423"}],"collection":[{"href":"https:\/\/gazdasagportal.hu\/index.php\/wp-json\/wp\/v2\/posts"}],"about":[{"href":"https:\/\/gazdasagportal.hu\/index.php\/wp-json\/wp\/v2\/types\/post"}],"author":[{"embeddable":true,"href":"https:\/\/gazdasagportal.hu\/index.php\/wp-json\/wp\/v2\/users\/1001003"}],"replies":[{"embeddable":true,"href":"https:\/\/gazdasagportal.hu\/index.php\/wp-json\/wp\/v2\/comments?post=119423"}],"version-history":[{"count":1,"href":"https:\/\/gazdasagportal.hu\/index.php\/wp-json\/wp\/v2\/posts\/119423\/revisions"}],"predecessor-version":[{"id":119424,"href":"https:\/\/gazdasagportal.hu\/index.php\/wp-json\/wp\/v2\/posts\/119423\/revisions\/119424"}],"wp:attachment":[{"href":"https:\/\/gazdasagportal.hu\/index.php\/wp-json\/wp\/v2\/media?parent=119423"}],"wp:term":[{"taxonomy":"category","embeddable":true,"href":"https:\/\/gazdasagportal.hu\/index.php\/wp-json\/wp\/v2\/categories?post=119423"},{"taxonomy":"post_tag","embeddable":true,"href":"https:\/\/gazdasagportal.hu\/index.php\/wp-json\/wp\/v2\/tags?post=119423"}],"curies":[{"name":"wp","href":"https:\/\/api.w.org\/{rel}","templated":true}]}}