{"id":119419,"date":"2019-09-08T11:35:56","date_gmt":"2019-09-08T09:35:56","guid":{"rendered":"http:\/\/gazdasagportal.hu\/?p=119419"},"modified":"2019-09-08T10:58:55","modified_gmt":"2019-09-08T08:58:55","slug":"a-varakozasokkal-szemben-csokkent-kina-exportja-augusztusban","status":"publish","type":"post","link":"https:\/\/gazdasagportal.hu\/index.php\/a-varakozasokkal-szemben-csokkent-kina-exportja-augusztusban\/","title":{"rendered":"A v\u00e1rakoz\u00e1sokkal szemben cs\u00f6kkent K\u00edna exportja augusztusban"},"content":{"rendered":"<p><strong>Az elemz\u0151i el\u0151rejelz\u00e9sekkel szemben cs\u00f6kkent K\u00edna doll\u00e1rban sz\u00e1molt exportja , m\u00edg a behozatal a v\u00e1rakoz\u00e1sokhoz k\u00e9pest kisebb m\u00e9rt\u00e9kben cs\u00f6kkent augusztusban.<\/strong><!--more--><\/p>\n<div class=\"ads-in-post1\"><div id=\"gazdasagportal.hu_fullbanner_wideboard\"><\/div>\r\n<\/div>\n<p>    A k\u00ednai v\u00e1mszolg\u00e1lat vas\u00e1rnap k\u00f6zz\u00e9tett adatai szerint \u00e9ves \u00f6sszevet\u00e9sben az orsz\u00e1g kivitel\u00e9nek doll\u00e1rban sz\u00e1m\u00edtott \u00e9rt\u00e9ke augusztusban 1 sz\u00e1zal\u00e9kkal esett vissza, szemben a 2 sz\u00e1zal\u00e9kos n\u00f6veked\u00e9st j\u00f3sl\u00f3 el\u0151rejelz\u00e9sekkel. Szak\u00e9rt\u0151k a j\u00faliusi 3,3 sz\u00e1zal\u00e9kos b\u0151v\u00fcl\u00e9s ut\u00e1n csup\u00e1n a n\u00f6veked\u00e9s enyhe lassul\u00e1s\u00e1ra sz\u00e1m\u00edtottak.<br \/>\n    Az import eset\u00e9ben elemz\u0151k 6 sz\u00e1zal\u00e9kos visszaes\u00e9ssel sz\u00e1moltak, a behozatal doll\u00e1rban sz\u00e1m\u00edtott \u00e9rt\u00e9ke azonban enyh\u00e9bb m\u00e9rt\u00e9kben, 5,6 sz\u00e1zal\u00e9kkal m\u00e9rs\u00e9kl\u0151d\u00f6tt a tavalyi \u00e9v azonos id\u0151szak\u00e1hoz k\u00e9pest, ezzel megism\u00e9telve a j\u00faliusban m\u00e9rt adatot. Az import \u00e1prilis \u00f3ta, imm\u00e1r negyedik h\u00f3napja folyamatosan cs\u00f6kken.<br \/>\n    A k\u00ednai k\u00fclkereskedelmi m\u00e9rleg 34,84 milli\u00e1rd doll\u00e1ros t\u00f6bblettel z\u00e1rt augusztusban, a j\u00faliusi 45,06 milli\u00e1rd doll\u00e1ros szufficit ut\u00e1n. A k\u00fclkereskedelmi t\u00f6bblet ezzel a tavalyi \u00e9v azonos id\u0151szak\u00e1hoz k\u00e9pest 32,5 sz\u00e1zal\u00e9kkal emelkedett.<br \/>\n    A politikailag \u00e9rz\u00e9keny amerikai rel\u00e1ci\u00f3ban a k\u00fclkereskedelmi t\u00f6bblet K\u00edna jav\u00e1ra 26,95 milli\u00e1rd doll\u00e1r volt a m\u00falt h\u00f3napban, ezzel az \u00e9v els\u0151 nyolc h\u00f3napj\u00e1ban \u00f6sszesen 195,45 milli\u00e1rd doll\u00e1rt \u00e9rt el.<br \/>\n    J\u00fcanban sz\u00e1molva az export \u00e9rt\u00e9ke \u00e9ves \u00f6sszevet\u00e9sben 2,6 sz\u00e1zal\u00e9kkal emelkedett, m\u00edg az import \u00e9rt\u00e9ke ugyanennyivel cs\u00f6kkent augusztusban. A k\u00fclkereskedelmi akt\u00edvum 239,6 milli\u00e1rd j\u00fcant \u00e9rt el, 41,8 sz\u00e1zal\u00e9kkal b\u0151v\u00fclve a tavalyi \u00e9v azonos id\u0151szak\u00e1hoz k\u00e9pest.<br \/>\n<div class=\"ads-in-post2\"><script async src=\"https:\/\/pagead2.googlesyndication.com\/pagead\/js\/adsbygoogle.js\"><\/script>\r\n<ins class=\"adsbygoogle\"\r\n     style=\"display:block\"\r\n     data-ad-format=\"fluid\"\r\n     data-ad-layout-key=\"-6t+ed+2i-1n-4w\"\r\n     data-ad-client=\"ca-pub-1959107119989764\"\r\n     data-ad-slot=\"4008251320\"><\/ins>\r\n<script>\r\n     (adsbygoogle = window.adsbygoogle || []).push({});\r\n<\/script><\/div>\n    K\u00edna legnagyobb k\u00fclkereskedelmi partnere tov\u00e1bbra is az Eur\u00f3pai Uni\u00f3, a k\u00e9toldali kereskedelem j\u00fcanban sz\u00e1molt \u00e9rt\u00e9ke \u00e9ves \u00f6sszevet\u00e9sben 9,7 sz\u00e1zal\u00e9kkal, 3150 milli\u00e1rd j\u00fcanra emelkedett.<br \/>\n    A D\u00e9lkelet-\u00e1zsiai Orsz\u00e1gok Sz\u00f6vets\u00e9ge (ASEAN) ut\u00e1n K\u00edna harmadik legnagyobb k\u00fclkereskedelmi partnere az Egyes\u00fclt \u00c1llamok, a vele folytatott k\u00e9toldali kereskedelem \u00e9rt\u00e9ke azonban a tavalyi \u00e9v azonos id\u0151szak\u00e1hoz k\u00e9pest 9 sz\u00e1zal\u00e9kkal, 2420 milli\u00e1rd j\u00fcanra cs\u00f6kkent.<br \/>\n    Augusztusban tov\u00e1bb m\u00e9rgesedett az Egyes\u00fclt \u00c1llamok \u00e9s K\u00edna k\u00f6z\u00f6tt d\u00fal\u00f3 kereskedelmi h\u00e1bor\u00fa: Washington \u00fajabb k\u00ednai \u00e1rucikkekre vetett ki 15 sz\u00e1zal\u00e9kos p\u00f3tv\u00e1mokat szeptember 1-\u00e9t\u0151l, mire Peking v\u00e1laszl\u00e9p\u00e9sk\u00e9nt 5 \u00e9s 10 sz\u00e1zal\u00e9kos b\u00fcntet\u0151v\u00e1mokat vezetett be egyes amerikai \u00e1rucikkekre, a k\u00ednai jegybank pedig t\u00f6rt\u00e9nelmi m\u00e9lypontra engedte visszaesni a j\u00fcant a doll\u00e1rral szemben.<br \/>\n    A k\u00e9t f\u00e9l cs\u00fct\u00f6rt\u00f6k\u00f6n abban \u00e1llapodott meg, hogy t\u00e1rgyal\u00f3ik okt\u00f3ber elej\u00e9n Washingtonban tal\u00e1lkoznak ism\u00e9t a kereskedelmi t\u00e1rgyal\u00e1sok \u00fajabb fordul\u00f3j\u00e1ra, \u00e1m megfigyel\u0151k kev\u00e9s es\u00e9lyt l\u00e1tnak arra, hogy komoly el\u0151rel\u00e9p\u00e9s t\u00f6rt\u00e9njen egy esetleges meg\u00e1llapod\u00e1s ir\u00e1ny\u00e1ba.<br \/>\n    Okt\u00f3ber 1-\u00e9t\u0151l \u00e9s december 15-\u00e9t\u0151l \u00fajabb amerikai p\u00f3tv\u00e1mok l\u00e9pnek \u00e9letbe, m\u00edg a Peking r\u00e9sz\u00e9r\u0151l bejelentett b\u00fcntet\u0151v\u00e1mok egy r\u00e9sze szint\u00e9n december k\u00f6zep\u00e9t\u0151l l\u00e9p hat\u00e1lyba.<br \/>\n    Szak\u00e9rt\u0151k a kereskedelmi h\u00e1bor\u00fa mellett a gyeng\u00fcl\u0151 bels\u0151 keresletet teszik felel\u0151ss\u00e9 a roml\u00f3 k\u00fclkereskedelmi adatok miatt.<br \/>\n    A k\u00ednai jegybank p\u00e9nteken k\u00f6z\u00f6lte, hogy szeptember 16-\u00e1t\u00f3l cs\u00f6kkenti a bankok k\u00f6telez\u0151 tartal\u00e9kr\u00e1t\u00e1j\u00e1t, okt\u00f3ber \u00e9s november k\u00f6zep\u00e9t\u0151l pedig m\u00e9g tov\u00e1bb cs\u00f6kkenti azt a likvidit\u00e1s n\u00f6vel\u00e9s\u00e9nek c\u00e9lj\u00e1b\u00f3l. A bejelent\u00e9st egy nappal az ut\u00e1n tett\u00e9k, hogy egy kabinet\u00fcl\u00e9st k\u00f6vet\u0151en Peking tov\u00e1bbi, gazdas\u00e1g\u00e9l\u00e9nk\u00edt\u0151 int\u00e9zked\u00e9seket \u00edg\u00e9rt.(MTI)<\/p>\n","protected":false},"excerpt":{"rendered":"<p>Az elemz\u0151i el\u0151rejelz\u00e9sekkel szemben cs\u00f6kkent K\u00edna doll\u00e1rban sz\u00e1molt exportja , m\u00edg a behozatal a v\u00e1rakoz\u00e1sokhoz k\u00e9pest kisebb m\u00e9rt\u00e9kben cs\u00f6kkent augusztusban.<\/p>\n","protected":false},"author":1001003,"featured_media":0,"comment_status":"closed","ping_status":"open","sticky":false,"template":"","format":"standard","meta":[],"categories":[246],"tags":[],"_links":{"self":[{"href":"https:\/\/gazdasagportal.hu\/index.php\/wp-json\/wp\/v2\/posts\/119419"}],"collection":[{"href":"https:\/\/gazdasagportal.hu\/index.php\/wp-json\/wp\/v2\/posts"}],"about":[{"href":"https:\/\/gazdasagportal.hu\/index.php\/wp-json\/wp\/v2\/types\/post"}],"author":[{"embeddable":true,"href":"https:\/\/gazdasagportal.hu\/index.php\/wp-json\/wp\/v2\/users\/1001003"}],"replies":[{"embeddable":true,"href":"https:\/\/gazdasagportal.hu\/index.php\/wp-json\/wp\/v2\/comments?post=119419"}],"version-history":[{"count":1,"href":"https:\/\/gazdasagportal.hu\/index.php\/wp-json\/wp\/v2\/posts\/119419\/revisions"}],"predecessor-version":[{"id":119420,"href":"https:\/\/gazdasagportal.hu\/index.php\/wp-json\/wp\/v2\/posts\/119419\/revisions\/119420"}],"wp:attachment":[{"href":"https:\/\/gazdasagportal.hu\/index.php\/wp-json\/wp\/v2\/media?parent=119419"}],"wp:term":[{"taxonomy":"category","embeddable":true,"href":"https:\/\/gazdasagportal.hu\/index.php\/wp-json\/wp\/v2\/categories?post=119419"},{"taxonomy":"post_tag","embeddable":true,"href":"https:\/\/gazdasagportal.hu\/index.php\/wp-json\/wp\/v2\/tags?post=119419"}],"curies":[{"name":"wp","href":"https:\/\/api.w.org\/{rel}","templated":true}]}}