{"id":119412,"date":"2019-09-08T08:10:50","date_gmt":"2019-09-08T06:10:50","guid":{"rendered":"http:\/\/gazdasagportal.hu\/?p=119412"},"modified":"2019-09-07T21:12:38","modified_gmt":"2019-09-07T19:12:38","slug":"kozgazdasz-vandorgyules-varga-mihaly-a-vilaggazdasagban-lassulas-van-de-recesszio-nincs","status":"publish","type":"post","link":"https:\/\/gazdasagportal.hu\/index.php\/kozgazdasz-vandorgyules-varga-mihaly-a-vilaggazdasagban-lassulas-van-de-recesszio-nincs\/","title":{"rendered":"K\u00f6zgazd\u00e1sz-v\u00e1ndorgy\u0171l\u00e9s &#8211; Varga Mih\u00e1ly: a vil\u00e1ggazdas\u00e1gban lassul\u00e1s van, de recesszi\u00f3 nincs"},"content":{"rendered":"<p><strong>A vil\u00e1ggazdas\u00e1gban lassul\u00e1s van, de recesszi\u00f3 nincs, itthon fenn kell tartani a fisk\u00e1lis fegyelmet \u00e9s meg kell \u0151rizni a magas beruh\u00e1z\u00e1si r\u00e1t\u00e1t a magyar gazdas\u00e1gban &#8211; mondta Varga Mih\u00e1ly az 57. K\u00f6zgazd\u00e1sz-v\u00e1ndorgy\u0171l\u00e9s z\u00e1r\u00f3 plen\u00e1ris \u00fcl\u00e9s\u00e9n szombaton, Ny\u00edregyh\u00e1z\u00e1n.<\/strong><!--more--><\/p>\n<div class=\"ads-in-post1\"><div id=\"gazdasagportal.hu_fullbanner_wideboard\"><\/div>\r\n<\/div>\n<p>    A p\u00e9nz\u00fcgyminiszter t\u00f6bb pontb\u00f3l \u00e1ll\u00f3 javaslatcsomagot v\u00e1zolt fel a magyar gazdas\u00e1g tov\u00e1bbi, fenntarthat\u00f3 n\u00f6veked\u00e9se \u00e9rdek\u00e9ben.<br \/>\n    Kiemelte: el kell ker\u00fclni a fisk\u00e1lis t\u00falk\u00f6ltekez\u00e9st, a tartal\u00e9kok fel\u00e9l\u00e9s\u00e9t, a mostani 25 sz\u00e1zal\u00e9kos beruh\u00e1z\u00e1si r\u00e1ta meg\u0151rz\u00e9se mellett a munkaer\u0151 tartal\u00e9kokat is mozg\u00f3s\u00edtani kell. A forint\u00e1rfolyamnak kisz\u00e1m\u00edthat\u00f3nak kell maradnia, sz\u00fcks\u00e9g van a szakpolitikai javaslatok v\u00e9grehajt\u00e1s\u00e1ra, a kis- \u00e9s k\u00f6z\u00e9pv\u00e1llalati szektor versenyk\u00e9pess\u00e9g\u00e9t n\u00f6velni kell, emellett fontos a politikai stabilit\u00e1s meg\u0151rz\u00e9se.<br \/>\n    A p\u00e9nz\u00fcgyminiszter szerint a magyar gazdas\u00e1g meger\u0151s\u00f6d\u00e9s\u00e9ben jelent\u0151s szerepe van a korm\u00e1ny int\u00e9zked\u00e9seinek, ennek k\u00f6sz\u00f6nhet\u0151, hogy a glob\u00e1lis hat\u00e1sok ellen\u00e9re tov\u00e1bbra is n\u00f6veked\u00e9sre lehet sz\u00e1m\u00edtani.<br \/>\n<div class=\"ads-in-post2\"><script async src=\"https:\/\/pagead2.googlesyndication.com\/pagead\/js\/adsbygoogle.js\"><\/script>\r\n<ins class=\"adsbygoogle\"\r\n     style=\"display:block\"\r\n     data-ad-format=\"fluid\"\r\n     data-ad-layout-key=\"-6t+ed+2i-1n-4w\"\r\n     data-ad-client=\"ca-pub-1959107119989764\"\r\n     data-ad-slot=\"4008251320\"><\/ins>\r\n<script>\r\n     (adsbygoogle = window.adsbygoogle || []).push({});\r\n<\/script><\/div>\n    Korszakhat\u00e1rra \u00e9rkezett a vil\u00e1g, a 2019-2021-es \u00e9vekben sz\u00e1mos fontos politikai \u00e9s gazdas\u00e1gi esem\u00e9ny v\u00e1rhat\u00f3, amelyek hatnak majd a magyar gazdas\u00e1g tov\u00e1bbi alakul\u00e1s\u00e1ra &#8211; mondta Varga Mih\u00e1ly. Ezek k\u00f6z\u00e9 sorolta az \u00faj Eur\u00f3pai Parlament megalakul\u00e1s\u00e1t, az Eur\u00f3pai Bizotts\u00e1g fel\u00e1ll\u00e1s\u00e1t, az \u00faj uni\u00f3s k\u00f6lts\u00e9gvet\u00e9si ciklus elindul\u00e1s\u00e1t, illetve az amerikai eln\u00f6kv\u00e1laszt\u00e1st.<br \/>\n    Varga Mih\u00e1ly a magyar gazdas\u00e1g idei els\u0151 f\u00e9l\u00e9vi teljes\u00edtm\u00e9ny\u00e9t \u00e9rt\u00e9kelve kifejtette, hogy a n\u00e9met ipar gyeng\u00e9lked\u00e9se egyel\u0151re nem \u00e9rezteti hat\u00e1s\u00e1t, ami azt mutatja, hogy cs\u00f6kkent Magyarorsz\u00e1g kitetts\u00e9ge a k\u00fcls\u0151 kock\u00e1zatokkal szemben.<br \/>\n    Az els\u0151 f\u00e9l\u00e9vi 5,1 sz\u00e1zal\u00e9kos GDP-b\u0151v\u00fcl\u00e9s 2,4 sz\u00e1zal\u00e9k\u00e1t a bels\u0151 motorok, \u00edgy p\u00e9ld\u00e1ul a lakoss\u00e1gi fogyaszt\u00e1s, 1,6 sz\u00e1zal\u00e9k\u00e1t a korm\u00e1nyzati int\u00e9zked\u00e9sek &#8211; \u00edgy az ad\u00f3- \u00e9s b\u00e9rmeg\u00e1llapod\u00e1s, a lakhat\u00e1st seg\u00edt\u0151 int\u00e9zked\u00e9sek, az \u00e1llami beruh\u00e1z\u00e1sok, a versenyk\u00e9pesebb Magyarorsz\u00e1g\u00e9rt program \u00e9s a gazdas\u00e1gv\u00e9delmi akci\u00f3terv -, 0,9 sz\u00e1zal\u00e9k\u00e1t a k\u00fcls\u0151 kereslet adta, \u00e9s a n\u00f6veked\u00e9shez csup\u00e1n 0,2 sz\u00e1zal\u00e9kkal j\u00e1rultak hozz\u00e1 az uni\u00f3s forr\u00e1sok &#8211; mutatott r\u00e1 a miniszter.<br \/>\n    Kiemelte: j\u00f3 jel az is, hogy a magyar gazdas\u00e1g szerepl\u0151i &#8211; a 2008-as v\u00e1ls\u00e1ghoz k\u00e9pest &#8211; jelent\u0151s tartal\u00e9kkal rendelkeznek. A lakoss\u00e1g \u00e9s a v\u00e1llalatok elad\u00f3sodotts\u00e1ga alacsony, a magyar bankrendszer sokkt\u0171r\u0151 k\u00e9pess\u00e9ge er\u0151teljes, az \u00e1llamh\u00e1ztart\u00e1s tartal\u00e9kai magasak, az \u00e1llamad\u00f3ss\u00e1g devizaar\u00e1nya \u00e9s a k\u00fclf\u00f6ldiek kez\u00e9ben l\u00e9v\u0151 h\u00e1nyada jelent\u0151sen cs\u00f6kkent, a foglalkoztat\u00e1s ar\u00e1nya \u00e1tl\u00e9pte a 70 sz\u00e1zal\u00e9kot.<br \/>\n    B\u00e1r a vil\u00e1ggazdas\u00e1got \u00e9rint\u0151 politikai bizonytalans\u00e1g egyre n\u0151, ez ink\u00e1bb az aktu\u00e1lis politikai k\u00f6zhangulat v\u00e1ltoz\u00e1s\u00e1t, \u00e9s nem a v\u00e1ls\u00e1g k\u00f6zeled\u00e9s\u00e9t jelzi &#8211; mondta a p\u00e9nz\u00fcgyminiszter.<br \/>\n    B\u00e1rtfai-Mager Andrea nemzeti vagyon kezel\u00e9s\u00e9\u00e9rt felel\u0151s t\u00e1rca n\u00e9lk\u00fcli miniszter elmondta: 2010 \u00f3ta a gazdas\u00e1gpolitika, a monet\u00e1ris \u00e9s a fisk\u00e1lis politika tudja kezelni a kih\u00edv\u00e1sokat, sikeres v\u00e1ls\u00e1gkezel\u00e9st hajtott v\u00e9gre a korm\u00e1ny \u00e9s n\u00f6veked\u00e9si fordulat ment v\u00e9gbe.<br \/>\n    Kiemelte: az \u00e1llami v\u00e1llalatokn\u00e1l is fontos, hogy a legjobb gyakorlatokat alkalmazva n\u00f6velj\u00e9k a piaci hat\u00e9konys\u00e1got. R\u00e1mutatott: 2010-ben trendfordul\u00f3 zajlott le az \u00e1llami v\u00e1llalatok kezel\u00e9s\u00e9ben, most 60 \u00e9s 100 k\u00f6z\u00f6tt van a strat\u00e9giai jelent\u0151s\u00e9g\u0171 \u00e1llami tulajdonban l\u00e9v\u0151 t\u00e1rsas\u00e1gok sz\u00e1ma.<br \/>\n    R\u00e1mutatott: a versenyk\u00e9pess\u00e9g fenntart\u00e1s\u00e1hoz az \u00e1llami k\u00e9zben l\u00e9v\u0151 v\u00e1llalatoknak is n\u00f6velni\u00fck kell a hat\u00e9konys\u00e1got, emellett alkalmass\u00e1 kell tenni ezeket az innov\u00e1ci\u00f3ra. Nem c\u00e9l, hogy t\u0151zsd\u00e9re menjenek ezek a c\u00e9gek, de t\u0151zsdek\u00e9pesnek kell lenni\u00fck &#8211; mondta.(MTI)<\/p>\n","protected":false},"excerpt":{"rendered":"<p>A vil\u00e1ggazdas\u00e1gban lassul\u00e1s van, de recesszi\u00f3 nincs, itthon fenn kell tartani a fisk\u00e1lis fegyelmet \u00e9s meg kell \u0151rizni a magas beruh\u00e1z\u00e1si r\u00e1t\u00e1t a magyar gazdas\u00e1gban &#8211; mondta Varga Mih\u00e1ly az 57. K\u00f6zgazd\u00e1sz-v\u00e1ndorgy\u0171l\u00e9s z\u00e1r\u00f3 plen\u00e1ris \u00fcl\u00e9s\u00e9n szombaton, Ny\u00edregyh\u00e1z\u00e1n.<\/p>\n","protected":false},"author":1001003,"featured_media":0,"comment_status":"closed","ping_status":"open","sticky":false,"template":"","format":"standard","meta":[],"categories":[19],"tags":[],"_links":{"self":[{"href":"https:\/\/gazdasagportal.hu\/index.php\/wp-json\/wp\/v2\/posts\/119412"}],"collection":[{"href":"https:\/\/gazdasagportal.hu\/index.php\/wp-json\/wp\/v2\/posts"}],"about":[{"href":"https:\/\/gazdasagportal.hu\/index.php\/wp-json\/wp\/v2\/types\/post"}],"author":[{"embeddable":true,"href":"https:\/\/gazdasagportal.hu\/index.php\/wp-json\/wp\/v2\/users\/1001003"}],"replies":[{"embeddable":true,"href":"https:\/\/gazdasagportal.hu\/index.php\/wp-json\/wp\/v2\/comments?post=119412"}],"version-history":[{"count":1,"href":"https:\/\/gazdasagportal.hu\/index.php\/wp-json\/wp\/v2\/posts\/119412\/revisions"}],"predecessor-version":[{"id":119413,"href":"https:\/\/gazdasagportal.hu\/index.php\/wp-json\/wp\/v2\/posts\/119412\/revisions\/119413"}],"wp:attachment":[{"href":"https:\/\/gazdasagportal.hu\/index.php\/wp-json\/wp\/v2\/media?parent=119412"}],"wp:term":[{"taxonomy":"category","embeddable":true,"href":"https:\/\/gazdasagportal.hu\/index.php\/wp-json\/wp\/v2\/categories?post=119412"},{"taxonomy":"post_tag","embeddable":true,"href":"https:\/\/gazdasagportal.hu\/index.php\/wp-json\/wp\/v2\/tags?post=119412"}],"curies":[{"name":"wp","href":"https:\/\/api.w.org\/{rel}","templated":true}]}}