{"id":119408,"date":"2019-09-07T17:14:07","date_gmt":"2019-09-07T15:14:07","guid":{"rendered":"http:\/\/gazdasagportal.hu\/?p=119408"},"modified":"2019-09-07T08:14:57","modified_gmt":"2019-09-07T06:14:57","slug":"brexit-jovahagyta-a-brit-parlament-felsohaza-a-megallapodas-nelkuli-kilepest-tilto-torvenyt","status":"publish","type":"post","link":"https:\/\/gazdasagportal.hu\/index.php\/brexit-jovahagyta-a-brit-parlament-felsohaza-a-megallapodas-nelkuli-kilepest-tilto-torvenyt\/","title":{"rendered":"Brexit &#8211; J\u00f3v\u00e1hagyta a brit parlament fels\u0151h\u00e1za a meg\u00e1llapod\u00e1s n\u00e9lk\u00fcli kil\u00e9p\u00e9st tilt\u00f3 t\u00f6rv\u00e9nyt"},"content":{"rendered":"<p><strong>A v\u00e1rakoz\u00e1soknak megfelel\u0151en j\u00f3v\u00e1hagyta p\u00e9nteken a brit parlament fels\u0151 kamar\u00e1ja, a Lordok H\u00e1za annak a t\u00f6rv\u00e9nynek az \u00e9letbe l\u00e9ptet\u00e9s\u00e9t, amely elvileg lehetetlenn\u00e9 teszi, hogy az Egyes\u00fclt Kir\u00e1lys\u00e1g okt\u00f3ber v\u00e9g\u00e9n meg\u00e1llapod\u00e1s n\u00e9lk\u00fcl l\u00e9pjen ki az Eur\u00f3pai Uni\u00f3b\u00f3l.<\/strong><!--more--><\/p>\n<div class=\"ads-in-post1\"><div id=\"gazdasagportal.hu_fullbanner_wideboard\"><\/div>\r\n<\/div>\n<p>    A legnagyobb ellenz\u00e9ki er\u0151, a Munk\u00e1sp\u00e1rt \u00e1ltal kezdem\u00e9nyezett ind\u00edtv\u00e1nyt szerda \u00e9jjel fogadta el 327-299 ar\u00e1nyban az als\u00f3h\u00e1z, komoly veres\u00e9get m\u00e9rve a kezdem\u00e9nyez\u00e9st hevesen ellenz\u0151 Boris Johnson konzervat\u00edv p\u00e1rti minisztereln\u00f6kre.<br \/>\n    Az als\u00f3h\u00e1zi j\u00f3v\u00e1hagy\u00e1s ut\u00e1n a jogszab\u00e1ly azonnal a Lordok H\u00e1za el\u00e9 ker\u00fclt tov\u00e1bbi vit\u00e1ra.<br \/>\n    El\u0151zetesen egy\u00e9rtelm\u0171 jelek utaltak arra, hogy a rendezetlen Brexit tilalm\u00e1r\u00f3l sz\u00f3l\u00f3 t\u00f6rv\u00e9ny t\u00e1rgyal\u00e1s\u00e1t a Lordok H\u00e1z\u00e1nak Brexit-p\u00e1rti tagjai megpr\u00f3b\u00e1lj\u00e1k addig h\u00fazni, am\u00edg v\u00e9g\u00fcl nem marad id\u0151 a v\u00e9gleges v\u00e1ltozat kihirdet\u00e9s\u00e9re. A fels\u0151h\u00e1zban ugyanis sz\u00e1zn\u00e1l t\u00f6bb m\u00f3dos\u00edt\u00f3 ind\u00edtv\u00e1nyt ny\u00fajtottak be a t\u00f6rv\u00e9nyhez, \u00e9s ezekr\u0151l egyenk\u00e9nt szavazni kellett volna, majd az als\u00f3h\u00e1zban is d\u00f6nteni kellett volna a fels\u0151 kamar\u00e1ban elfogadott m\u00f3dos\u00edt\u00f3k sors\u00e1r\u00f3l.<br \/>\n    Ez az\u00e9rt k\u00e9rd\u0151jelezte volna meg a t\u00f6rv\u00e9ny \u00e9letbe l\u00e9ptet\u00e9s\u00e9t, mert Johnson m\u00e1r kor\u00e1bban bejelentette, hogy a j\u00f6v\u0151 h\u00e9tt\u0151l felf\u00fcggeszti a jelenlegi parlamenti \u00fcl\u00e9sszakot, \u00e9s okt\u00f3berben \u00faj korm\u00e1nyprogram meghirdet\u00e9s\u00e9vel \u00faj t\u00f6rv\u00e9nyhoz\u00e1si id\u0151szak kezd\u0151dik.<br \/>\n    Cs\u00fct\u00f6rt\u00f6k\u00f6n azonban egyezs\u00e9g j\u00f6tt l\u00e9tre arr\u00f3l, hogy a Lordok H\u00e1za nem alkalmazza ezt az id\u0151h\u00faz\u00f3 taktik\u00e1t, \u00e9s p\u00e9nteken kora este a fels\u0151 kamara j\u00f3v\u00e1 is hagyta a rendezetlen Brexit tilalm\u00e1r\u00f3l sz\u00f3l\u00f3 jogszab\u00e1lyt.<br \/>\n    Ennek alapj\u00e1n II. Erzs\u00e9bet kir\u00e1lyn\u0151 tov\u00e1bbi t\u00f6rv\u00e9nyhoz\u00e1si t\u00e1rgyal\u00e1si fordul\u00f3k n\u00e9lk\u00fcl kihirdeti a t\u00f6rv\u00e9nyt, amely \u00edgy hat\u00e1lyba l\u00e9p.<br \/>\n<div class=\"ads-in-post2\"><script async src=\"https:\/\/pagead2.googlesyndication.com\/pagead\/js\/adsbygoogle.js\"><\/script>\r\n<ins class=\"adsbygoogle\"\r\n     style=\"display:block\"\r\n     data-ad-format=\"fluid\"\r\n     data-ad-layout-key=\"-6t+ed+2i-1n-4w\"\r\n     data-ad-client=\"ca-pub-1959107119989764\"\r\n     data-ad-slot=\"4008251320\"><\/ins>\r\n<script>\r\n     (adsbygoogle = window.adsbygoogle || []).push({});\r\n<\/script><\/div>\n    A jogszab\u00e1ly l\u00e9nyege az, hogy ha okt\u00f3ber 19-\u00e9ig a parlament nem j\u00e1rul hozz\u00e1 egy \u00faj Brexit-meg\u00e1llapod\u00e1shoz, \u00e9s ahhoz sem, hogy a brit EU-tags\u00e1g meg\u00e1llapod\u00e1s n\u00e9lk\u00fcl sz\u0171nj\u00f6n meg, Boris Johnsonnak kezdem\u00e9nyeznie kell az EU-n\u00e1l a jelenlegi helyzet alapj\u00e1n okt\u00f3ber 31-\u00e9n esed\u00e9kes kil\u00e9p\u00e9s elhalaszt\u00e1s\u00e1t h\u00e1rom h\u00f3nappal, vagyis 2020. janu\u00e1r 31-ig.<br \/>\n    A kil\u00e9p\u00e9s tov\u00e1bbi &#8211; imm\u00e1r harmadik &#8211; halaszt\u00e1s\u00e1nak j\u00f3v\u00e1hagy\u00e1s\u00e1hoz az Eur\u00f3pai Uni\u00f3 \u00e1llam- \u00e9s korm\u00e1nyf\u0151i alkotta Eur\u00f3pai Tan\u00e1cs egyhang\u00fa d\u00f6nt\u00e9se sz\u00fcks\u00e9ges.<br \/>\n    Johnson az elm\u00falt napokban azonban t\u00f6bbsz\u00f6r is hat\u00e1rozottan lesz\u00f6gezte, hogy semmilyen k\u00f6r\u00fclm\u00e9nyek k\u00f6z\u00f6tt nem hajland\u00f3 kezdem\u00e9nyezni az Eur\u00f3pai Uni\u00f3n\u00e1l a kil\u00e9p\u00e9s elhalaszt\u00e1s\u00e1t, \u00e9s a h\u00e9t elej\u00e9n kil\u00e1t\u00e1sba helyezte, hogy el\u0151rehozott v\u00e1laszt\u00e1sok ki\u00edr\u00e1s\u00e1t kezdem\u00e9nyezi, ha a parlament megszavazza a meg\u00e1llapod\u00e1s n\u00e9lk\u00fcli Brexit tilalm\u00e1r\u00f3l sz\u00f3l\u00f3 ind\u00edtv\u00e1nyt.<br \/>\n       A korm\u00e1nyf\u0151 ezt m\u00e1r szerda \u00e9jjel, k\u00f6zvetlen\u00fcl a tervezet als\u00f3h\u00e1zi elfogad\u00e1sa ut\u00e1n meg is tette, okt\u00f3ber 15-\u00e9t javasolva a v\u00e1laszt\u00e1sok id\u0151pontjak\u00e9nt.<br \/>\n    Johnson szerint ugyanis a Munk\u00e1sp\u00e1rt t\u00f6rv\u00e9nyjavaslat\u00e1nak elfogad\u00e1sa ut\u00e1n lehetetlenn\u00e9 v\u00e1lt a tov\u00e1bbi \u00e9rdemi t\u00e1rgyal\u00e1s az EU-val a kil\u00e9p\u00e9s felt\u00e9telrendszer\u00e9t r\u00f6gz\u00edt\u0151 \u00faj meg\u00e1llapod\u00e1sr\u00f3l.<br \/>\n    A parlament mand\u00e1tum\u00e1nak hossz\u00e1t \u00f6t \u00e9vben r\u00f6gz\u00edt\u0151, 2011-ben kelt brit t\u00f6rv\u00e9ny \u00e9rtelm\u00e9ben a k\u00f6vetkez\u0151 v\u00e1laszt\u00e1s 2022-ben lenne esed\u00e9kes, \u00e9s az enn\u00e9l el\u0151bbi parlamenti v\u00e1laszt\u00e1s ki\u00edr\u00e1s\u00e1hoz k\u00e9tharmados t\u00e1mogat\u00e1sra &#8211; a jelenlegi l\u00e9tsz\u00e1m alapj\u00e1n 434 voksra &#8211; lett volna sz\u00fcks\u00e9g az als\u00f3h\u00e1zban, \u00e1m csak 298-an szavaztak Johnson kezdem\u00e9nyez\u00e9s\u00e9re.<br \/>\n    Az ellenz\u00e9k egys\u00e9gesen \u00e9s k\u00f6vetkezetesen hangoztatott \u00e1ll\u00e1spontja szerint ugyanis nem elfogadhat\u00f3 az el\u0151rehozott v\u00e1laszt\u00e1sok ki\u00edr\u00e1sa mindaddig, am\u00edg a rendezetlen Brexit lehet\u0151s\u00e9ge v\u00e9gleg le nem ker\u00fcl a napirendr\u0151l.<br \/>\n    Az ellenz\u00e9ki p\u00e1rtok p\u00e9nteken hivatalosan is egyezs\u00e9gre is jutottak arr\u00f3l, hogy nem fogj\u00e1k t\u00e1mogatni az el\u0151rehozott v\u00e1laszt\u00e1sok ki\u00edr\u00e1s\u00e1t az Eur\u00f3pai Uni\u00f3 okt\u00f3ber 17-\u00e9n kezd\u0151d\u0151 cs\u00facstal\u00e1lkoz\u00f3ja el\u0151tti id\u0151pontra.(MTI)<\/p>\n","protected":false},"excerpt":{"rendered":"<p>A v\u00e1rakoz\u00e1soknak megfelel\u0151en j\u00f3v\u00e1hagyta p\u00e9nteken a brit parlament fels\u0151 kamar\u00e1ja, a Lordok H\u00e1za annak a t\u00f6rv\u00e9nynek az \u00e9letbe l\u00e9ptet\u00e9s\u00e9t, amely elvileg lehetetlenn\u00e9 teszi, hogy az Egyes\u00fclt Kir\u00e1lys\u00e1g okt\u00f3ber v\u00e9g\u00e9n meg\u00e1llapod\u00e1s n\u00e9lk\u00fcl l\u00e9pjen ki az Eur\u00f3pai Uni\u00f3b\u00f3l.<\/p>\n","protected":false},"author":1001003,"featured_media":0,"comment_status":"closed","ping_status":"open","sticky":false,"template":"","format":"standard","meta":[],"categories":[12,246],"tags":[],"_links":{"self":[{"href":"https:\/\/gazdasagportal.hu\/index.php\/wp-json\/wp\/v2\/posts\/119408"}],"collection":[{"href":"https:\/\/gazdasagportal.hu\/index.php\/wp-json\/wp\/v2\/posts"}],"about":[{"href":"https:\/\/gazdasagportal.hu\/index.php\/wp-json\/wp\/v2\/types\/post"}],"author":[{"embeddable":true,"href":"https:\/\/gazdasagportal.hu\/index.php\/wp-json\/wp\/v2\/users\/1001003"}],"replies":[{"embeddable":true,"href":"https:\/\/gazdasagportal.hu\/index.php\/wp-json\/wp\/v2\/comments?post=119408"}],"version-history":[{"count":1,"href":"https:\/\/gazdasagportal.hu\/index.php\/wp-json\/wp\/v2\/posts\/119408\/revisions"}],"predecessor-version":[{"id":119409,"href":"https:\/\/gazdasagportal.hu\/index.php\/wp-json\/wp\/v2\/posts\/119408\/revisions\/119409"}],"wp:attachment":[{"href":"https:\/\/gazdasagportal.hu\/index.php\/wp-json\/wp\/v2\/media?parent=119408"}],"wp:term":[{"taxonomy":"category","embeddable":true,"href":"https:\/\/gazdasagportal.hu\/index.php\/wp-json\/wp\/v2\/categories?post=119408"},{"taxonomy":"post_tag","embeddable":true,"href":"https:\/\/gazdasagportal.hu\/index.php\/wp-json\/wp\/v2\/tags?post=119408"}],"curies":[{"name":"wp","href":"https:\/\/api.w.org\/{rel}","templated":true}]}}