{"id":119406,"date":"2019-09-07T15:12:54","date_gmt":"2019-09-07T13:12:54","guid":{"rendered":"http:\/\/gazdasagportal.hu\/?p=119406"},"modified":"2019-09-07T08:13:53","modified_gmt":"2019-09-07T06:13:53","slug":"szijjarto-a-magyar-gazdasag-a-rekordok-idoszakat-eli","status":"publish","type":"post","link":"https:\/\/gazdasagportal.hu\/index.php\/szijjarto-a-magyar-gazdasag-a-rekordok-idoszakat-eli\/","title":{"rendered":"Szijj\u00e1rt\u00f3: a magyar gazdas\u00e1g a rekordok id\u0151szak\u00e1t \u00e9li"},"content":{"rendered":"<p><strong>A magyar gazdas\u00e1g m\u00e1ra a rekordok id\u0151szak\u00e1t \u00e9li, az eur\u00f3pai uni\u00f3s tagorsz\u00e1gok k\u00f6z\u00fcl a leggyorsabb n\u00f6veked\u00e9si \u00fctem Magyarorsz\u00e1g\u00e9 &#8211; mondta a k\u00fclgazdas\u00e1gi \u00e9s k\u00fcl\u00fcgyminiszter p\u00e9nteken J\u00e1szber\u00e9nyben.<\/strong><!--more--><\/p>\n<div class=\"ads-in-post1\"><div id=\"gazdasagportal.hu_fullbanner_wideboard\"><\/div>\r\n<\/div>\n<p>    Szijj\u00e1rt\u00f3 P\u00e9ter a vas\u00e1rnapig tart\u00f3 kilencedik J\u00e1sz Expo \u00e9s Fesztiv\u00e1l megnyit\u00f3j\u00e1n k\u00f6sz\u00f6net\u00e9t fejezte ki mindenkinek, aki hozz\u00e1j\u00e1rult ahhoz, hogy ma 5,1 sz\u00e1zal\u00e9kos a gazdas\u00e1gi n\u00f6veked\u00e9s.     Hozz\u00e1tette: a magyar export is \u00e9vr\u0151l-\u00e9vre rekordot d\u00f6nt: Magyarorsz\u00e1g a lakoss\u00e1gsz\u00e1m tekintet\u00e9ben a 92. helyen \u00e1ll a vil\u00e1gban, exportteljes\u00edtm\u00e9nyben pedig a 34. helyen. Mindez azt mutatja, hogy a magyar emberek szorgalma, szaktud\u00e1sa \u00e9s a beruh\u00e1z\u00f3k bizalma nyom\u00e1n el\u0151\u00e1llt az a helyzet, hogy a vil\u00e1gpiacon a legversenyk\u00e9pesebb term\u00e9kek \u00e9s szolg\u00e1ltat\u00e1sok k\u00f6z\u00e9 tartoznak a magyar emberek \u00e1ltal el\u0151\u00e1ll\u00edtottak &#8211; mondta.     Magyarorsz\u00e1gon a rendszerv\u00e1ltoz\u00e1s \u00f3ta most a legalacsonyabb a munkan\u00e9lk\u00fclis\u00e9g, \u00e9s ebben jelent\u0151s szerepet t\u00f6ltenek be a j\u00e1szber\u00e9nyi v\u00e1llalatok. A J\u00e1szs\u00e1gban \u00e9l\u0151k hozz\u00e1j\u00e1rultak ahhoz, hogy m\u00e1ra a magyar gazdas\u00e1g &#8222;Eur\u00f3pa-bajnok n\u00f6veked\u00e9st&#8221; tud felmutatni &#8211; k\u00f6z\u00f6lte.     Szijj\u00e1rt\u00f3 P\u00e9ter kit\u00e9rt arra, hogy a magyar emberek \u00e1ltal Magyarorsz\u00e1gon el\u0151\u00e1ll\u00edtott term\u00e9kek \u00e9s  szolg\u00e1ltat\u00e1sok a vil\u00e1g minden pontj\u00e1n versenyk\u00e9pesek tudnak lenni k\u00f6zvetlen\u00fcl vagy besz\u00e1ll\u00edt\u00f3kon kereszt\u00fcl.     J\u00e1szber\u00e9ny szerinte j\u00f3 p\u00e9lda arra, hogy a vid\u00e9ki v\u00e1rosok egyre nagyobb szerepet j\u00e1tszanak a magyar gazdas\u00e1g teljes\u00edtm\u00e9ny\u00e9nek folyamatos n\u00f6vel\u00e9s\u00e9ben \u00e9s jav\u00edt\u00e1s\u00e1ban.<br \/>\n<div class=\"ads-in-post2\"><script async src=\"https:\/\/pagead2.googlesyndication.com\/pagead\/js\/adsbygoogle.js\"><\/script>\r\n<ins class=\"adsbygoogle\"\r\n     style=\"display:block\"\r\n     data-ad-format=\"fluid\"\r\n     data-ad-layout-key=\"-6t+ed+2i-1n-4w\"\r\n     data-ad-client=\"ca-pub-1959107119989764\"\r\n     data-ad-slot=\"4008251320\"><\/ins>\r\n<script>\r\n     (adsbygoogle = window.adsbygoogle || []).push({});\r\n<\/script><\/div>\n  Sz\u00f3lt arr\u00f3l, hogy 2010 \u00f3ta a vid\u00e9ki v\u00e1rosok teljes\u00edtm\u00e9nye \u00e9s t\u0151kevonz\u00f3 k\u00e9pess\u00e9ge jelent\u0151s m\u00e9rt\u00e9kben javult.     A J\u00e1szs\u00e1gban, J\u00e1szber\u00e9nyben \u00e9l\u0151k b\u00fcszk\u00e9k lehetnek arra, hogy egyre t\u00f6bb, a vil\u00e1gpiacon \u00e9s a vil\u00e1ggazdas\u00e1gban is rangos v\u00e1llalat d\u00f6nt \u00fagy, hogy ebbe a t\u00e9rs\u00e9gbe vagy a v\u00e1rosba telep\u00edti gy\u00e1rt\u00f3, kutat\u00e1sfejleszt\u00e9si, szolg\u00e1ltat\u00f3 tev\u00e9kenys\u00e9g\u00e9t.     Ebben nagy szerepe van t\u00f6bbek k\u00f6z\u00f6tt az \u00fath\u00e1l\u00f3zatnak, ez\u00e9rt is fektetnek nagy hangs\u00falyt az \u00fat\u00e9p\u00edt\u00e9sekre &#8211; t\u00e1j\u00e9koztatott.     P\u00f3cs J\u00e1nos, a t\u00e9rs\u00e9g fideszes orsz\u00e1ggy\u0171l\u00e9si k\u00e9pvisel\u0151je egyebek mellett elmondta: sz\u00e1mos k\u00fclf\u00f6ldi tulajdon\u00fa c\u00e9g j\u00f6tt Magyarorsz\u00e1gra, ezen bel\u00fcl a J\u00e1szs\u00e1gba.     Hozz\u00e1tette: az elm\u00falt 4-5 \u00e9vben a J\u00e1szs\u00e1g csaknem 200 milli\u00e1rd forint \u00e9rt\u00e9k\u0171 beruh\u00e1z\u00e1ssal gyarapodott, a j\u00e1sz telep\u00fcl\u00e9sek 13 milli\u00e1rd forint TOP-os (Ter\u00fclet- \u00e9s Telep\u00fcl\u00e9sfejleszt\u00e9si Operat\u00edv Program) fejleszt\u00e9sben r\u00e9szes\u00fcltek.     A j\u00e1szber\u00e9nyi  fejleszt\u00e9sek k\u00f6z\u00f6tt eml\u00edtette az iskola, b\u00f6lcs\u0151de, \u00f3voda, k\u00f3rh\u00e1z beruh\u00e1z\u00e1sokat, \u00faj n\u0151v\u00e9rsz\u00e1ll\u00f3 l\u00e9tes\u00fcl, meg\u00fajul a f\u0151t\u00e9r, a piact\u00e9r, a Margitsziget, \u00e1tadj\u00e1k az \u00faj f\u0151t\u00e9ri sz\u00e1llod\u00e1t. \u00c9p\u00fcl a 32-es \u00fat \u00e9s a v\u00e1rost elker\u00fcl\u0151 \u00fat \u00e9p\u00edt\u00e9se is elkezd\u0151dik j\u00f6v\u0151 \u00e9v tavasz\u00e1n &#8211; sorolta.     Szab\u00f3 Tam\u00e1s, J\u00e1szber\u00e9ny polg\u00e1rmestere (Fidesz-KDNP) elmondta: a J\u00e1sz Expo k\u00e9pviseli azt az \u00f6sszefog\u00e1st, amelyet a j\u00e1szok \u00e9vsz\u00e1zadokon kereszt\u00fcl mindig is tan\u00fas\u00edtottak.     A J\u00e1sz Expo \u00e9s Fesztiv\u00e1l a J\u00e1szs\u00e1g idei legnagyobb gazdas\u00e1gi ki\u00e1ll\u00edt\u00e1s\u00e1val, v\u00e1s\u00e1r\u00e1val egybek\u00f6t\u00f6tt fesztiv\u00e1l a v\u00e1rosi \u00f6nkorm\u00e1nyzat rendez\u00e9s\u00e9ben.     Szab\u00f3 J\u00e1nos v\u00e1s\u00e1rigazgat\u00f3 elmondta: a J\u00e1sz-Expo \u00e9s Fesztiv\u00e1l keret\u00e9ben t\u00f6bb mint f\u00e9lsz\u00e1z c\u00e9g \u00e9s v\u00e1llalkoz\u00f3 mutatja be term\u00e9keit, szolg\u00e1ltat\u00e1sait. Id\u00e9n a rendezv\u00e9ny d\u00edszvend\u00e9ge \u00dajsz\u00e1sz v\u00e1ros.     A rendezv\u00e9ny megnyit\u00f3j\u00e1n adt\u00e1k \u00e1t a v\u00e1s\u00e1r d\u00edjait, ezek k\u00f6z\u00fcl a nagyd\u00edjat a j\u00e1szf\u00e9nyszarui Thyssenkrupp Components Technology Hungary Kft., a v\u00e1s\u00e1rd\u00edjat a j\u00e1szber\u00e9nyi MKB Bank, a J\u00e1sz-Nagykun-Szolnok Megyei \u00d6nkorm\u00e1nyzat k\u00fcl\u00f6nd\u00edj\u00e1t pedig a J\u00e1szber\u00e9nyi Vagyonkezel\u0151 \u00e9s V\u00e1ros\u00fczemeltet\u0151 Nonprofit Zrt. kapta.(MTI)<\/p>\n","protected":false},"excerpt":{"rendered":"<p>A magyar gazdas\u00e1g m\u00e1ra a rekordok id\u0151szak\u00e1t \u00e9li, az eur\u00f3pai uni\u00f3s tagorsz\u00e1gok k\u00f6z\u00fcl a leggyorsabb n\u00f6veked\u00e9si \u00fctem Magyarorsz\u00e1g\u00e9 &#8211; mondta a k\u00fclgazdas\u00e1gi \u00e9s k\u00fcl\u00fcgyminiszter p\u00e9nteken J\u00e1szber\u00e9nyben.<\/p>\n","protected":false},"author":1001003,"featured_media":0,"comment_status":"closed","ping_status":"open","sticky":false,"template":"","format":"standard","meta":[],"categories":[19],"tags":[],"_links":{"self":[{"href":"https:\/\/gazdasagportal.hu\/index.php\/wp-json\/wp\/v2\/posts\/119406"}],"collection":[{"href":"https:\/\/gazdasagportal.hu\/index.php\/wp-json\/wp\/v2\/posts"}],"about":[{"href":"https:\/\/gazdasagportal.hu\/index.php\/wp-json\/wp\/v2\/types\/post"}],"author":[{"embeddable":true,"href":"https:\/\/gazdasagportal.hu\/index.php\/wp-json\/wp\/v2\/users\/1001003"}],"replies":[{"embeddable":true,"href":"https:\/\/gazdasagportal.hu\/index.php\/wp-json\/wp\/v2\/comments?post=119406"}],"version-history":[{"count":1,"href":"https:\/\/gazdasagportal.hu\/index.php\/wp-json\/wp\/v2\/posts\/119406\/revisions"}],"predecessor-version":[{"id":119407,"href":"https:\/\/gazdasagportal.hu\/index.php\/wp-json\/wp\/v2\/posts\/119406\/revisions\/119407"}],"wp:attachment":[{"href":"https:\/\/gazdasagportal.hu\/index.php\/wp-json\/wp\/v2\/media?parent=119406"}],"wp:term":[{"taxonomy":"category","embeddable":true,"href":"https:\/\/gazdasagportal.hu\/index.php\/wp-json\/wp\/v2\/categories?post=119406"},{"taxonomy":"post_tag","embeddable":true,"href":"https:\/\/gazdasagportal.hu\/index.php\/wp-json\/wp\/v2\/tags?post=119406"}],"curies":[{"name":"wp","href":"https:\/\/api.w.org\/{rel}","templated":true}]}}