{"id":119392,"date":"2019-09-07T09:57:47","date_gmt":"2019-09-07T07:57:47","guid":{"rendered":"http:\/\/gazdasagportal.hu\/?p=119392"},"modified":"2019-09-07T07:58:53","modified_gmt":"2019-09-07T05:58:53","slug":"a-meggyengult-dorian-hurrikan-eszak-karolina-partjaitol-kanada-fele-halad","status":"publish","type":"post","link":"https:\/\/gazdasagportal.hu\/index.php\/a-meggyengult-dorian-hurrikan-eszak-karolina-partjaitol-kanada-fele-halad\/","title":{"rendered":"A meggyeng\u00fclt Dorian hurrik\u00e1n \u00c9szak-Karolina partjait\u00f3l Kanada fel\u00e9 halad"},"content":{"rendered":"<p><strong>A meggyeng\u00fclt Dorian hurrik\u00e1n \u00c9szak-Karolina partjait\u00f3l Kanada fel\u00e9 halad, ahol m\u00e1r kihirdett\u00e9k a hurrik\u00e1n-riad\u00f3t.<\/strong><!--more--><\/p>\n<div class=\"ads-in-post1\"><div id=\"gazdasagportal.hu_fullbanner_wideboard\"><\/div>\r\n<\/div>\n<p>    \u00c9szak-Karolin\u00e1ban els\u0151sorban a part ment\u00e9n fekv\u0151, fest\u0151i kis szigetvil\u00e1gban &#8211; amelyet Outer Banksnek neveznek &#8211; puszt\u00edtott a hurrik\u00e1n. Ocracoke sziget\u00e9t az es\u0151z\u00e9s \u00e9s az \u00f3ce\u00e1n hull\u00e1mai csaknem teljesen el\u00f6nt\u00f6tt\u00e9k, a szigetet \u00e9s az ott \u00e9l\u0151ket a vihar elszigetelte a k\u00fclvil\u00e1gt\u00f3l.<br \/>\n    Roy Cooper \u00e9szak-karolinai korm\u00e1nyz\u00f3 bejelentette, hogy a ment\u0151csapatok k\u00e9szen \u00e1llnak, \u00e9s v\u00e1rhat\u00f3an helyi id\u0151 szerint szombaton reggel &#8211; amikor Ocracoke megk\u00f6zel\u00edthet\u0151v\u00e9 v\u00e1lik &#8211; megkezdik a szigeten rekedtek kiment\u00e9s\u00e9t. A korm\u00e1nyz\u00f3 inform\u00e1ci\u00f3i szerint a vihar a szigeten nem k\u00f6vetelt hal\u00e1los \u00e1ldozatot.        Az Egyes\u00fclt \u00c1llamok d\u00e9lkeleti r\u00e9sz\u00e9n fekv\u0151 \u00e1llamban t\u00f6bb mint 135 ezer h\u00e1z maradt \u00e1ramszolg\u00e1ltat\u00e1s n\u00e9lk\u00fcl.     Az egyes er\u0151ss\u00e9g\u0171 hurrik\u00e1n p\u00e9nteken este fordult a ny\u00edlt vizek fel\u00e9, \u00e9s az amerikai Orsz\u00e1gos Hurrik\u00e1n K\u00f6zpont jelz\u00e9sei szerint lassan az \u00e9szakkeleti Massachusetts \u00e1llam, majd Kanada fel\u00e9 tart.<br \/>\n<div class=\"ads-in-post2\"><script async src=\"https:\/\/pagead2.googlesyndication.com\/pagead\/js\/adsbygoogle.js\"><\/script>\r\n<ins class=\"adsbygoogle\"\r\n     style=\"display:block\"\r\n     data-ad-format=\"fluid\"\r\n     data-ad-layout-key=\"-6t+ed+2i-1n-4w\"\r\n     data-ad-client=\"ca-pub-1959107119989764\"\r\n     data-ad-slot=\"4008251320\"><\/ins>\r\n<script>\r\n     (adsbygoogle = window.adsbygoogle || []).push({});\r\n<\/script><\/div>\n        K\u00f6zben p\u00e9nteken este lez\u00e1rult az a vita, amely az amerikai sajt\u00f3ban folyt arr\u00f3l, hogy Donald Trump amerikai eln\u00f6k t\u00e9vedett-e, amikor a d\u00e9li Alabam\u00e1t is a hurrik\u00e1n v\u00e1rhat\u00f3 \u00e1ldozata k\u00f6z\u00f6tt nevezte meg.         Trump m\u00e9g vas\u00e1rnap Twitteren azt \u00edrta, hogy Georgia, \u00c9szak-\u00e9s D\u00e9l-Karolina mellett Alabam\u00e1t is &#8211; mint fogalmazott &#8211; &#8222;val\u00f3sz\u00edn\u0171leg az el\u0151re jelzettn\u00e9l kem\u00e9nyebben s\u00fajtja majd&#8221; a vihar. K\u00e9s\u0151bbi sajt\u00f3t\u00e1j\u00e9koztat\u00f3in az eln\u00f6k a Feh\u00e9r H\u00e1zban t\u00e9rk\u00e9pet is mutatott, amelyen Alabama is a vihar \u00e1ltal vesz\u00e9lyeztetett \u00e1llamok k\u00f6z\u00f6tt szerepelt. Az alabamai meteorol\u00f3giai szolg\u00e1lat Twitteren c\u00e1folta ezt, Trump azonban kitartott \u00e1ll\u00e1spontja mellett, azzal \u00e9rvelve, hogy inform\u00e1ci\u00f3i szakemberekt\u0151l sz\u00e1rmaznak.         P\u00e9nteken este az Orsz\u00e1gos Oceanogr\u00e1fiai \u00e9s L\u00e9gk\u00f6ri Hivatal (NOAA) k\u00f6zlem\u00e9nyt adott ki, amelyben bejelentette: az eln\u00f6k\u00f6t kor\u00e1bban arr\u00f3l t\u00e1j\u00e9koztatt\u00e1k, hogy a Dorian hurrik\u00e1n viharos sz\u00e9ll\u00f6k\u00e9sei el\u00e9rhetik Alabam\u00e1t is. Az err\u0151l sz\u00f3l\u00f3 jelent\u00e9st a NOAA m\u00e9g a m\u00falt h\u00e9ten szerd\u00e1n adta ki, illetve k\u00fcldte meg a Feh\u00e9r H\u00e1znak &#8211; olvashat\u00f3 a hivatal k\u00f6zlem\u00e9ny\u00e9ben.(MTI)<\/p>\n","protected":false},"excerpt":{"rendered":"<p>A meggyeng\u00fclt Dorian hurrik\u00e1n \u00c9szak-Karolina partjait\u00f3l Kanada fel\u00e9 halad, ahol m\u00e1r kihirdett\u00e9k a hurrik\u00e1n-riad\u00f3t.<\/p>\n","protected":false},"author":1001003,"featured_media":0,"comment_status":"closed","ping_status":"open","sticky":false,"template":"","format":"standard","meta":[],"categories":[13],"tags":[],"_links":{"self":[{"href":"https:\/\/gazdasagportal.hu\/index.php\/wp-json\/wp\/v2\/posts\/119392"}],"collection":[{"href":"https:\/\/gazdasagportal.hu\/index.php\/wp-json\/wp\/v2\/posts"}],"about":[{"href":"https:\/\/gazdasagportal.hu\/index.php\/wp-json\/wp\/v2\/types\/post"}],"author":[{"embeddable":true,"href":"https:\/\/gazdasagportal.hu\/index.php\/wp-json\/wp\/v2\/users\/1001003"}],"replies":[{"embeddable":true,"href":"https:\/\/gazdasagportal.hu\/index.php\/wp-json\/wp\/v2\/comments?post=119392"}],"version-history":[{"count":1,"href":"https:\/\/gazdasagportal.hu\/index.php\/wp-json\/wp\/v2\/posts\/119392\/revisions"}],"predecessor-version":[{"id":119393,"href":"https:\/\/gazdasagportal.hu\/index.php\/wp-json\/wp\/v2\/posts\/119392\/revisions\/119393"}],"wp:attachment":[{"href":"https:\/\/gazdasagportal.hu\/index.php\/wp-json\/wp\/v2\/media?parent=119392"}],"wp:term":[{"taxonomy":"category","embeddable":true,"href":"https:\/\/gazdasagportal.hu\/index.php\/wp-json\/wp\/v2\/categories?post=119392"},{"taxonomy":"post_tag","embeddable":true,"href":"https:\/\/gazdasagportal.hu\/index.php\/wp-json\/wp\/v2\/tags?post=119392"}],"curies":[{"name":"wp","href":"https:\/\/api.w.org\/{rel}","templated":true}]}}