{"id":119390,"date":"2019-09-07T07:53:27","date_gmt":"2019-09-07T05:53:27","guid":{"rendered":"http:\/\/gazdasagportal.hu\/?p=119390"},"modified":"2019-09-07T07:53:27","modified_gmt":"2019-09-07T05:53:27","slug":"amerikai-importvamok-az-egykori-hideghaboruhoz-hasonlitotta-a-kereskedelmi-vitat-kinaval-az-amerikai-elnok-gazdasagi-tanacsadoja","status":"publish","type":"post","link":"https:\/\/gazdasagportal.hu\/index.php\/amerikai-importvamok-az-egykori-hideghaboruhoz-hasonlitotta-a-kereskedelmi-vitat-kinaval-az-amerikai-elnok-gazdasagi-tanacsadoja\/","title":{"rendered":"Amerikai importv\u00e1mok &#8211; Az egykori hidegh\u00e1bor\u00fahoz hasonl\u00edtotta a kereskedelmi vit\u00e1t K\u00edn\u00e1val az amerikai eln\u00f6k gazdas\u00e1gi tan\u00e1csad\u00f3ja"},"content":{"rendered":"<p><strong>Larry Kudlow, a Feh\u00e9r H\u00e1z Gazdas\u00e1gi Bizotts\u00e1g\u00e1nak vezet\u0151je az egykori amerikai-orosz hidegh\u00e1bor\u00fahoz hasonl\u00edtotta a kereskedelmi vit\u00e1t K\u00edn\u00e1val, amikor \u00fajs\u00e1g\u00edr\u00f3knak nyilatkozott p\u00e9nteken Washingtonban.<\/strong><code><br \/>\n<div class=\"ads-in-post1\"><div id=\"gazdasagportal.hu_fullbanner_wideboard\"><\/div>\r\n<\/div>\n<p>    Donald Trump eln\u00f6k gazdas\u00e1gi tan\u00e1csad\u00f3j\u00e1nak szavait az amerikai komment\u00e1torok \u00fagy \u00e9rtelmezt\u00e9k, hogy a kereskedelmi vita ak\u00e1r olyan hossz\u00fara is ny\u00falhat, mint az Egyes\u00fclt \u00c1llamok \u00e9s az egykori Szovjetuni\u00f3 k\u00f6z\u00f6tti, hidegh\u00e1bor\u00fas id\u0151szak.<br \/>\n    Kudlow azt hangoztatta, hogy Donald Trump nem tartja s\u00fcrg\u0151snek a meg\u00e1llapod\u00e1st puszt\u00e1n amiatt, hogy j\u00f6v\u0151re az Egyes\u00fclt \u00c1llamokban eln\u00f6kv\u00e1laszt\u00e1s lesz. \"A t\u00e9t olyan nagy, hogy j\u00f3 meg\u00e1llapod\u00e1st kell k\u00f6tn\u00fcnk, \u00e9s ha ehhez \u00e9vtizedek kellenek, h\u00e1t legyen!\" - fogalmazott Kudlow. Ezzel \u00f6sszef\u00fcgg\u00e9sben jegyezte meg, hogy az Egyes\u00fclt \u00c1llamoknak \u00e9vtizedekbe telt, mire Oroszorsz\u00e1ggal el\u00e9rte azt az eredm\u00e9nyt, amit akart. \"Eml\u00e9kszem, Reagan eln\u00f6k hasonl\u00f3 k\u00fczdelmet folytatott a Szovjetuni\u00f3val\" - f\u0171zte hozz\u00e1.<br \/>\n<div class=\"ads-in-post2\"><script async src=\"https:\/\/pagead2.googlesyndication.com\/pagead\/js\/adsbygoogle.js\"><\/script>\r\n<ins class=\"adsbygoogle\"\r\n     style=\"display:block\"\r\n     data-ad-format=\"fluid\"\r\n     data-ad-layout-key=\"-6t+ed+2i-1n-4w\"\r\n     data-ad-client=\"ca-pub-1959107119989764\"\r\n     data-ad-slot=\"4008251320\"><\/ins>\r\n<script>\r\n     (adsbygoogle = window.adsbygoogle || []).push({});\r\n<\/script><\/div>\n    \"Id\u0151nk\u00e9nt az embernek ki kell tartania, \u00e9s megtapasztalj\u00e1k majd, hogy ennek az eln\u00f6knek a kitart\u00e1sa korl\u00e1tlan, mert hisz abban, hogy az orsz\u00e1got \u00e9s a dolgoz\u00f3it, valamint az orsz\u00e1g biztons\u00e1g\u00e1t v\u00e9delmezi\" - hangs\u00falyozta a gazdas\u00e1gi tan\u00e1csad\u00f3. \u00dagy v\u00e9lte, hogy Trump eln\u00f6knek siker\u00fclt meggy\u0151znie az amerikaiakat a K\u00edn\u00e1val folytatand\u00f3 t\u00e1rgyal\u00e1sok fontoss\u00e1g\u00e1r\u00f3l. Lesz\u00f6gezte azt is, hogy szerinte ez a kereskedelmi vita \"nagy horderej\u0171 gazdas\u00e1gi \u00e9s emberi jogi k\u00e9rd\u00e9s, de tal\u00e1n mindenn\u00e9l nagyobb horderej\u0171 nemzetbiztons\u00e1gi k\u00e9rd\u00e9s\".<br \/>\n    Az amerikai \u00e9s a k\u00ednai tiszts\u00e9gvisel\u0151k a napokban egyeztek meg arr\u00f3l, hogy a kereskedelmi t\u00e1rgyal\u00e1sok \u00fajabb fordul\u00f3j\u00e1t okt\u00f3berben tartj\u00e1k meg.(MTI)<\/p>\n","protected":false},"excerpt":{"rendered":"<p>Larry Kudlow, a Feh\u00e9r H\u00e1z Gazdas\u00e1gi Bizotts\u00e1g\u00e1nak vezet\u0151je az egykori amerikai-orosz hidegh\u00e1bor\u00fahoz hasonl\u00edtotta a kereskedelmi vit\u00e1t K\u00edn\u00e1val, amikor \u00fajs\u00e1g\u00edr\u00f3knak nyilatkozott p\u00e9nteken Washingtonban. Donald Trump eln\u00f6k gazdas\u00e1gi tan\u00e1csad\u00f3j\u00e1nak szavait az amerikai komment\u00e1torok \u00fagy \u00e9rtelmezt\u00e9k, hogy a kereskedelmi vita ak\u00e1r olyan hossz\u00fara is ny\u00falhat, mint az Egyes\u00fclt \u00c1llamok \u00e9s az egykori Szovjetuni\u00f3 k\u00f6z\u00f6tti, hidegh\u00e1bor\u00fas id\u0151szak. Kudlow azt &#8230;<\/p>\n","protected":false},"author":1001003,"featured_media":0,"comment_status":"closed","ping_status":"open","sticky":false,"template":"","format":"standard","meta":[],"categories":[246],"tags":[],"_links":{"self":[{"href":"https:\/\/gazdasagportal.hu\/index.php\/wp-json\/wp\/v2\/posts\/119390"}],"collection":[{"href":"https:\/\/gazdasagportal.hu\/index.php\/wp-json\/wp\/v2\/posts"}],"about":[{"href":"https:\/\/gazdasagportal.hu\/index.php\/wp-json\/wp\/v2\/types\/post"}],"author":[{"embeddable":true,"href":"https:\/\/gazdasagportal.hu\/index.php\/wp-json\/wp\/v2\/users\/1001003"}],"replies":[{"embeddable":true,"href":"https:\/\/gazdasagportal.hu\/index.php\/wp-json\/wp\/v2\/comments?post=119390"}],"version-history":[{"count":1,"href":"https:\/\/gazdasagportal.hu\/index.php\/wp-json\/wp\/v2\/posts\/119390\/revisions"}],"predecessor-version":[{"id":119391,"href":"https:\/\/gazdasagportal.hu\/index.php\/wp-json\/wp\/v2\/posts\/119390\/revisions\/119391"}],"wp:attachment":[{"href":"https:\/\/gazdasagportal.hu\/index.php\/wp-json\/wp\/v2\/media?parent=119390"}],"wp:term":[{"taxonomy":"category","embeddable":true,"href":"https:\/\/gazdasagportal.hu\/index.php\/wp-json\/wp\/v2\/categories?post=119390"},{"taxonomy":"post_tag","embeddable":true,"href":"https:\/\/gazdasagportal.hu\/index.php\/wp-json\/wp\/v2\/tags?post=119390"}],"curies":[{"name":"wp","href":"https:\/\/api.w.org\/{rel}","templated":true}]}}