{"id":119384,"date":"2019-09-06T14:43:13","date_gmt":"2019-09-06T12:43:13","guid":{"rendered":"http:\/\/gazdasagportal.hu\/?p=119384"},"modified":"2019-09-06T14:43:13","modified_gmt":"2019-09-06T12:43:13","slug":"a-francia-allam-segitene-a-csodeljaras-ala-kerult-aigle-azur-legitarsasag-kulfoldon-rekedt-utasainak-hazajutasaban","status":"publish","type":"post","link":"https:\/\/gazdasagportal.hu\/index.php\/a-francia-allam-segitene-a-csodeljaras-ala-kerult-aigle-azur-legitarsasag-kulfoldon-rekedt-utasainak-hazajutasaban\/","title":{"rendered":"A francia \u00e1llam seg\u00edtene a cs\u0151delj\u00e1r\u00e1s al\u00e1 ker\u00fclt Aigle Azur l\u00e9git\u00e1rsas\u00e1g k\u00fclf\u00f6ld\u00f6n rekedt utasainak hazajut\u00e1s\u00e1ban"},"content":{"rendered":"<p><strong>A francia \u00e1llam az Air France-KLM \u00e9s m\u00e1s l\u00e9git\u00e1rsas\u00e1gok seg\u00edts\u00e9g\u00e9vel keresi a megold\u00e1st a cs\u0151delj\u00e1r\u00e1s al\u00e1 ker\u00fclt m\u00e1sodik legnagyobb francia l\u00e9git\u00e1rsas\u00e1g, az Aigle Azur k\u00fclf\u00f6ld\u00f6n rekedt, t\u00f6bb ezer utas\u00e1nak hazasz\u00e1ll\u00edt\u00e1s\u00e1ra &#8211; jelentette be p\u00e9nteken Jean-Baptiste Djebbari francia k\u00f6zleked\u00e9si \u00e1llamtitk\u00e1r.<\/strong><!--more--><\/p>\n<div class=\"ads-in-post1\"><div id=\"gazdasagportal.hu_fullbanner_wideboard\"><\/div>\r\n<\/div>\n<p>A francia v\u00e1rosokb\u00f3l els\u0151sorban \u00e9szak-afrikai orsz\u00e1gok fel\u00e9 j\u00e1ratokat ind\u00edt\u00f3 Aigle Azur cs\u00fct\u00f6rt\u00f6k este jelentette be, hogy szombatt\u00f3l minden j\u00e1rat\u00e1t t\u00f6rli, \u00e9s az anyagi helyzete miatt k\u00e9ptelen k\u00e1rt\u00e9r\u00edt\u00e9st fizetni az utasainak, valamint megpr\u00f3b\u00e1l h\u00e9tf\u0151ig egy olyan vev\u0151t tal\u00e1lni, amely \u00e1tvenn\u00e9 a c\u00e9g minden tev\u00e9kenys\u00e9g\u00e9t.<br \/>\n&#8222;T\u00f6bb ezer utas rekedt k\u00fclf\u00f6ld\u00f6n. Nincsenek pontos adataink, de utasok rekedtek Alg\u00e9ri\u00e1ban \u00e9s Maliban&#8221; &#8211; mondta az \u00e1llamtitk\u00e1r. &#8222;T\u00e1rgyalunk a francia l\u00e9git\u00e1rsas\u00e1gokkal, az Air France csoporttal, hogy megtal\u00e1ljuk a lehet\u0151 legmegfelel\u0151bb megold\u00e1sokat az\u00e9rt, hogy egyetlen k\u00fclf\u00f6ld\u00f6n rekedt utas se maradjon megold\u00e1s n\u00e9lk\u00fcl&#8221; &#8211; tette hozz\u00e1.<br \/>\nA francia korm\u00e1nytag &#8211; aki kor\u00e1bban pil\u00f3tak\u00e9nt dolgozott &#8211; meger\u0151s\u00edtette, hogy az \u00e1llam befagyasztotta az Aigle Azur ad\u00f3ss\u00e1gainak egy r\u00e9sz\u00e9t az\u00e9rt, hogy a l\u00e9git\u00e1rsas\u00e1g a lehet\u0151 legtov\u00e1bb m\u0171k\u00f6dhessen, \u00e9s haza tudja sz\u00e1ll\u00edtani az utasait \u00e9s folytathassa addig a tev\u00e9kenys\u00e9g\u00e9t, am\u00edg nem tal\u00e1l megfelel\u0151 vev\u0151t.<br \/>\nAz \u00e1llamtitk\u00e1r elmondta: l\u00e9tezik egy nemzetk\u00f6zi jogseg\u00e9lyrendszer, amelynek keret\u00e9ben egy j\u00e1ratait elind\u00edtani k\u00e9ptelen v\u00e1llalat b\u00e9relhet j\u00e1ratokat m\u00e1s l\u00e9git\u00e1rsas\u00e1gt\u00f3l.<br \/>\n<div class=\"ads-in-post2\"><script async src=\"https:\/\/pagead2.googlesyndication.com\/pagead\/js\/adsbygoogle.js\"><\/script>\r\n<ins class=\"adsbygoogle\"\r\n     style=\"display:block\"\r\n     data-ad-format=\"fluid\"\r\n     data-ad-layout-key=\"-6t+ed+2i-1n-4w\"\r\n     data-ad-client=\"ca-pub-1959107119989764\"\r\n     data-ad-slot=\"4008251320\"><\/ins>\r\n<script>\r\n     (adsbygoogle = window.adsbygoogle || []).push({});\r\n<\/script><\/div>\n&#8222;Az \u00e1llam figyelemmel k\u00eds\u00e9ri \u00e9s megpr\u00f3b\u00e1lja seg\u00edteni az \u00e1tv\u00e9teli projektet&#8221; &#8211; k\u00f6z\u00f6lte az \u00e1llamtitk\u00e1r. Jelezte, hogy t\u00f6bb l\u00e9git\u00e1rsas\u00e1ggal \u00e9s m\u00e1s l\u00e9gi tev\u00e9kenys\u00e9get folytat\u00f3 v\u00e1llatokkal is t\u00e1rgyal\u00e1sok kezd\u0151dtek az Aigle Azur tev\u00e9kenys\u00e9geinek \u00e1tv\u00e9tel\u00e9r\u0151l.<br \/>\nAz 1200 embert foglalkoztat\u00f3 Aigle Azur cs\u00fct\u00f6rt\u00f6k d\u00e9lut\u00e1n le\u00e1ll\u00edtotta a Malib\u00f3l, Portug\u00e1li\u00e1b\u00f3l \u00e9s Braz\u00edli\u00e1b\u00f3l \u00e9rkez\u0151 j\u00e1ratait, majd el\u0151sz\u00f6r a dolgoz\u00f3ival k\u00f6z\u00f6lte, k\u00e9s\u0151bb pedig az utasait is t\u00e1j\u00e9koztatta arr\u00f3l, hogy nincs m\u00e1s v\u00e1laszt\u00e1sa, mint a f\u00f6ld\u00f6n tartani a g\u00e9peit. A p\u00e9ntekre tervezett 44 j\u00e1rat m\u00e9g elindul, kiv\u00e9ve egyet, amely Franciaorsz\u00e1g \u00e9s Alg\u00e9ria k\u00f6z\u00f6tt k\u00f6zlekedik.<br \/>\nAz Air France p\u00e9nteken k\u00f6z\u00f6lte, hogy kedvezm\u00e9nyes \u00e1rat hirdet meg az Aigle Azur k\u00fclf\u00f6ld\u00f6n rekedt utasainak, a Vueling okt\u00f3ber 15-ig Alg\u00edr \u00e9s Marseille k\u00f6z\u00f6tt 80, Porto \u00e9s P\u00e1rizs k\u00f6z\u00f6tt pedig 100 eur\u00f3\u00e9rt k\u00edn\u00e1l jegyet a cs\u0151dbe ment v\u00e1llalat utasainak.<br \/>\nAz Aigle Azur 11 g\u00e9p\u00e9vel tavaly 1,88 milli\u00f3 utast sz\u00e1ll\u00edtott \u00e9s 300 milli\u00f3 eur\u00f3s forgalmat k\u00f6nyvelt el.<\/p>\n<p>(MTI)<\/p><div id=\"gazda-3184861083\" class=\"gazda-tartalomban gazda-entity-placement\"><script async src=\"https:\/\/pagead2.googlesyndication.com\/pagead\/js\/adsbygoogle.js\"><\/script>\r\n<ins class=\"adsbygoogle\"\r\n     style=\"display:block\"\r\n     data-ad-format=\"fluid\"\r\n     data-ad-layout-key=\"-6t+ed+2i-1n-4w\"\r\n     data-ad-client=\"ca-pub-1959107119989764\"\r\n     data-ad-slot=\"4008251320\"><\/ins>\r\n<script>\r\n     (adsbygoogle = window.adsbygoogle || []).push({});\r\n<\/script><\/div>\n<p>&nbsp;<\/p>\n","protected":false},"excerpt":{"rendered":"<p>A francia \u00e1llam az Air France-KLM \u00e9s m\u00e1s l\u00e9git\u00e1rsas\u00e1gok seg\u00edts\u00e9g\u00e9vel keresi a megold\u00e1st a cs\u0151delj\u00e1r\u00e1s al\u00e1 ker\u00fclt m\u00e1sodik legnagyobb francia l\u00e9git\u00e1rsas\u00e1g, az Aigle Azur k\u00fclf\u00f6ld\u00f6n rekedt, t\u00f6bb ezer utas\u00e1nak hazasz\u00e1ll\u00edt\u00e1s\u00e1ra &#8211; jelentette be p\u00e9nteken Jean-Baptiste Djebbari francia k\u00f6zleked\u00e9si \u00e1llamtitk\u00e1r.<\/p>\n","protected":false},"author":1,"featured_media":0,"comment_status":"closed","ping_status":"open","sticky":false,"template":"","format":"standard","meta":[],"categories":[12,246],"tags":[],"_links":{"self":[{"href":"https:\/\/gazdasagportal.hu\/index.php\/wp-json\/wp\/v2\/posts\/119384"}],"collection":[{"href":"https:\/\/gazdasagportal.hu\/index.php\/wp-json\/wp\/v2\/posts"}],"about":[{"href":"https:\/\/gazdasagportal.hu\/index.php\/wp-json\/wp\/v2\/types\/post"}],"author":[{"embeddable":true,"href":"https:\/\/gazdasagportal.hu\/index.php\/wp-json\/wp\/v2\/users\/1"}],"replies":[{"embeddable":true,"href":"https:\/\/gazdasagportal.hu\/index.php\/wp-json\/wp\/v2\/comments?post=119384"}],"version-history":[{"count":1,"href":"https:\/\/gazdasagportal.hu\/index.php\/wp-json\/wp\/v2\/posts\/119384\/revisions"}],"predecessor-version":[{"id":119385,"href":"https:\/\/gazdasagportal.hu\/index.php\/wp-json\/wp\/v2\/posts\/119384\/revisions\/119385"}],"wp:attachment":[{"href":"https:\/\/gazdasagportal.hu\/index.php\/wp-json\/wp\/v2\/media?parent=119384"}],"wp:term":[{"taxonomy":"category","embeddable":true,"href":"https:\/\/gazdasagportal.hu\/index.php\/wp-json\/wp\/v2\/categories?post=119384"},{"taxonomy":"post_tag","embeddable":true,"href":"https:\/\/gazdasagportal.hu\/index.php\/wp-json\/wp\/v2\/tags?post=119384"}],"curies":[{"name":"wp","href":"https:\/\/api.w.org\/{rel}","templated":true}]}}