{"id":119364,"date":"2019-09-06T07:40:21","date_gmt":"2019-09-06T05:40:21","guid":{"rendered":"http:\/\/gazdasagportal.hu\/?p=119364"},"modified":"2019-09-06T07:40:21","modified_gmt":"2019-09-06T05:40:21","slug":"kozgazdasz-vandorgyules-matolcsy-a-magyar-novekedesi-modell-tovabbfejlesztesere-van-szukseg","status":"publish","type":"post","link":"https:\/\/gazdasagportal.hu\/index.php\/kozgazdasz-vandorgyules-matolcsy-a-magyar-novekedesi-modell-tovabbfejlesztesere-van-szukseg\/","title":{"rendered":"K\u00f6zgazd\u00e1sz-v\u00e1ndorgy\u0171l\u00e9s &#8211; Matolcsy: a magyar n\u00f6veked\u00e9si modell tov\u00e1bbfejleszt\u00e9s\u00e9re van sz\u00fcks\u00e9g"},"content":{"rendered":"<p><strong>A magyar n\u00f6veked\u00e9si modell tov\u00e1bbfejleszt\u00e9s\u00e9re van sz\u00fcks\u00e9g, hossz\u00fa t\u00e1v\u00fa \u00e9s fenntarthat\u00f3 felz\u00e1rk\u00f3z\u00e1si p\u00e1ly\u00e1ra kell \u00e1llnia a magyar gazdas\u00e1gnak, a glob\u00e1lis &#8222;gazdas\u00e1gi kl\u00edmav\u00e1ltoz\u00e1sra&#8221; \u00faj v\u00e1laszok kellenek, \u00e1ltal\u00e1nos konjunkt\u00fara-\u00e9l\u00e9nk\u00edt\u0151 program kell a versenyk\u00e9pess\u00e9g jav\u00edt\u00e1sa mellett &#8211; mondta Matolcsy Gy\u00f6rgy, a Magyar Nemzeti Bank eln\u00f6ke cs\u00fct\u00f6rt\u00f6k\u00f6n Ny\u00edregyh\u00e1z\u00e1n, az 57. K\u00f6zgazd\u00e1sz-v\u00e1ndorgy\u0171l\u00e9s nyit\u00f3 plen\u00e1ris \u00fcl\u00e9s\u00e9n.<\/strong><!--more--><\/p>\n<div class=\"ads-in-post1\"><div id=\"gazdasagportal.hu_fullbanner_wideboard\"><\/div>\r\n<\/div>\n<p>    Magyarorsz\u00e1g az elm\u00falt \u00e9vekben a legsebezhet\u0151bb orsz\u00e1gok k\u00f6z\u00fcl \u00e1tker\u00fclt a kev\u00e9sb\u00e9 sebezhet\u0151 orsz\u00e1gok k\u00f6z\u00e9, \u00e9s az MNB sz\u00e1m\u00edt\u00e1sai szerint 2021-re teljesen elt\u0171nhet a magyar nett\u00f3 k\u00fcls\u0151 ad\u00f3ss\u00e1g. Ennek ellen\u00e9re komoly kih\u00edv\u00e1sok, &#8222;12 plusz 1&#8221; vesz\u00e9ly fenyegeti az eur\u00f3pai gazdas\u00e1gi fejl\u0151d\u00e9st, ezzel egy\u00fctt a magyar felz\u00e1rk\u00f3z\u00e1si folyamatot &#8211; jelezte. A magyar gazdas\u00e1gnak 4 ter\u00fcleten kell el\u0151rel\u00e9pnie: az MNB \u00e1ltal javasolt versenyk\u00e9pess\u00e9gi fordulat 330 pontj\u00e1t v\u00e9gre kell hajtani, emellett \u00e1ltal\u00e1nos konjunkt\u00farajav\u00edt\u00f3 int\u00e9zked\u00e9sekre \u00e9s c\u00e9lzott, ipar\u00e1g-er\u0151s\u00edt\u0151 l\u00e9p\u00e9sek is kellenek, a munkaer\u0151piaci felt\u00e9telek fenntart\u00e1sa mellett &#8211; emelte ki. Hozz\u00e1tette, ennek sor\u00e1n v\u00e9gig kell gondolni a k\u00f6lts\u00e9gvet\u00e9si tartal\u00e9k k\u00e9rd\u00e9s\u00e9t. \u00daj programra, a magyar modell 2.0-ra van sz\u00fcks\u00e9g a 2030-ig tart\u00f3 id\u0151szakban, nem el\u00e9g a versenyk\u00e9pess\u00e9g jav\u00edt\u00e1sa, \u00e1ltal\u00e1nos konjunkt\u00fara-\u00e9l\u00e9nk\u00edt\u0151 program kell &#8211; sz\u00f6gezte le.<br \/>\n    Matolcsy Gy\u00f6rgy hangs\u00falyozta azt is, hogy az inform\u00e1ci\u00f3 \u00e9s energia lehet az \u00faj p\u00e9nzvil\u00e1g alapja &#8222;Az adat az \u00faj arany&#8221; &#8211; mondta.<br \/>\n    Magyarorsz\u00e1g 2013 \u00f3ta tart\u00f3, folyamatos felz\u00e1rk\u00f3z\u00e1s\u00e1t jelent\u0151s sikernek nevezte a jegybankeln\u00f6k, ahogy a gazdas\u00e1g \u00e1tlagosan 3,5 sz\u00e1zal\u00e9kot meghalad\u00f3 GDP-n\u00f6veked\u00e9s\u00e9t is 2013 \u00e9s 2019 k\u00f6z\u00f6tt, de jelezte: a k\u00f6vetkez\u0151 \u00e9vekben &#8222;viharok j\u00f6nnek&#8221;, v\u00e1ls\u00e1gszer\u0171 helyzetek alakulhatnak ki. Lengyelorsz\u00e1g p\u00e9ld\u00e1ja azt mutatja, hogy ezeket az id\u0151ket t\u00fal lehet \u00e9lni, a sikeres magyar v\u00e1ls\u00e1gkezel\u00e9s miatt Magyarorsz\u00e1g m\u00e1r a lengyelekhez hasonl\u00f3an teljes\u00edt &#8211; tette hozz\u00e1. A felz\u00e1rk\u00f3z\u00e1shoz biztos\u00edtani kell, hogy a magyar gazdas\u00e1g a k\u00f6vetkez\u0151 \u00e9vekben is 2 sz\u00e1zal\u00e9kponttal n\u0151j\u00f6n gyorsabban az Eur\u00f3pai Uni\u00f3 fejlett, nyugat-eur\u00f3pai \u00e1llamainak \u00e1tlag\u00e1n\u00e1l &#8211; ism\u00e9telte meg.<br \/>\n<div class=\"ads-in-post2\"><script async src=\"https:\/\/pagead2.googlesyndication.com\/pagead\/js\/adsbygoogle.js\"><\/script>\r\n<ins class=\"adsbygoogle\"\r\n     style=\"display:block\"\r\n     data-ad-format=\"fluid\"\r\n     data-ad-layout-key=\"-6t+ed+2i-1n-4w\"\r\n     data-ad-client=\"ca-pub-1959107119989764\"\r\n     data-ad-slot=\"4008251320\"><\/ins>\r\n<script>\r\n     (adsbygoogle = window.adsbygoogle || []).push({});\r\n<\/script><\/div>\n    A fenyeget\u00e9sek k\u00f6z\u00f6tt eml\u00edtette a keleti nyit\u00e1s folyamat\u00e1nak megtorpan\u00e1s\u00e1t, mert az Egyes\u00fclt \u00c1llamok \u00e9s K\u00edna k\u00f6z\u00f6tt kibontakoz\u00f3 kereskedelmi konfliktus l\u00e9nyege szerinte nem m\u00e1s, mint egy fenn\u00e1ll\u00f3 gazdas\u00e1gi hatalom \u00e9s egy felt\u00f6rekv\u0151 hatalom \u00fctk\u00f6z\u00e9se, amely t\u00f6bb, mint egy kereskedelmi h\u00e1bor\u00fa. B\u00e1r cs\u00f6kkent Nagy-Britannia meg\u00e1llapod\u00e1s n\u00e9lk\u00fcli uni\u00f3s kil\u00e9p\u00e9s\u00e9nek es\u00e9lye, azonban a Brexit tov\u00e1bbra is fenyeget\u00e9st jelent, a brit gazdas\u00e1g teljes\u00edtm\u00e9ny\u00e9nek v\u00e1ltoz\u00e1sa komoly hat\u00e1ssal lesz a magyar felz\u00e1rk\u00f3z\u00e1sra is, Olaszorsz\u00e1g probl\u00e9m\u00e1i pedig tov\u00e1bbra is megoldatlanok, miut\u00e1n a gazdas\u00e1ga meglehet\u0151sen s\u00e9r\u00fcl\u00e9kenny\u00e9 v\u00e1lt. A n\u00e9met gazdas\u00e1g &#8222;s\u00fcllyed\u0151ben&#8221; van, az aut\u00f3iparban komoly hib\u00e1k t\u00f6rt\u00e9ntek, amelyek vissza\u00fctnek a gazdas\u00e1gra \u00e9s s\u00e9r\u00fcl\u00e9keny a bankrendszer is, a kelet-k\u00f6z\u00e9p-eur\u00f3pai r\u00e9gi\u00f3 pedig er\u0151sen f\u00fcgg a n\u00e9met gazdas\u00e1gt\u00f3l. Az eddig hozz\u00e1j\u00e1rult a magyar gazdas\u00e1gi sikerekhez is, azonban a n\u00e9met ipar lassul\u00e1sa 6-9 h\u00f3napon bel\u00fcl begy\u0171r\u0171zik Magyarorsz\u00e1gra &#8211; sorolta.<br \/>\n    Az Eur\u00f3pai K\u00f6zponti Bank (EKB) mozg\u00e1stere lesz\u0171k\u00fclt, Mario Draghi egyed\u00fcl megmentette az eur\u00f3t, de a nagy jegybankok mozg\u00e1stere m\u00e1r korl\u00e1tozott &#8211; mutatott r\u00e1 Matolcsy Gy\u00f6rgy, megjegyezve a korm\u00e1nyok \u00e9s a jegybankok egy\u00fcttm\u0171k\u00f6d\u00e9s\u00e9nek fontoss\u00e1g\u00e1t. Mindek\u00f6zben s\u00e9r\u00fcl\u00e9keny orsz\u00e1gok vannak Magyarorsz\u00e1g k\u00f6zvetlen k\u00f6rnyezet\u00e9ben, de a Braz\u00edli\u00e1ban vagy Argent\u00edn\u00e1ban t\u00f6rt\u00e9ntek is befoly\u00e1solj\u00e1k a forint \u00e1rfolyam\u00e1t &#8211; mondta.<br \/>\n    A kedvez\u0151 munkaer\u0151piaci helyzetet meg kell er\u0151s\u00edteni, mert a legnagyobb fordulat a munka vil\u00e1g\u00e1ban t\u00f6rt\u00e9nt 2010 \u00f3ta. K\u00fclf\u00f6ldr\u0151l is \u00e9rdemes hazah\u00edvni a csal\u00e1dokat \u00e9s munkav\u00e1llal\u00f3kat, valamint emelni kell a b\u00e9rek v\u00e1s\u00e1rl\u00f3erej\u00e9t is &#8211; emelte ki a jegybank eln\u00f6ke.(MTI)<\/p>\n","protected":false},"excerpt":{"rendered":"<p>A magyar n\u00f6veked\u00e9si modell tov\u00e1bbfejleszt\u00e9s\u00e9re van sz\u00fcks\u00e9g, hossz\u00fa t\u00e1v\u00fa \u00e9s fenntarthat\u00f3 felz\u00e1rk\u00f3z\u00e1si p\u00e1ly\u00e1ra kell \u00e1llnia a magyar gazdas\u00e1gnak, a glob\u00e1lis &#8222;gazdas\u00e1gi kl\u00edmav\u00e1ltoz\u00e1sra&#8221; \u00faj v\u00e1laszok kellenek, \u00e1ltal\u00e1nos konjunkt\u00fara-\u00e9l\u00e9nk\u00edt\u0151 program kell a versenyk\u00e9pess\u00e9g jav\u00edt\u00e1sa mellett &#8211; mondta Matolcsy Gy\u00f6rgy, a Magyar Nemzeti Bank eln\u00f6ke cs\u00fct\u00f6rt\u00f6k\u00f6n Ny\u00edregyh\u00e1z\u00e1n, az 57. K\u00f6zgazd\u00e1sz-v\u00e1ndorgy\u0171l\u00e9s nyit\u00f3 plen\u00e1ris \u00fcl\u00e9s\u00e9n.<\/p>\n","protected":false},"author":1,"featured_media":0,"comment_status":"closed","ping_status":"open","sticky":false,"template":"","format":"standard","meta":[],"categories":[19],"tags":[],"_links":{"self":[{"href":"https:\/\/gazdasagportal.hu\/index.php\/wp-json\/wp\/v2\/posts\/119364"}],"collection":[{"href":"https:\/\/gazdasagportal.hu\/index.php\/wp-json\/wp\/v2\/posts"}],"about":[{"href":"https:\/\/gazdasagportal.hu\/index.php\/wp-json\/wp\/v2\/types\/post"}],"author":[{"embeddable":true,"href":"https:\/\/gazdasagportal.hu\/index.php\/wp-json\/wp\/v2\/users\/1"}],"replies":[{"embeddable":true,"href":"https:\/\/gazdasagportal.hu\/index.php\/wp-json\/wp\/v2\/comments?post=119364"}],"version-history":[{"count":1,"href":"https:\/\/gazdasagportal.hu\/index.php\/wp-json\/wp\/v2\/posts\/119364\/revisions"}],"predecessor-version":[{"id":119365,"href":"https:\/\/gazdasagportal.hu\/index.php\/wp-json\/wp\/v2\/posts\/119364\/revisions\/119365"}],"wp:attachment":[{"href":"https:\/\/gazdasagportal.hu\/index.php\/wp-json\/wp\/v2\/media?parent=119364"}],"wp:term":[{"taxonomy":"category","embeddable":true,"href":"https:\/\/gazdasagportal.hu\/index.php\/wp-json\/wp\/v2\/categories?post=119364"},{"taxonomy":"post_tag","embeddable":true,"href":"https:\/\/gazdasagportal.hu\/index.php\/wp-json\/wp\/v2\/tags?post=119364"}],"curies":[{"name":"wp","href":"https:\/\/api.w.org\/{rel}","templated":true}]}}