{"id":119360,"date":"2019-09-05T20:07:04","date_gmt":"2019-09-05T18:07:04","guid":{"rendered":"http:\/\/gazdasagportal.hu\/?p=119360"},"modified":"2019-09-05T19:08:18","modified_gmt":"2019-09-05T17:08:18","slug":"tozsdezaras-emelkedessel-zartak-a-fobb-nyugat-europai-tozsdek-3","status":"publish","type":"post","link":"https:\/\/gazdasagportal.hu\/index.php\/tozsdezaras-emelkedessel-zartak-a-fobb-nyugat-europai-tozsdek-3\/","title":{"rendered":"T\u0151zsdez\u00e1r\u00e1s &#8211; Emelked\u00e9ssel z\u00e1rtak a f\u0151bb nyugat-eur\u00f3pai t\u0151zsd\u00e9k"},"content":{"rendered":"<p><strong>London kiv\u00e9tel\u00e9vel emelked\u00e9ssel z\u00e1rtak a vezet\u0151 eur\u00f3pai t\u0151zsd\u00e9k cs\u00fct\u00f6rt\u00f6k\u00f6n a kedvez\u0151 glob\u00e1lis kereskedelmi \u00e9s politikai fejlem\u00e9nyeknek.<\/strong><!--more--><\/p>\n<div class=\"ads-in-post1\"><div id=\"gazdasagportal.hu_fullbanner_wideboard\"><\/div>\r\n<\/div>\n<p>    A londoni FTSE-100 mutat\u00f3 0,55 sz\u00e1zal\u00e9kos m\u00ednuszban, m\u00edg a frankfurti DAX-index 0,87 sz\u00e1zal\u00e9kos, a p\u00e1rizsi CAC-40 index pedig 1,11 sz\u00e1zal\u00e9kos pluszban z\u00e1rt. Mil\u00e1n\u00f3ban 0,96 sz\u00e1zal\u00e9kkal, Madridban pedig 1,51 sz\u00e1zal\u00e9kkal n\u0151tt az ir\u00e1nyad\u00f3 t\u0151zsdemutat\u00f3. A p\u00e1neur\u00f3pai indexek k\u00f6z\u00fcl a Stoxx Europe 600 0,72 sz\u00e1zal\u00e9kkal, az FTSE Eurofirst 300 index pedig 0,66 sz\u00e1zal\u00e9kkal, m\u00edg az eur\u00f3\u00f6vezeti EuroStoxx50 0,95 sz\u00e1zal\u00e9kkal n\u0151tt.<br \/>\n    A New York-i t\u0151zsdeindexek er\u0151s nyeres\u00e9get mutattak az eur\u00f3pai t\u0151zsdez\u00e1r\u00e1s idej\u00e9n: a Dow Jones ipari \u00e1tlag 1,72 sz\u00e1zal\u00e9kos, az S&#038;P 500-as index 1,42 sz\u00e1zal\u00e9kos, a Nasdaq-piac \u00f6sszetett mutat\u00f3ja pedig 1,67 sz\u00e1zal\u00e9kos pluszban \u00e1llt.<br \/>\n    Er\u0151s\u00edtette a kock\u00e1zatv\u00e1llal\u00e1si hajland\u00f3s\u00e1got szerte a vil\u00e1gban, hogy a k\u00ednai kereskedelmi miniszt\u00e9rium cs\u00fct\u00f6rt\u00f6k\u00f6n bejelentette, a k\u00e9t orsz\u00e1g f\u0151t\u00e1rgyal\u00f3i telefonon besz\u00e9ltek, \u00e9s abban \u00e1llapodtak meg, hogy okt\u00f3berben \u00fclnek \u00f6ssze.<br \/>\n<div class=\"ads-in-post2\"><script async src=\"https:\/\/pagead2.googlesyndication.com\/pagead\/js\/adsbygoogle.js\"><\/script>\r\n<ins class=\"adsbygoogle\"\r\n     style=\"display:block\"\r\n     data-ad-format=\"fluid\"\r\n     data-ad-layout-key=\"-6t+ed+2i-1n-4w\"\r\n     data-ad-client=\"ca-pub-1959107119989764\"\r\n     data-ad-slot=\"4008251320\"><\/ins>\r\n<script>\r\n     (adsbygoogle = window.adsbygoogle || []).push({});\r\n<\/script><\/div>\n    Nagy-Britanni\u00e1ban a parlament als\u00f3h\u00e1za elfogadta szerda este azt a t\u00f6rv\u00e9nytervezetet, amely megtiltja a korm\u00e1nynak Nagy-Britannia rendezetlen, meg\u00e1llapod\u00e1s n\u00e9lk\u00fcli kil\u00e9ptet\u00e9s\u00e9t az Eur\u00f3pai Uni\u00f3b\u00f3l. A jogszab\u00e1ly p\u00e9ntek estig t\u00faljut az \u00f6sszes fels\u0151h\u00e1zi t\u00e1rgyal\u00e1si szakaszon, \u00e9s h\u00e9tf\u0151n II. Erzs\u00e9bet kir\u00e1lyn\u0151 kihirdetheti a t\u00f6rv\u00e9nyt. Boris Johnson minisztereln\u00f6k a rendezetlen Brexit tilalm\u00e1t c\u00e9lz\u00f3 t\u00f6rv\u00e9ny elfogad\u00e1sa ut\u00e1n szerda \u00e9jjel el\u0151rehozott v\u00e1laszt\u00e1sok ki\u00edr\u00e1s\u00e1t kezdem\u00e9nyezte okt\u00f3ber 15-\u00e9re, \u00e1m ennek elfogad\u00e1s\u00e1hoz nem gy\u0171lt \u00f6ssze a t\u00f6rv\u00e9nyben el\u0151\u00edrt k\u00e9tharmados t\u00f6bbs\u00e9g.<br \/>\n    Olaszorsz\u00e1gban pedig letette a hivatali esk\u00fct cs\u00fct\u00f6rt\u00f6k\u00f6n az \u00d6t Csillag Mozgalom (M5S) \u00e9s a balk\u00f6z\u00e9p Demokrata P\u00e1rt (PD) k\u00f6z\u00f6s korm\u00e1nya Giuseppe Conte minisztereln\u00f6k vezet\u00e9s\u00e9vel, ezzel hetekig tart\u00f3 belpolitikai v\u00e1ls\u00e1g z\u00e1rult le.<br \/>\n    A glob\u00e1lis kereskedelem szempontj\u00e1b\u00f3l legjelent\u0151sebb k\u00e9t nyersolajkever\u00e9k, az \u00e9szaki-tengeri Brent \u00e9s a nyugati f\u00e9ltek\u00e9n ir\u00e1nyad\u00f3 West Texas Intermediate (WTI) \u00e1ra jelent\u0151sen emelkedett, miut\u00e1n az amerikai korm\u00e1ny energia\u00fcgyi t\u00e1j\u00e9koztat\u00f3 hivatala (EIA) szok\u00e1sos heti jelent\u00e9s\u00e9ben arr\u00f3l sz\u00e1molt be, hogy a kereskedelmi nyersolajtartal\u00e9kok a v\u00e1rtn\u00e1l j\u00f3val nagyobb m\u00e9rt\u00e9kben cs\u00f6kkentek, \u00e9s imm\u00e1r a harmadik egym\u00e1st k\u00f6vet\u0151 h\u00e9ten. Az amerikai-k\u00ednai kereskedelmi vita rendez\u00e9s\u00e9be vetett rem\u00e9nyek er\u0151s\u00f6d\u00e9se szint\u00e9n jav\u00edtotta a befektet\u0151k hangulat\u00e1t.<br \/>\n    A novemberi hat\u00e1rid\u0151s jegyz\u00e9sekben a Brent hord\u00f3nk\u00e9nt 2,59 sz\u00e1zal\u00e9kos pluszban, 62,27 doll\u00e1ron, az okt\u00f3beri sz\u00e1ll\u00edt\u00e1s\u00fa WTI pedig 2,45 sz\u00e1zal\u00e9kos nyeres\u00e9gben, 57,64 doll\u00e1ron forgott cs\u00fct\u00f6rt\u00f6k este h\u00e1romnegyed hatkor.<br \/>\n    A New York-i \u00e1rupiacon az arany unci\u00e1nk\u00e9nti \u00e1ra decemberi sz\u00e1ll\u00edt\u00e1sra 2,20 sz\u00e1zal\u00e9kkal, 1526,05 doll\u00e1rra cs\u00f6kkent.<br \/>\n    Egy eur\u00f3\u00e9rt 1,1047 doll\u00e1rt adtak a nemzetk\u00f6zi bankk\u00f6zi piacon, 0,13 sz\u00e1zal\u00e9kkal er\u0151s\u00f6d\u00f6tt a k\u00f6z\u00f6s eur\u00f3pai fizet\u0151eszk\u00f6z.(MTI)<\/p>\n","protected":false},"excerpt":{"rendered":"<p>London kiv\u00e9tel\u00e9vel emelked\u00e9ssel z\u00e1rtak a vezet\u0151 eur\u00f3pai t\u0151zsd\u00e9k cs\u00fct\u00f6rt\u00f6k\u00f6n a kedvez\u0151 glob\u00e1lis kereskedelmi \u00e9s politikai fejlem\u00e9nyeknek.<\/p>\n","protected":false},"author":1001003,"featured_media":0,"comment_status":"closed","ping_status":"open","sticky":false,"template":"","format":"standard","meta":[],"categories":[8],"tags":[],"_links":{"self":[{"href":"https:\/\/gazdasagportal.hu\/index.php\/wp-json\/wp\/v2\/posts\/119360"}],"collection":[{"href":"https:\/\/gazdasagportal.hu\/index.php\/wp-json\/wp\/v2\/posts"}],"about":[{"href":"https:\/\/gazdasagportal.hu\/index.php\/wp-json\/wp\/v2\/types\/post"}],"author":[{"embeddable":true,"href":"https:\/\/gazdasagportal.hu\/index.php\/wp-json\/wp\/v2\/users\/1001003"}],"replies":[{"embeddable":true,"href":"https:\/\/gazdasagportal.hu\/index.php\/wp-json\/wp\/v2\/comments?post=119360"}],"version-history":[{"count":1,"href":"https:\/\/gazdasagportal.hu\/index.php\/wp-json\/wp\/v2\/posts\/119360\/revisions"}],"predecessor-version":[{"id":119361,"href":"https:\/\/gazdasagportal.hu\/index.php\/wp-json\/wp\/v2\/posts\/119360\/revisions\/119361"}],"wp:attachment":[{"href":"https:\/\/gazdasagportal.hu\/index.php\/wp-json\/wp\/v2\/media?parent=119360"}],"wp:term":[{"taxonomy":"category","embeddable":true,"href":"https:\/\/gazdasagportal.hu\/index.php\/wp-json\/wp\/v2\/categories?post=119360"},{"taxonomy":"post_tag","embeddable":true,"href":"https:\/\/gazdasagportal.hu\/index.php\/wp-json\/wp\/v2\/tags?post=119360"}],"curies":[{"name":"wp","href":"https:\/\/api.w.org\/{rel}","templated":true}]}}