{"id":119354,"date":"2019-09-05T15:26:30","date_gmt":"2019-09-05T13:26:30","guid":{"rendered":"http:\/\/gazdasagportal.hu\/?p=119354"},"modified":"2019-09-05T15:26:30","modified_gmt":"2019-09-05T13:26:30","slug":"emelkedett-a-munkanelkuli-segelyt-kerok-szama-az-egyesult-allamokban-9","status":"publish","type":"post","link":"https:\/\/gazdasagportal.hu\/index.php\/emelkedett-a-munkanelkuli-segelyt-kerok-szama-az-egyesult-allamokban-9\/","title":{"rendered":"Emelkedett a munkan\u00e9lk\u00fcli seg\u00e9lyt k\u00e9r\u0151k sz\u00e1ma az Egyes\u00fclt \u00c1llamokban"},"content":{"rendered":"<p><strong>Enyh\u00e9n emelkedett az els\u0151 alkalommal munkan\u00e9lk\u00fcli seg\u00e9lyt k\u00e9r\u0151k sz\u00e1ma az Egyes\u00fclt \u00c1llamokban a m\u00falt h\u00e9ten.<\/strong><!--more--><\/p>\n<div class=\"ads-in-post1\"><div id=\"gazdasagportal.hu_fullbanner_wideboard\"><\/div>\r\n<\/div>\n<p>    A washingtoni munka\u00fcgyi miniszt\u00e9rium cs\u00fct\u00f6rt\u00f6k\u00f6n k\u00f6z\u00f6lte, hogy a szezon\u00e1lisan kiigaz\u00edtott adatok szerint az els\u0151 alkalommal munkan\u00e9lk\u00fcli seg\u00e9ly\u00e9rt folyamod\u00f3k sz\u00e1ma ezerrel, 217 ezerre n\u0151tt az augusztus 31-\u00e9n z\u00e1rult h\u00e9ten. Elemz\u0151k 215 ezres \u00e9rt\u00e9ket v\u00e1rtak.<br \/>\n    Egy \u00e9vvel ezel\u0151tt hasonl\u00f3 szinten \u00e1llt, 210 ezerre r\u00fagott az els\u0151 alkalommal munkan\u00e9lk\u00fcli seg\u00e9lyt k\u00e9r\u0151k sz\u00e1ma<br \/>\n    M\u00e1r a 235. egym\u00e1st k\u00f6vet\u0151 h\u00e9ten, 2015 m\u00e1rciusa \u00f3ta \u00e1ll 300 ezer alatt ez a sz\u00e1m. A 300 ezer alatti \u00e9rt\u00e9ket a munkaer\u0151piac robusztus er\u0151s\u00f6d\u00e9s\u00e9nek jelek\u00e9nt \u00e9rtelmezik az elemz\u0151k.<br \/>\n    A seg\u00e9lyk\u00e9relmek sz\u00e1m\u00e1t m\u00e9r\u0151 n\u00e9gyhetes mozg\u00f3\u00e1tlag 1500-zal, 216 ezer 250-re n\u0151tt. A mozg\u00f3\u00e1tlag seg\u00edt kisz\u0171rni az ideiglenes, egyszeri hat\u00e1sokat. Tavaly ilyenkor 213 ezer 500-ra r\u00fagott az \u00e9rt\u00e9ke.<br \/>\n    A tart\u00f3san munkan\u00e9lk\u00fcli seg\u00e9lyt k\u00e9r\u0151k sz\u00e1ma viszont 39 ezerrel, 1 milli\u00f3 662 ezerre s\u00fcllyedt az augusztus 24-\u00e9vel v\u00e9gz\u0151d\u00f6tt h\u00e9ten. M\u00e1r a 125. egym\u00e1st k\u00f6vet\u0151 h\u00e9ten, 2017 \u00e1prilis eleje \u00f3ta \u00e1ll k\u00e9tmilli\u00f3 alatt ez a sz\u00e1m, t\u00fckr\u00f6zve a munkaer\u0151piac feszess\u00e9g\u00e9t.<br \/>\n<div class=\"ads-in-post2\"><script async src=\"https:\/\/pagead2.googlesyndication.com\/pagead\/js\/adsbygoogle.js\"><\/script>\r\n<ins class=\"adsbygoogle\"\r\n     style=\"display:block\"\r\n     data-ad-format=\"fluid\"\r\n     data-ad-layout-key=\"-6t+ed+2i-1n-4w\"\r\n     data-ad-client=\"ca-pub-1959107119989764\"\r\n     data-ad-slot=\"4008251320\"><\/ins>\r\n<script>\r\n     (adsbygoogle = window.adsbygoogle || []).push({});\r\n<\/script><\/div>\n    A tart\u00f3san munkan\u00e9lk\u00fcli seg\u00e9lyt k\u00e9r\u0151k sz\u00e1m\u00e1t m\u00e9r\u0151 n\u00e9gyhetes mozg\u00f3\u00e1tlag 6250-nel, 1 milli\u00f3 691 ezer 750-re esett. Ez a sz\u00e1m a 122. hete \u00e1ll k\u00e9tmilli\u00f3 alatt. Tavaly ilyenkor 1 milli\u00f3 722 ezer 500-on \u00e1llt a mozg\u00f3\u00e1tlag.<br \/>\n    Az amerikai munkaer\u0151piac a teljes foglalkoztatotts\u00e1g k\u00f6r\u00fcli szinten mozog tov\u00e1bbra is, a munkaer\u0151piaci helyzet stabil, nem hatott r\u00e1 k\u00fcl\u00f6n\u00f6sebben a feldolgoz\u00f3ipar n\u00f6veked\u00e9s\u00e9nek lassul\u00e1sa \u00e9s a recesszi\u00f3s aggodalmak sem. Egyel\u0151re nem volt \u00e9rdemi hat\u00e1sa az Egyes\u00fclt \u00c1llamok \u00e9s a K\u00edna k\u00f6z\u00f6tti elkeseredett kereskedelmi h\u00e1bor\u00fanak sem, b\u00e1r tavalyhoz k\u00e9pest lassult a foglalkoztatotts\u00e1g n\u00f6veked\u00e9se.<br \/>\n(MTI)<\/p>\n","protected":false},"excerpt":{"rendered":"<p>Enyh\u00e9n emelkedett az els\u0151 alkalommal munkan\u00e9lk\u00fcli seg\u00e9lyt k\u00e9r\u0151k sz\u00e1ma az Egyes\u00fclt \u00c1llamokban a m\u00falt h\u00e9ten.<\/p>\n","protected":false},"author":1,"featured_media":60643,"comment_status":"closed","ping_status":"open","sticky":false,"template":"","format":"standard","meta":[],"categories":[146,246],"tags":[],"_links":{"self":[{"href":"https:\/\/gazdasagportal.hu\/index.php\/wp-json\/wp\/v2\/posts\/119354"}],"collection":[{"href":"https:\/\/gazdasagportal.hu\/index.php\/wp-json\/wp\/v2\/posts"}],"about":[{"href":"https:\/\/gazdasagportal.hu\/index.php\/wp-json\/wp\/v2\/types\/post"}],"author":[{"embeddable":true,"href":"https:\/\/gazdasagportal.hu\/index.php\/wp-json\/wp\/v2\/users\/1"}],"replies":[{"embeddable":true,"href":"https:\/\/gazdasagportal.hu\/index.php\/wp-json\/wp\/v2\/comments?post=119354"}],"version-history":[{"count":1,"href":"https:\/\/gazdasagportal.hu\/index.php\/wp-json\/wp\/v2\/posts\/119354\/revisions"}],"predecessor-version":[{"id":119355,"href":"https:\/\/gazdasagportal.hu\/index.php\/wp-json\/wp\/v2\/posts\/119354\/revisions\/119355"}],"wp:featuredmedia":[{"embeddable":true,"href":"https:\/\/gazdasagportal.hu\/index.php\/wp-json\/wp\/v2\/media\/60643"}],"wp:attachment":[{"href":"https:\/\/gazdasagportal.hu\/index.php\/wp-json\/wp\/v2\/media?parent=119354"}],"wp:term":[{"taxonomy":"category","embeddable":true,"href":"https:\/\/gazdasagportal.hu\/index.php\/wp-json\/wp\/v2\/categories?post=119354"},{"taxonomy":"post_tag","embeddable":true,"href":"https:\/\/gazdasagportal.hu\/index.php\/wp-json\/wp\/v2\/tags?post=119354"}],"curies":[{"name":"wp","href":"https:\/\/api.w.org\/{rel}","templated":true}]}}