{"id":119340,"date":"2019-09-05T10:42:10","date_gmt":"2019-09-05T08:42:10","guid":{"rendered":"http:\/\/gazdasagportal.hu\/?p=119340"},"modified":"2019-09-05T10:42:10","modified_gmt":"2019-09-05T08:42:10","slug":"brexit-nem-akadalyozza-a-felsohaz-a-megallapodas-nelkuli-kivalast-tilto-torvenyt","status":"publish","type":"post","link":"https:\/\/gazdasagportal.hu\/index.php\/brexit-nem-akadalyozza-a-felsohaz-a-megallapodas-nelkuli-kivalast-tilto-torvenyt\/","title":{"rendered":"Brexit &#8211; Nem akad\u00e1lyozza a fels\u0151h\u00e1z a meg\u00e1llapod\u00e1s n\u00e9lk\u00fcli kiv\u00e1l\u00e1st tilt\u00f3 t\u00f6rv\u00e9nyt"},"content":{"rendered":"<p><strong>A konzervat\u00edv politikusok a brit parlament fels\u0151 kamar\u00e1j\u00e1ban, a Lordok H\u00e1z\u00e1ban nem fogj\u00e1k megakad\u00e1lyozni annak a t\u00f6rv\u00e9nynek az \u00e9letbe l\u00e9ptet\u00e9s\u00e9t, amely elvben lehetetlenn\u00e9 teszi, hogy az Egyes\u00fclt Kir\u00e1lys\u00e1g okt\u00f3ber v\u00e9g\u00e9n meg\u00e1llapod\u00e1s n\u00e9lk\u00fcl v\u00e1ljon ki az Eur\u00f3pai Uni\u00f3b\u00f3l &#8211; er\u0151s\u00edtette meg a konzervat\u00edv korm\u00e1nyf\u0151 hivatala cs\u00fct\u00f6rt\u00f6k d\u00e9lel\u0151tt.<\/strong><!--more--><\/p>\n<div class=\"ads-in-post1\"><div id=\"gazdasagportal.hu_fullbanner_wideboard\"><\/div>\r\n<\/div>\n<p>    A legnagyobb ellenz\u00e9ki er\u0151, a Munk\u00e1sp\u00e1rt \u00e1ltal kezdem\u00e9nyezett, Boris Johnson minisztereln\u00f6k \u00e1ltal hevesen ellenzett ind\u00edtv\u00e1nyt szerda \u00e9jjel hagyta j\u00f3v\u00e1 327-299 ar\u00e1nyban az als\u00f3h\u00e1z, \u00e9s a jogszab\u00e1ly azonnal a Lordok H\u00e1za el\u00e9 ker\u00fclt tov\u00e1bbi vit\u00e1ra.<br \/>\n    El\u0151zetesen egy\u00e9rtelm\u0171 jelek utaltak arra, hogy a rendezetlen Brexit tilalm\u00e1r\u00f3l sz\u00f3l\u00f3 t\u00f6rv\u00e9ny t\u00e1rgyal\u00e1s\u00e1t a Lordok H\u00e1z\u00e1nak Brexit-p\u00e1rti tagjai megpr\u00f3b\u00e1lj\u00e1k addig h\u00fazni, am\u00edg v\u00e9g\u00fcl nem marad id\u0151 a v\u00e9gleges v\u00e1ltozat kihirdet\u00e9s\u00e9re. E jelek k\u00f6z\u00e9 tartozott, hogy a fels\u0151h\u00e1zban sz\u00e1zn\u00e1l t\u00f6bb m\u00f3dos\u00edt\u00f3 ind\u00edtv\u00e1nyt ny\u00fajtottak be a t\u00f6rv\u00e9nyhez, \u00e9s ezekr\u0151l egyenk\u00e9nt szavazni kellett volna, majd az als\u00f3h\u00e1zban is d\u00f6nteni kellett volna a fels\u0151 kamar\u00e1ban elfogadott m\u00f3dos\u00edt\u00f3k sors\u00e1r\u00f3l.<br \/>\n    Boris Johnson azonban m\u00e1r kor\u00e1bban bejelentette, hogy a j\u00f6v\u0151 h\u00e9tt\u0151l felf\u00fcggeszti a jelenlegi parlamenti \u00fcl\u00e9sszakot, \u00e9s okt\u00f3berben \u00faj korm\u00e1nyprogram meghirdet\u00e9s\u00e9vel \u00faj t\u00f6rv\u00e9nyhoz\u00e1si id\u0151szak kezd\u0151dik.<br \/>\n    Cs\u00fct\u00f6rt\u00f6k hajnalban mindazon\u00e1ltal m\u00e1r \u00e9rtes\u00fcl\u00e9sek terjedtek el arr\u00f3l, hogy a Lordok H\u00e1za nem alkalmazza az id\u0151h\u00faz\u00f3 taktik\u00e1t, \u00e9s a Downing Street cs\u00fct\u00f6rt\u00f6k d\u00e9lel\u0151tt meger\u0151s\u00edtette, hogy a jogszab\u00e1ly p\u00e9ntek estig t\u00faljut az \u00f6sszes fels\u0151h\u00e1zi t\u00e1rgyal\u00e1si szakaszon.<br \/>\n    Ennek alapj\u00e1n h\u00e9tf\u0151n, az als\u00f3h\u00e1zi v\u00e9gleges\u00edt\u00e9s ut\u00e1n II. Erzs\u00e9bet kir\u00e1lyn\u0151 kihirdetheti a jogszab\u00e1lyt.<br \/>\n<div class=\"ads-in-post2\"><script async src=\"https:\/\/pagead2.googlesyndication.com\/pagead\/js\/adsbygoogle.js\"><\/script>\r\n<ins class=\"adsbygoogle\"\r\n     style=\"display:block\"\r\n     data-ad-format=\"fluid\"\r\n     data-ad-layout-key=\"-6t+ed+2i-1n-4w\"\r\n     data-ad-client=\"ca-pub-1959107119989764\"\r\n     data-ad-slot=\"4008251320\"><\/ins>\r\n<script>\r\n     (adsbygoogle = window.adsbygoogle || []).push({});\r\n<\/script><\/div>\n    Boris Johnson az als\u00f3h\u00e1z szerda \u00e9jjeli d\u00f6nt\u00e9se ut\u00e1n el\u0151rehozott v\u00e1laszt\u00e1sok ki\u00edr\u00e1s\u00e1t kezdem\u00e9nyezte okt\u00f3ber 15-\u00e9re, \u00e1m ennek elfogad\u00e1s\u00e1hoz az azonnal megtartott m\u00e1sf\u00e9l \u00f3r\u00e1s vita ut\u00e1ni szavaz\u00e1son nem gy\u0171lt \u00f6ssze a t\u00f6rv\u00e9nyben el\u0151\u00edrt k\u00e9tharmados t\u00f6bbs\u00e9g.<br \/>\n    A rendezetlen Brexit tilalm\u00e1r\u00f3l elfogadott t\u00f6rv\u00e9ny l\u00e9nyege, hogy ha okt\u00f3ber 19-\u00e9ig a parlament nem j\u00e1rul hozz\u00e1 egy \u00faj Brexit-meg\u00e1llapod\u00e1shoz, \u00e9s ahhoz sem, hogy a brit EU-tags\u00e1g meg\u00e1llapod\u00e1s n\u00e9lk\u00fcl sz\u0171nj\u00f6n meg, Johnsonnak kezdem\u00e9nyeznie kell az EU-n\u00e1l az okt\u00f3ber 31-\u00e9n esed\u00e9kes kil\u00e9p\u00e9s elhalaszt\u00e1s\u00e1t h\u00e1rom h\u00f3nappal, vagyis 2020. janu\u00e1r 31-ig.<br \/>\n    Johnson az elm\u00falt napokban azonban t\u00f6bbsz\u00f6r is hat\u00e1rozottan lesz\u00f6gezte, hogy semmilyen k\u00f6r\u00fclm\u00e9nyek k\u00f6z\u00f6tt nem hajland\u00f3 kezdem\u00e9nyezni az Eur\u00f3pai Uni\u00f3n\u00e1l a kil\u00e9p\u00e9s elhalaszt\u00e1s\u00e1t. M\u00e1r a h\u00e9t elej\u00e9n kil\u00e1t\u00e1sba helyezte, hogy el\u0151rehozott v\u00e1laszt\u00e1sok ki\u00edr\u00e1s\u00e1t kezdem\u00e9nyezi, ha a parlament megszavazza a meg\u00e1llapod\u00e1s n\u00e9lk\u00fcli Brexit tilalm\u00e1r\u00f3l sz\u00f3l\u00f3 ind\u00edtv\u00e1nyt.<br \/>\n    Johnson ezt szerda este meg is tette. A korm\u00e1nyf\u0151 szerint ugyanis az ellenz\u00e9ki Munk\u00e1sp\u00e1rt t\u00f6rv\u00e9nyjavaslat\u00e1nak elfogad\u00e1sa ut\u00e1n lehetetlenn\u00e9 v\u00e1lt a tov\u00e1bbi \u00e9rdemi t\u00e1rgyal\u00e1s az EU-val a kil\u00e9p\u00e9s felt\u00e9telrendszer\u00e9t r\u00f6gz\u00edt\u0151 \u00faj meg\u00e1llapod\u00e1sr\u00f3l.<br \/>\n    A v\u00e1laszt\u00e1sok k\u00f6z\u00f6tti id\u0151szakot \u00f6t \u00e9vben r\u00f6gz\u00edt\u0151 brit parlamenti t\u00f6rv\u00e9ny \u00e9rtelm\u00e9ben a k\u00f6vetkez\u0151 v\u00e1laszt\u00e1s 2022-ben lenne esed\u00e9kes, \u00e9s az enn\u00e9l el\u0151bbi parlamenti v\u00e1laszt\u00e1s ki\u00edr\u00e1s\u00e1hoz k\u00e9tharmados t\u00e1mogat\u00e1sra &#8211; a jelenlegi l\u00e9tsz\u00e1m alapj\u00e1n 434 voksra &#8211; lett volna sz\u00fcks\u00e9g az als\u00f3h\u00e1zban, \u00e1m csak 298-an szavaztak a kezdem\u00e9nyez\u00e9sre.<br \/>\n    A v\u00e1laszt\u00e1si ind\u00edtv\u00e1ny elfogad\u00e1s\u00e1hoz a Munk\u00e1sp\u00e1rt t\u00e1mogat\u00e1sa elengedhetetlen lett volna, de a legt\u00f6bb Labour-k\u00e9pvisel\u0151 tart\u00f3zkodott.<br \/>\n    Az ellenz\u00e9ki \u00e1ll\u00e1spont szerint csak akkor lehet megtartani az el\u0151rehozott v\u00e1laszt\u00e1st, ha az Eur\u00f3pai Uni\u00f3 el\u0151bb hozz\u00e1j\u00e1rul a brit kil\u00e9p\u00e9s halaszt\u00e1s\u00e1hoz. A Downing Street azonban cs\u00fct\u00f6rt\u00f6k\u00f6n utal\u00e1st tett arra, hogy a Lordok H\u00e1z\u00e1ban l\u00e9trej\u00f6tt meg\u00e1llapod\u00e1s nyom\u00e1n Johnson \u00fajabb k\u00eds\u00e9rletet tehet az el\u0151rehozott v\u00e1laszt\u00e1sok ki\u00edr\u00e1s\u00e1ra. A korm\u00e1nyf\u0151i hivatal sz\u00f3viv\u0151j\u00e9nek megfogalmaz\u00e1sa szerint egy\u00e9rtelm\u0171v\u00e9 v\u00e1lt, hogy v\u00e1laszt\u00f3knak kell eld\u00f6nteni\u00fck, ki k\u00e9pviselje Nagy-Britanni\u00e1t az EU-val folytatand\u00f3 t\u00e1rgyal\u00e1sokon.<br \/>\n    A v\u00e1laszt\u00e1sok ki\u00edr\u00e1sa valamilyen m\u00f3don mindenk\u00e9ppen elengedhetetlennek t\u0171nik, mivel Nagy-Britannia gyakorlatilag korm\u00e1nyozhatatlann\u00e1 v\u00e1lt. A rendezetlen Brexit tilalm\u00e1r\u00f3l sz\u00f3l\u00f3 t\u00f6rv\u00e9ny napirendre v\u00e9tel\u00e9t ugyanis a korm\u00e1nnyal szembefordulva csaknem k\u00e9ttucatnyi konzervat\u00edv k\u00e9pvisel\u0151 is megszavazta, \u00e9s \u0151ket kiz\u00e1rt\u00e1k a tory frakci\u00f3b\u00f3l. Boris Johnson korm\u00e1nya ezzel kisebbs\u00e9gbe ker\u00fclt az als\u00f3h\u00e1zban.<br \/>\n    A kil\u00e9p\u00e9s tov\u00e1bbi, m\u00e1r harmadik halaszt\u00e1s\u00e1r\u00f3l az Eur\u00f3pai Uni\u00f3 \u00e1llam- illetve korm\u00e1nyf\u0151it t\u00f6m\u00f6r\u00edt\u0151 Eur\u00f3pai Tan\u00e1cs hozhat egyhang\u00fa d\u00f6nt\u00e9st az \u00e9rintett tag\u00e1llam beleegyez\u00e9s\u00e9vel.(MTI)<\/p>\n","protected":false},"excerpt":{"rendered":"<p>A konzervat\u00edv politikusok a brit parlament fels\u0151 kamar\u00e1j\u00e1ban, a Lordok H\u00e1z\u00e1ban nem fogj\u00e1k megakad\u00e1lyozni annak a t\u00f6rv\u00e9nynek az \u00e9letbe l\u00e9ptet\u00e9s\u00e9t, amely elvben lehetetlenn\u00e9 teszi, hogy az Egyes\u00fclt Kir\u00e1lys\u00e1g okt\u00f3ber v\u00e9g\u00e9n meg\u00e1llapod\u00e1s n\u00e9lk\u00fcl v\u00e1ljon ki az Eur\u00f3pai Uni\u00f3b\u00f3l &#8211; er\u0151s\u00edtette meg a konzervat\u00edv korm\u00e1nyf\u0151 hivatala cs\u00fct\u00f6rt\u00f6k d\u00e9lel\u0151tt.<\/p>\n","protected":false},"author":1,"featured_media":0,"comment_status":"closed","ping_status":"open","sticky":false,"template":"","format":"standard","meta":[],"categories":[12,246],"tags":[],"_links":{"self":[{"href":"https:\/\/gazdasagportal.hu\/index.php\/wp-json\/wp\/v2\/posts\/119340"}],"collection":[{"href":"https:\/\/gazdasagportal.hu\/index.php\/wp-json\/wp\/v2\/posts"}],"about":[{"href":"https:\/\/gazdasagportal.hu\/index.php\/wp-json\/wp\/v2\/types\/post"}],"author":[{"embeddable":true,"href":"https:\/\/gazdasagportal.hu\/index.php\/wp-json\/wp\/v2\/users\/1"}],"replies":[{"embeddable":true,"href":"https:\/\/gazdasagportal.hu\/index.php\/wp-json\/wp\/v2\/comments?post=119340"}],"version-history":[{"count":1,"href":"https:\/\/gazdasagportal.hu\/index.php\/wp-json\/wp\/v2\/posts\/119340\/revisions"}],"predecessor-version":[{"id":119341,"href":"https:\/\/gazdasagportal.hu\/index.php\/wp-json\/wp\/v2\/posts\/119340\/revisions\/119341"}],"wp:attachment":[{"href":"https:\/\/gazdasagportal.hu\/index.php\/wp-json\/wp\/v2\/media?parent=119340"}],"wp:term":[{"taxonomy":"category","embeddable":true,"href":"https:\/\/gazdasagportal.hu\/index.php\/wp-json\/wp\/v2\/categories?post=119340"},{"taxonomy":"post_tag","embeddable":true,"href":"https:\/\/gazdasagportal.hu\/index.php\/wp-json\/wp\/v2\/tags?post=119340"}],"curies":[{"name":"wp","href":"https:\/\/api.w.org\/{rel}","templated":true}]}}