{"id":119319,"date":"2019-09-04T13:53:13","date_gmt":"2019-09-04T11:53:13","guid":{"rendered":"http:\/\/gazdasagportal.hu\/?p=119319"},"modified":"2019-09-04T13:53:13","modified_gmt":"2019-09-04T11:53:13","slug":"elemzok-a-beremelkedes-megalapozza-a-kiskereskedelmi-forgalom-novekedeset","status":"publish","type":"post","link":"https:\/\/gazdasagportal.hu\/index.php\/elemzok-a-beremelkedes-megalapozza-a-kiskereskedelmi-forgalom-novekedeset\/","title":{"rendered":"Elemz\u0151k: a b\u00e9remelked\u00e9s megalapozza a kiskereskedelmi forgalom n\u00f6veked\u00e9s\u00e9t"},"content":{"rendered":"<p><strong>J\u00faliusban &#8211; k\u00e9t h\u00f3nap szer\u00e9nyebb emelked\u00e9s ut\u00e1n &#8211; ism\u00e9t dinamikusan n\u0151tt a kiskereskedelmi \u00fczletek forgalma, a k\u00e9tsz\u00e1mjegy\u0171 b\u00e9remelked\u00e9s a fogyaszt\u00e1s \u00e9s a kiskereskedelem tov\u00e1bbi tart\u00f3s emelked\u00e9s\u00e9t vet\u00edti el\u0151re, amivel a gazdas\u00e1gi n\u00f6veked\u00e9s (GDP) fontos h\u00faz\u00f3ereje marad  &#8211; \u00edgy komment\u00e1lt\u00e1k az MTI-nek nyilatkoz\u00f3 elemz\u0151k a KSH legfrissebb jelent\u00e9s\u00e9t.  <\/strong><!--more--><\/p>\n<div class=\"ads-in-post1\"><div id=\"gazdasagportal.hu_fullbanner_wideboard\"><\/div>\r\n<\/div>\n<p>    A K\u00f6zponti Statisztikai Hivatal (KSH) adatai szerint j\u00faliusban a kiskereskedelmi \u00fczletek forgalm\u00e1nak volumene a nyers adat szerint 6,9 sz\u00e1zal\u00e9kkal, napt\u00e1rhat\u00e1st\u00f3l megtiszt\u00edtva 6,4 sz\u00e1zal\u00e9kkal haladta meg az el\u0151z\u0151 \u00e9v azonos id\u0151szak\u00e1\u00e9t, \u00e9l\u00e9nk\u00fclt a forgalom a j\u00faniusi 4,3 sz\u00e1zal\u00e9kos, illetve 5,2 sz\u00e1zal\u00e9kos n\u00f6veked\u00e9st k\u00f6vet\u0151en.<br \/>\n    Virov\u00e1cz P\u00e9ter, az ING Bank vezet\u0151 elemz\u0151je is arra h\u00edvta fel a figyelmet, hogy k\u00e9t h\u00f3nap lassabb b\u0151v\u00fcl\u00e9st k\u00f6vet\u0151en j\u00faliusban \u00fajra dinamikus n\u00f6veked\u00e9st mutatott a kiskereskedelmi \u00fczletek forgalma. A dinamikus b\u00e9rn\u00f6veked\u00e9s tov\u00e1bbra is elegend\u0151 forr\u00e1st biztos\u00edt mind a megtakar\u00edt\u00e1sok, mind a fogyaszt\u00e1s n\u00f6veked\u00e9s\u00e9hez.<br \/>\n    J\u00faliusban egyed\u00fcl az \u00fczemanyag-kiskereskedelem forgalma n\u00f6vekedett lassabb \u00fctemben, mint a megel\u0151z\u0151 h\u00f3napban, ami a felfel\u00e9 mozdul\u00f3 \u00fczemanyag\u00e1rak eredm\u00e9nye lehet. A nem-\u00e9lelmiszer \u00fczletek forgalm\u00e1nak 9 sz\u00e1zal\u00e9kos n\u00f6veked\u00e9se m\u00e1rcius \u00f3ta a legjobb \u00e9rt\u00e9k \u00e9s els\u0151sorban az iparcikkek, b\u00fatorok \u00e9s m\u0171szaki cikkek \u00e9rt\u00e9kes\u00edt\u00e9se sz\u00e1rnyalt.<br \/>\n    A szektor teh\u00e1t kedvez\u0151en ind\u00edtotta a harmadik negyed\u00e9vet, ami mindenk\u00e9pp bizakod\u00e1sra ad okot, hogy a bels\u0151 t\u00e9nyez\u0151k tov\u00e1bbra is k\u00e9pesek lesznek h\u00fazni a magyar gazdas\u00e1got, m\u00e9g akkor is, ha a k\u00fcls\u0151 k\u00f6rnyezet tov\u00e1bb romlik.<br \/>\n<div class=\"ads-in-post2\"><script async src=\"https:\/\/pagead2.googlesyndication.com\/pagead\/js\/adsbygoogle.js\"><\/script>\r\n<ins class=\"adsbygoogle\"\r\n     style=\"display:block\"\r\n     data-ad-format=\"fluid\"\r\n     data-ad-layout-key=\"-6t+ed+2i-1n-4w\"\r\n     data-ad-client=\"ca-pub-1959107119989764\"\r\n     data-ad-slot=\"4008251320\"><\/ins>\r\n<script>\r\n     (adsbygoogle = window.adsbygoogle || []).push({});\r\n<\/script><\/div>\n    N\u00e9meth D\u00e1vid, a K&#038;H Bank vezet\u0151 elemz\u0151je sz\u00e1m\u00e1ra nem jelent meglepet\u00e9st, hogy a n\u00f6veked\u00e9s motorja a nem \u00e9lelmiszerek ir\u00e1nti kereslet volt, ugyanis a tart\u00f3s fogyaszt\u00e1si cikkek forgalm\u00e1nak n\u00f6veked\u00e9se r\u00e9g\u00f3ta fontos szerepet j\u00e1tszik a kiskereskedelem alakul\u00e1s\u00e1ban. Az elemz\u0151 szerint a kor\u00e1bbi \u00e9vekben, negyed\u00e9vekben a foglalkoztat\u00e1s b\u0151v\u00fcl\u00e9se \u00e9s a nett\u00f3 re\u00e1lb\u00e9rek emelked\u00e9se miatt n\u0151tt a nem \u00e9lelmiszerek forgalma, az id\u00e9n viszont m\u00e1r a fogyaszt\u00e1si hitelek l\u00e1that\u00f3 b\u0151v\u00fcl\u00e9se is nagy szerepet kap ebben. Egyel\u0151re a fogyaszt\u00e1si hitelek \u00e1llom\u00e1nya nem jelent rendszerszint\u0171 kock\u00e1zatot, de hossz\u00fa t\u00e1von a hitelb\u0151l t\u00f6rt\u00e9n\u0151 t\u00falzott fogyaszt\u00e1s rizik\u00f3ss\u00e1 v\u00e1lhat &#8211; figyelmeztet N\u00e9meth D\u00e1vid.<br \/>\n    Nemzetk\u00f6zi szinten elbizonytalanodni l\u00e1tszik a lakoss\u00e1g. Ez pedig hat\u00e1ssal lehet a magyar gazdas\u00e1gra \u00e9s az exportra, munkahelyeket is vesz\u00e9lyeztethet, ezen kereszt\u00fcl pedig \u00e1tt\u00e9telesen a magyar kiskereskedelem teljes\u00edtm\u00e9ny\u00e9re is hat\u00e1ssal lehet.<br \/>\n    A mostani kil\u00e1t\u00e1sok szerint a kiskereskedelmi forgalom az id\u00e9n 5,5 \u00e9s 6 sz\u00e1zal\u00e9k k\u00f6z\u00f6tti n\u00f6veked\u00e9st \u00e9rhet el &#8211; tette hozz\u00e1 az ING Bank szak\u00e9rt\u0151je.<br \/>\n     Reg\u0151s G\u00e1bor, a Sz\u00e1zadv\u00e9g Gazdas\u00e1gkutat\u00f3 makrogazdas\u00e1gi \u00fczlet\u00e1g\u00e1nak vezet\u0151je meg\u00e1llap\u00edtotta, hogy a kiskereskedelmi forgalom volumene j\u00faliusban ism\u00e9t er\u0151teljesen b\u0151v\u00fclt, a m\u00e1jusi lassabb n\u00f6veked\u00e9s teh\u00e1t \u00e1tmenetinek bizonyult. Ez azt is jelenti, hogy a fogyaszt\u00e1s b\u0151v\u00fcl\u00e9se tov\u00e1bbra is a GDP-emelked\u00e9s egyik f\u0151 hajt\u00f3ereje lehet. Az egyes \u00fczlett\u00edpusokat vizsg\u00e1lva l\u00e1that\u00f3 az iparcikkek \u00e9rt\u00e9kes\u00edt\u00e9s\u00e9nek b\u0151v\u00fcl\u00e9se, m\u00edg az internetes \u00e1ruh\u00e1zak forgalm\u00e1nak  n\u00f6veked\u00e9se a kereskedelem folyamatos \u00e1trendez\u0151d\u00e9s\u00e9re utal.  A lakoss\u00e1g kihaszn\u00e1lja az \u00e1rak k\u00f6nnyebb \u00f6sszehasonl\u00edthat\u00f3s\u00e1g\u00e1t, \u00e9s ott vesz meg egy-egy nagyobb \u00e9rt\u00e9k\u0171 term\u00e9ket, ahol az a legolcs\u00f3bb. Az \u00e9v eg\u00e9sz\u00e9t tekintve a kiskereskedelmi forgalom volumene 5 sz\u00e1zal\u00e9kot meghalad\u00f3 \u00fctemben b\u0151v\u00fclhet &#8211; prognosztiz\u00e1lta a Sz\u00e1zadv\u00e9g Gazdas\u00e1gkutat\u00f3 szak\u00e9rt\u0151je.<br \/>\n    Suppan Gergely, a Takar\u00e9kbank vezet\u0151 elemz\u0151je azt sz\u00e1molta ki, hogy a 2015. \u00e9vi havi \u00e1tlaghoz k\u00e9pest 25,1 sz\u00e1zal\u00e9kkal, 2010-hez k\u00e9pest pedig 37,6 sz\u00e1zal\u00e9kkal n\u0151tt a kiskereskedelmi \u00fczletek forgalma. Id\u00e9n a re\u00e1lb\u00e9rek n\u00f6veked\u00e9se meghaladhatja a 6,5 sz\u00e1zal\u00e9kot, \u00edgy folytat\u00f3dhat a kiskereskedelmi forgalom dinamikus n\u00f6veked\u00e9se, azonban ennek m\u00e9rt\u00e9ke id\u00e9n 5,6 sz\u00e1zal\u00e9kra, j\u00f6v\u0151re 4 sz\u00e1zal\u00e9kra lassulhat a tavalyi 6,5 sz\u00e1zal\u00e9k ut\u00e1n. \u00dagy l\u00e1tja, a kiskereskedelemnek tov\u00e1bbi l\u00f6k\u00e9st adhat az \u00faj lak\u00e1sok id\u00e9n \u00e9s j\u00f6v\u0151re v\u00e1rhat\u00f3 \u00e1tad\u00e1si hull\u00e1ma, valamint a csal\u00e1dv\u00e9delmi akci\u00f3terv is. A h\u00e1ztart\u00e1sok ugyanakkor nem csup\u00e1n a kiskereskedelemben n\u00f6velik fogyaszt\u00e1sukat, \u00edgy a vend\u00e9gl\u00e1t\u00e1s, belf\u00f6ldi turizmus, szabadid\u0151, sz\u00f3rakoz\u00e1s, valamint egy\u00e9b szolg\u00e1ltat\u00e1sok ter\u00fclet\u00e9n is jelent\u0151s n\u00f6veked\u00e9sre lehet sz\u00e1m\u00edtani. A minden \u00e1gazatban jelentkez\u0151 munkaer\u0151hi\u00e1ny miatt a b\u00e9rek n\u00f6veked\u00e9si \u00fcteme meghaladhatja a v\u00e1rakoz\u00e1sokat, ami a fogyaszt\u00e1s, valamint a kiskereskedelmi forgalom m\u00e9g gyorsabb n\u00f6veked\u00e9s\u00e9t eredm\u00e9nyezheti.<br \/>\n    Nyeste Orsolya, az Erste Bank vezet\u0151 makrogazdas\u00e1gi elemz\u0151je meg\u00e1llap\u00edtotta, hogy a kiskereskedelmi forgalmi adatok valamelyest meghaladta az \u00e1ltaluk v\u00e1rtat, \u00e9s az elemz\u0151i konszenzust. A bels\u0151 fogyaszt\u00e1s ter\u00fclet\u00e9n er\u0151sen kezdett a harmadik negyed\u00e9v, a lakoss\u00e1gi fogyaszt\u00e1s ennek megfelel\u0151en az \u00e9v m\u00e1sodik fel\u00e9ben is a gazdas\u00e1gi n\u00f6veked\u00e9s meghat\u00e1roz\u00f3 t\u00e9nyez\u0151je maradhat. Az okok v\u00e1ltozatlanok, a munkapiac feszess\u00e9ge nem cs\u00f6kken, a b\u00e9rki\u00e1raml\u00e1s pedig egyel\u0151re nem l\u00e1tszik lassulni. Emellett a bankok hitelez\u00e9si aktivit\u00e1sa is v\u00e1rhat\u00f3an er\u0151s marad az \u00e9v h\u00e1tral\u00e9v\u0151 r\u00e9sz\u00e9ben. V\u00e1rakoz\u00e1suk szerint \u00edgy 4,6 sz\u00e1zal\u00e9kkal b\u0151v\u00fclhet id\u00e9n a magyar gazdas\u00e1g.<br \/>\n    Az Innov\u00e1ci\u00f3s \u00e9s Technol\u00f3giai Miniszt\u00e9riumnak (ITM) az MTI-hez szerd\u00e1n eljuttatott komment\u00e1rja azt emelte ki, hogy tov\u00e1bb n\u0151 a magyar lakoss\u00e1g v\u00e1s\u00e1rl\u00e1si kedve, j\u00faliusban a kiskereskedelem forgalma foly\u00f3 \u00e1ron 1066 milli\u00e1rd forint volt. A kiskereskedelmi forgalom lend\u00fcletes emelked\u00e9s\u00e9t a h\u00e1ztart\u00e1sok rendelkez\u00e9sre \u00e1ll\u00f3 j\u00f6vedelm\u00e9nek dinamikus b\u0151v\u00fcl\u00e9se alapozza meg, amelyben meghat\u00e1roz\u00f3 t\u00e9nyez\u0151 a foglalkoztatotts\u00e1g \u00e9s a keresetek folyamatos n\u00f6veked\u00e9se. A csal\u00e1dokat t\u00e1mogat\u00f3 korm\u00e1nyzati int\u00e9zked\u00e9sek \u00e9s a tart\u00f3san n\u00f6vekv\u0151 lakoss\u00e1gi hitel\u00e1llom\u00e1ny a fogyaszt\u00e1s tov\u00e1bbi emelked\u00e9s\u00e9t vet\u00edti el\u0151re.(MTI)<\/p>\n","protected":false},"excerpt":{"rendered":"<p>J\u00faliusban &#8211; k\u00e9t h\u00f3nap szer\u00e9nyebb emelked\u00e9s ut\u00e1n &#8211; ism\u00e9t dinamikusan n\u0151tt a kiskereskedelmi \u00fczletek forgalma, a k\u00e9tsz\u00e1mjegy\u0171 b\u00e9remelked\u00e9s a fogyaszt\u00e1s \u00e9s a kiskereskedelem tov\u00e1bbi tart\u00f3s emelked\u00e9s\u00e9t vet\u00edti el\u0151re, amivel a gazdas\u00e1gi n\u00f6veked\u00e9s (GDP) fontos h\u00faz\u00f3ereje marad &#8211; \u00edgy komment\u00e1lt\u00e1k az MTI-nek nyilatkoz\u00f3 elemz\u0151k a KSH legfrissebb jelent\u00e9s\u00e9t.<\/p>\n","protected":false},"author":1,"featured_media":0,"comment_status":"closed","ping_status":"open","sticky":false,"template":"","format":"standard","meta":[],"categories":[19],"tags":[],"_links":{"self":[{"href":"https:\/\/gazdasagportal.hu\/index.php\/wp-json\/wp\/v2\/posts\/119319"}],"collection":[{"href":"https:\/\/gazdasagportal.hu\/index.php\/wp-json\/wp\/v2\/posts"}],"about":[{"href":"https:\/\/gazdasagportal.hu\/index.php\/wp-json\/wp\/v2\/types\/post"}],"author":[{"embeddable":true,"href":"https:\/\/gazdasagportal.hu\/index.php\/wp-json\/wp\/v2\/users\/1"}],"replies":[{"embeddable":true,"href":"https:\/\/gazdasagportal.hu\/index.php\/wp-json\/wp\/v2\/comments?post=119319"}],"version-history":[{"count":1,"href":"https:\/\/gazdasagportal.hu\/index.php\/wp-json\/wp\/v2\/posts\/119319\/revisions"}],"predecessor-version":[{"id":119320,"href":"https:\/\/gazdasagportal.hu\/index.php\/wp-json\/wp\/v2\/posts\/119319\/revisions\/119320"}],"wp:attachment":[{"href":"https:\/\/gazdasagportal.hu\/index.php\/wp-json\/wp\/v2\/media?parent=119319"}],"wp:term":[{"taxonomy":"category","embeddable":true,"href":"https:\/\/gazdasagportal.hu\/index.php\/wp-json\/wp\/v2\/categories?post=119319"},{"taxonomy":"post_tag","embeddable":true,"href":"https:\/\/gazdasagportal.hu\/index.php\/wp-json\/wp\/v2\/tags?post=119319"}],"curies":[{"name":"wp","href":"https:\/\/api.w.org\/{rel}","templated":true}]}}