{"id":119317,"date":"2019-09-04T11:54:36","date_gmt":"2019-09-04T09:54:36","guid":{"rendered":"http:\/\/gazdasagportal.hu\/?p=119317"},"modified":"2019-09-04T11:54:36","modified_gmt":"2019-09-04T09:54:36","slug":"erosodott-de-szereny-maradt-a-novekedes-az-euroovezet-maganszektoraban-augusztusban","status":"publish","type":"post","link":"https:\/\/gazdasagportal.hu\/index.php\/erosodott-de-szereny-maradt-a-novekedes-az-euroovezet-maganszektoraban-augusztusban\/","title":{"rendered":"Er\u0151s\u00f6d\u00f6tt, de szer\u00e9ny maradt a n\u00f6veked\u00e9s az eur\u00f3\u00f6vezet mag\u00e1nszektor\u00e1ban augusztusban"},"content":{"rendered":"<p><strong>Enyh\u00e9n er\u0151s\u00f6d\u00f6tt, de \u00edgy is szer\u00e9ny maradt a n\u00f6veked\u00e9s az eur\u00f3\u00f6vezet mag\u00e1nszektor\u00e1ban augusztusban, miut\u00e1n a szolg\u00e1ltat\u00e1si \u00e1gazat csak r\u00e9szben tudta ellens\u00falyozni a feldolgoz\u00f3ipar teljes\u00edtm\u00e9ny\u00e9nek cs\u00f6kken\u00e9s\u00e9t a beszerz\u00e9simenedzser-indexek tan\u00fas\u00e1ga szerint.<\/strong><!--more--><\/p>\n<div class=\"ads-in-post1\"><div id=\"gazdasagportal.hu_fullbanner_wideboard\"><\/div>\r\n<\/div>\n<p>    Az IHS Markit londoni sz\u00e9khely\u0171 p\u00e9nz\u00fcgyi-gazdas\u00e1gi adatszolg\u00e1ltat\u00f3 szerd\u00e1n k\u00f6z\u00f6lt v\u00e9gleges adatai szerint a feldolgoz\u00f3ipari \u00e9s szolg\u00e1ltat\u00f3ipari adatokb\u00f3l k\u00e9pzett, \u00f6sszetett beszerz\u00e9simenedzser-index (BMI) 51,9 pontra emelkedett az el\u0151z\u0151 havi 51,5 pontr\u00f3l. Elemz\u0151k az el\u0151zetes adattal megegyez\u0151 \u00e9rt\u00e9ket, 51,8 pontot v\u00e1rtak.<br \/>\n    A n\u00f6veked\u00e9st az eur\u00f3\u00f6vezetben domin\u00e1ns szerepet j\u00e1tsz\u00f3 szolg\u00e1ltat\u00f3ipar hajtotta, beszerz\u00e9simenedzser-indexe 53,5 pontra k\u00faszott fel a j\u00faliusi 53,2 pontr\u00f3l. Elemz\u0151k az el\u0151zetes adattal megegyez\u0151 \u00e9rt\u00e9kre, 53,4 pontra sz\u00e1m\u00edtottak.<br \/>\n    A k\u00f6zelm\u00faltat jellemz\u0151 trendbe illeszkedve augusztusban is jelent\u0151s k\u00fcl\u00f6nbs\u00e9g volt a szolg\u00e1ltat\u00e1sok \u00e9s a feldolgoz\u00f3ipar teljes\u00edtm\u00e9nye k\u00f6z\u00f6tt. Az IHS Markit m\u00e9g h\u00e9tf\u0151n publik\u00e1lt felm\u00e9r\u00e9se szerint az eur\u00f3\u00f6vezeti feldolgoz\u00f3ipar beszerz\u00e9simenedzser-indexe 47,0 pontra emelkedett a hat \u00e9s f\u00e9l \u00e9ves m\u00e9lypontnak sz\u00e1m\u00edt\u00f3 j\u00faliusi 46,6 pontr\u00f3l, de zsin\u00f3rban a hetedik h\u00f3napja \u00e1llt a n\u00f6veked\u00e9st \u00e9s a cs\u00f6kken\u00e9st elv\u00e1laszt\u00f3 50 pontos k\u00fcsz\u00f6b alatt.<br \/>\n<div class=\"ads-in-post2\"><script async src=\"https:\/\/pagead2.googlesyndication.com\/pagead\/js\/adsbygoogle.js\"><\/script>\r\n<ins class=\"adsbygoogle\"\r\n     style=\"display:block\"\r\n     data-ad-format=\"fluid\"\r\n     data-ad-layout-key=\"-6t+ed+2i-1n-4w\"\r\n     data-ad-client=\"ca-pub-1959107119989764\"\r\n     data-ad-slot=\"4008251320\"><\/ins>\r\n<script>\r\n     (adsbygoogle = window.adsbygoogle || []).push({});\r\n<\/script><\/div>\n    Augusztusban Franciaorsz\u00e1g, az eur\u00f3\u00f6vezet m\u00e1sodik legnagyobb gazdas\u00e1ga teljes\u00edtett a legjobban. Az \u00f6sszetett BMI \u00e9rt\u00e9ke 52,9 pontra, kilenchavi cs\u00facsra emelkedett augusztusban az el\u0151z\u0151 havi 51,9 pontr\u00f3l, a szolg\u00e1ltat\u00f3ipari beszerz\u00e9simedzser-index pedig 53,4 pontra n\u0151tt a j\u00faliusi 52,6 pontr\u00f3l.<br \/>\n    N\u00e9metorsz\u00e1gban, a legnagyobb eur\u00f3\u00f6vezeti gazdas\u00e1gban is gyorsult a n\u00f6veked\u00e9s. A szolg\u00e1ltat\u00f3ipari beszerz\u00e9simenedzser-index 54,8 pontra k\u00faszott fel a j\u00faliusi 54,5 pontr\u00f3l, a kompozit BMI pedig k\u00e9thavi cs\u00facsra, 51,7 pontra emelkedett a j\u00faliusi 50,9 pontr\u00f3l.<br \/>\n    Az adatokat komment\u00e1lva Chris Williamson, az IHS Markit vezet\u0151 k\u00f6zgazd\u00e1sza r\u00e1mutatott, hogy az eur\u00f3\u00f6vezet augusztusban is a gyenge \u00e9s kiegyens\u00falyozatlan n\u00f6veked\u00e9s t\u00f6r\u00e9keny helyzet\u00e9ben maradt. B\u00e1r j\u00faliushoz k\u00e9pest javult a helyzet, az augusztusi adatokb\u00f3l azt lehet kiolvasni, hogy a harmadik negyed\u00e9vben 0,2 sz\u00e1zal\u00e9kkal n\u0151 a hazai \u00f6sszterm\u00e9k, \u00e9s nem v\u00e1rhat\u00f3 l\u00e9nyeges v\u00e1ltoz\u00e1s szeptemberben.<br \/>\n    \u00c1gazatonk\u00e9nt \u00e9s orsz\u00e1gonk\u00e9nt is nagyon vegyes a helyzet. A legnagyobb k\u00e9rd\u00e9s az, hogy a feldolgoz\u00f3ipar \u00e9s a szolg\u00e1ltat\u00e1sok teljes\u00edtm\u00e9nye k\u00f6z\u00f6tti jelent\u0151s k\u00fcl\u00f6nbs\u00e9g meddig maradhat fent, mikor gy\u0171r\u0171zik \u00e1t a feldolgoz\u00f3ipar gyenges\u00e9ge a szolg\u00e1ltat\u00e1sokba \u00e9s a h\u00e1ztart\u00e1sokba. A foglalkoztatotts\u00e1g lassul\u00f3 n\u00f6veked\u00e9se, a munkaer\u0151piaci helyzet roml\u00e1sa a h\u00e1ztart\u00e1sok fogyaszt\u00e1s\u00e1nak visszafog\u00e1s\u00e1t eredm\u00e9nyezheti, \u00e9s ez\u00e1ltal gyeng\u00edtheti a sz\u00e9lesebb gazdas\u00e1got. A gazdas\u00e1gi szerepl\u0151k bizalmi indexe hat\u00e9ves m\u00e9lypontra esett, jelezve, hogy a v\u00e1llalatok elkezdtek felk\u00e9sz\u00fclni a kem\u00e9nyebb id\u0151kre &#8211; hangoztatta Williamson, hozz\u00e1t\u00e9ve, hogy mindezek miatt arra sz\u00e1m\u00edt, az Eur\u00f3pai K\u00f6zponti Bank korm\u00e1nyz\u00f3tan\u00e1csa szeptemberben \u00faj gazdas\u00e1g\u00e9l\u00e9nk\u00edt\u0151 int\u00e9zked\u00e9seket fogad el.(MTI)<\/p>\n","protected":false},"excerpt":{"rendered":"<p>Enyh\u00e9n er\u0151s\u00f6d\u00f6tt, de \u00edgy is szer\u00e9ny maradt a n\u00f6veked\u00e9s az eur\u00f3\u00f6vezet mag\u00e1nszektor\u00e1ban augusztusban, miut\u00e1n a szolg\u00e1ltat\u00e1si \u00e1gazat csak r\u00e9szben tudta ellens\u00falyozni a feldolgoz\u00f3ipar teljes\u00edtm\u00e9ny\u00e9nek cs\u00f6kken\u00e9s\u00e9t a beszerz\u00e9simenedzser-indexek tan\u00fas\u00e1ga szerint.<\/p>\n","protected":false},"author":1,"featured_media":0,"comment_status":"closed","ping_status":"open","sticky":false,"template":"","format":"standard","meta":[],"categories":[246],"tags":[],"_links":{"self":[{"href":"https:\/\/gazdasagportal.hu\/index.php\/wp-json\/wp\/v2\/posts\/119317"}],"collection":[{"href":"https:\/\/gazdasagportal.hu\/index.php\/wp-json\/wp\/v2\/posts"}],"about":[{"href":"https:\/\/gazdasagportal.hu\/index.php\/wp-json\/wp\/v2\/types\/post"}],"author":[{"embeddable":true,"href":"https:\/\/gazdasagportal.hu\/index.php\/wp-json\/wp\/v2\/users\/1"}],"replies":[{"embeddable":true,"href":"https:\/\/gazdasagportal.hu\/index.php\/wp-json\/wp\/v2\/comments?post=119317"}],"version-history":[{"count":1,"href":"https:\/\/gazdasagportal.hu\/index.php\/wp-json\/wp\/v2\/posts\/119317\/revisions"}],"predecessor-version":[{"id":119318,"href":"https:\/\/gazdasagportal.hu\/index.php\/wp-json\/wp\/v2\/posts\/119317\/revisions\/119318"}],"wp:attachment":[{"href":"https:\/\/gazdasagportal.hu\/index.php\/wp-json\/wp\/v2\/media?parent=119317"}],"wp:term":[{"taxonomy":"category","embeddable":true,"href":"https:\/\/gazdasagportal.hu\/index.php\/wp-json\/wp\/v2\/categories?post=119317"},{"taxonomy":"post_tag","embeddable":true,"href":"https:\/\/gazdasagportal.hu\/index.php\/wp-json\/wp\/v2\/tags?post=119317"}],"curies":[{"name":"wp","href":"https:\/\/api.w.org\/{rel}","templated":true}]}}