{"id":11930,"date":"2013-07-19T15:18:01","date_gmt":"2013-07-19T13:18:01","guid":{"rendered":"http:\/\/stockportal.hu\/?p=11930"},"modified":"2013-07-19T15:24:35","modified_gmt":"2013-07-19T13:24:35","slug":"titkos-adatgyujtes-angela-merkel-europa-lemaradt-amerika-mogott-az-informacios-technologiaban","status":"publish","type":"post","link":"https:\/\/gazdasagportal.hu\/index.php\/titkos-adatgyujtes-angela-merkel-europa-lemaradt-amerika-mogott-az-informacios-technologiaban\/","title":{"rendered":"Titkos adatgy\u0171jt\u00e9s &#8211; Angela Merkel: Eur\u00f3pa lemaradt Amerika m\u00f6g\u00f6tt az inform\u00e1ci\u00f3s technol\u00f3gi\u00e1ban"},"content":{"rendered":"<p><strong>Az Eur\u00f3pai Uni\u00f3 lemaradt az Egyes\u00fclt \u00c1llamok m\u00f6g\u00f6tt az inform\u00e1ci\u00f3s technol\u00f3gi\u00e1t tekintve, ez\u00e9rt az uni\u00f3s tagorsz\u00e1goknak \u00f6ssze kell fogniuk, k\u00fcl\u00f6nben f\u00fcgg\u0151s\u00e9gbe ker\u00fclnek &#8211; mondta a n\u00e9met kancell\u00e1r p\u00e9nteken Berlinben az elektronikus h\u00edrszerz\u00e9sre szakosodott amerikai Nemzetbiztons\u00e1gi \u00dcgyn\u00f6ks\u00e9g (NSA) adatgy\u0171jt\u0151 tev\u00e9kenys\u00e9ge \u00fcgy\u00e9ben kirobbant botr\u00e1nnyal kapcsolatban.<!--more--><\/strong><\/p>\n<p>Angela Merkel a politikai \u00e9vadot z\u00e1r\u00f3 nemzetk\u00f6zi sajt\u00f3t\u00e1j\u00e9koztat\u00f3j\u00e1nak bevezet\u0151 el\u0151ad\u00e1s\u00e1ban az NSA-\u00fcggyel kapcsolatos n\u00e9met korm\u00e1nyzati inform\u00e1ci\u00f3kra vonatkoz\u00f3 k\u00e9rd\u00e9seket megel\u0151zve hangs\u00falyozta: &#8222;teljess\u00e9ggel lehetetlen&#8221;, hogy b\u00e1rmilyen konkr\u00e9tumot mondjon az NSA titkos adatgy\u0171jt\u0151 programj\u00e1r\u00f3l, mert a n\u00e9met korm\u00e1ny m\u00e9g nem kapott v\u00e1laszt a k\u00e9rd\u00e9seire Washingtont\u00f3l, \u00e9s nem fejez\u0151dtek be a n\u00e9met szervek vizsg\u00e1latai sem. Ez\u00e9rt egyel\u0151re azt sem lehet tudni, hogy a PRISM programr\u00f3l kisziv\u00e1rgott r\u00e9szletek &#8222;a j\u00e9ghegy cs\u00facs\u00e1t&#8221; jelentik-e.<br \/>\nEgy sor k\u00f6vetkeztet\u00e9st viszont m\u00e1r le lehet vonni. Sz\u00fcks\u00e9g van egyebek k\u00f6z\u00f6tt uni\u00f3s szint\u0171 \u00faj infokommunik\u00e1ci\u00f3s kezdem\u00e9nyez\u00e9sekre. Eur\u00f3pa a Boeinggel szemben l\u00e9trehozta az Airbus-t, a GPS rendszerrel szemben pedig ki\u00e9p\u00edti a Galileo rendszert, \u00e9s hasonl\u00f3 gondolkod\u00e1snak kellene elindulnia az infokommunik\u00e1ci\u00f3ban is &#8211; mondta a n\u00e9met kancell\u00e1r<br \/>\nHangs\u00falyozta: az adatv\u00e9delem ter\u00fclet\u00e9n egyens\u00falyba kell hozni a biztons\u00e1got \u00e9s a szabads\u00e1got, ez\u00e9rt a terrorizmus fenyeget\u00e9se ellen\u00e9re &#8222;nem szabad mindent megtenni, ami technikailag lehets\u00e9ges&#8221;. N\u00e9metorsz\u00e1g &#8222;nem a korl\u00e1tlan megfigyel\u00e9s \u00e1llama, hanem a szabads\u00e1g orsz\u00e1ga, ahol a jog ereje \u00e9rv\u00e9nyes\u00fcl, \u00e9s nem az er\u0151sebb joga dikt\u00e1l&#8221; &#8211; tette hozz\u00e1 Angela Merkel az NSA adatgy\u0171jt\u00e9si tev\u00e9kenys\u00e9g\u00e9vel kapcsolatban, kiemelve, hogy &#8222;n\u00e9met f\u00f6ld\u00f6n a n\u00e9met t\u00f6rv\u00e9nyekhez kell igazodnia&#8221; az amerikai partnereknek is.<br \/>\nAz elektronikus kommunik\u00e1ci\u00f3ban azonban nem egy\u00e9rtelm\u0171, hogy hol h\u00faz\u00f3dnak az \u00e1llamhat\u00e1rok. Nem v\u00e9letlen, hogy a Facebook \u00cdrorsz\u00e1gban jegyezte be eur\u00f3pai v\u00e1llalat\u00e1t, hiszen ott megenged\u0151bbek az adatv\u00e9delmi szab\u00e1lyok, mint az EU-ban m\u00e1shol &#8211; mondta Angela Merkel. \u00c9ppen ez\u00e9rt a mag\u00e1nszf\u00e9ra v\u00e9delm\u00e9ben \u00faj nemzetk\u00f6zi meg\u00e1llapod\u00e1sokra van sz\u00fcks\u00e9g, az EU-ban pedig egys\u00e9ges \u00e9s szigor\u00fa adatv\u00e9delmi szab\u00e1lyokat kell bevezetni &#8211; tette hozz\u00e1.<br \/>\nA n\u00e9met korm\u00e1nyzat k\u00e9pvisel\u0151i azt \u00e1ll\u00edtj\u00e1k, hogy csak Edward Snowden, az NSA egykori munkat\u00e1rsa \u00e1ltal j\u00faniusban kisziv\u00e1rogtatott r\u00e9szleteket bemutat\u00f3 sajt\u00f3besz\u00e1mol\u00f3kb\u00f3l szerzett tudom\u00e1st az NSA titkos adatgy\u0171jt\u0151 programj\u00e1r\u00f3l. A lakoss\u00e1g t\u00f6bbs\u00e9ge nem hisz a korm\u00e1nynak: egy felm\u00e9r\u00e9s szerint a n\u00e9metek 79 sz\u00e1zal\u00e9ka \u00fagy v\u00e9li, a berlini vezet\u00e9s tudott arr\u00f3l, hogy az amerikai h\u00edrszerz\u0151 szervek megfigyelik a glob\u00e1lis elektronikus kommunik\u00e1ci\u00f3t.<br \/>\nN\u00e9metorsz\u00e1gban a n\u00e1ci Gestapo \u00e9s a keletn\u00e9met \u00e1llamp\u00e1rti belbiztons\u00e1gi szolg\u00e1lat, a Stasi eml\u00e9ke miatt rendk\u00edv\u00fcl \u00e9rz\u00e9keny t\u00e9ma a szem\u00e9lyes adatok kezel\u00e9se, \u00edgy az NSA-botr\u00e1ny fontos \u00fcggy\u00e9 v\u00e1lt a belpolitik\u00e1ban. A szeptemberi orsz\u00e1gos parlamenti v\u00e1laszt\u00e1sra k\u00e9sz\u00fcl\u0151 p\u00e1rtok t\u00e1mogatotts\u00e1g\u00e1n egyel\u0151re nem v\u00e1ltoztatott az \u00fcgy, a felm\u00e9r\u00e9sek szerint a konzervat\u00edv CDU\/CSU a szavazatok nagyj\u00e1b\u00f3l 40 sz\u00e1zal\u00e9k\u00e1ra sz\u00e1m\u00edthat, m\u00edg a legnagyobb ellenz\u00e9ki er\u0151, a szoci\u00e1ldemokrata p\u00e1rt (SPD) 25 sz\u00e1zal\u00e9k k\u00f6r\u00fcl \u00e1ll.<br \/>\nA k\u00e9t p\u00e1rt k\u00f6z\u00f6tti nagy k\u00fcl\u00f6nbs\u00e9g ellen\u00e9re bizonytalan, hogy fennmarad-e a 2009 \u00f3ta korm\u00e1nyz\u00f3 konzervat\u00edv-liber\u00e1lis koal\u00edci\u00f3, mert a liber\u00e1lis FDP t\u00e1mogatotts\u00e1ga az 5 sz\u00e1zal\u00e9kos parlamenti bejut\u00e1si k\u00fcsz\u00f6b k\u00f6r\u00fcl ingadozik. A v\u00e1laszt\u00e1si eredm\u00e9ny &#8222;szoros lesz&#8221; &#8211; mondta p\u00e9nteki t\u00e1j\u00e9koztat\u00f3j\u00e1n Angela Merkel.<\/p>\n","protected":false},"excerpt":{"rendered":"<p>Az Eur\u00f3pai Uni\u00f3 lemaradt az Egyes\u00fclt \u00c1llamok m\u00f6g\u00f6tt az inform\u00e1ci\u00f3s technol\u00f3gi\u00e1t tekintve, ez\u00e9rt az uni\u00f3s tagorsz\u00e1goknak \u00f6ssze kell fogniuk, k\u00fcl\u00f6nben f\u00fcgg\u0151s\u00e9gbe ker\u00fclnek &#8211; mondta a n\u00e9met kancell\u00e1r p\u00e9nteken Berlinben az elektronikus h\u00edrszerz\u00e9sre szakosodott amerikai Nemzetbiztons\u00e1gi \u00dcgyn\u00f6ks\u00e9g (NSA) adatgy\u0171jt\u0151 tev\u00e9kenys\u00e9ge \u00fcgy\u00e9ben kirobbant botr\u00e1nnyal kapcsolatban.<\/p>\n","protected":false},"author":1,"featured_media":0,"comment_status":"open","ping_status":"closed","sticky":false,"template":"","format":"standard","meta":[],"categories":[12],"tags":[],"_links":{"self":[{"href":"https:\/\/gazdasagportal.hu\/index.php\/wp-json\/wp\/v2\/posts\/11930"}],"collection":[{"href":"https:\/\/gazdasagportal.hu\/index.php\/wp-json\/wp\/v2\/posts"}],"about":[{"href":"https:\/\/gazdasagportal.hu\/index.php\/wp-json\/wp\/v2\/types\/post"}],"author":[{"embeddable":true,"href":"https:\/\/gazdasagportal.hu\/index.php\/wp-json\/wp\/v2\/users\/1"}],"replies":[{"embeddable":true,"href":"https:\/\/gazdasagportal.hu\/index.php\/wp-json\/wp\/v2\/comments?post=11930"}],"version-history":[{"count":2,"href":"https:\/\/gazdasagportal.hu\/index.php\/wp-json\/wp\/v2\/posts\/11930\/revisions"}],"predecessor-version":[{"id":11932,"href":"https:\/\/gazdasagportal.hu\/index.php\/wp-json\/wp\/v2\/posts\/11930\/revisions\/11932"}],"wp:attachment":[{"href":"https:\/\/gazdasagportal.hu\/index.php\/wp-json\/wp\/v2\/media?parent=11930"}],"wp:term":[{"taxonomy":"category","embeddable":true,"href":"https:\/\/gazdasagportal.hu\/index.php\/wp-json\/wp\/v2\/categories?post=11930"},{"taxonomy":"post_tag","embeddable":true,"href":"https:\/\/gazdasagportal.hu\/index.php\/wp-json\/wp\/v2\/tags?post=11930"}],"curies":[{"name":"wp","href":"https:\/\/api.w.org\/{rel}","templated":true}]}}