{"id":119294,"date":"2019-09-03T14:38:39","date_gmt":"2019-09-03T12:38:39","guid":{"rendered":"http:\/\/gazdasagportal.hu\/?p=119294"},"modified":"2019-09-03T14:38:39","modified_gmt":"2019-09-03T12:38:39","slug":"eos-a-kozepkoru-lakossag-koreben-nott-a-fiatalok-kozott-csokkent-az-adosok-szama","status":"publish","type":"post","link":"https:\/\/gazdasagportal.hu\/index.php\/eos-a-kozepkoru-lakossag-koreben-nott-a-fiatalok-kozott-csokkent-az-adosok-szama\/","title":{"rendered":"EOS: a k\u00f6z\u00e9pkor\u00fa lakoss\u00e1g k\u00f6r\u00e9ben n\u0151tt, a fiatalok k\u00f6z\u00f6tt cs\u00f6kkent az ad\u00f3sok sz\u00e1ma"},"content":{"rendered":"<p><strong>A k\u00f6z\u00e9pkor\u00fa lakoss\u00e1g k\u00f6r\u00e9ben n\u0151tt az ad\u00f3sok sz\u00e1ma, a fiatalok viszont tudatosabbak lettek  az EOS Csoport kutat\u00e1sa szerint, amelyben a t\u00e1rsas\u00e1g t\u00f6bb sz\u00e1zezer, 2018-ban Magyarorsz\u00e1gon kezelt fedezetlen \u00fcgyet vizsg\u00e1lt meg saj\u00e1t k\u00f6vetel\u00e9skezel\u0151 \u00e1llom\u00e1ny\u00e1ban.<\/strong><!--more--><\/p>\n<div class=\"ads-in-post1\"><div id=\"gazdasagportal.hu_fullbanner_wideboard\"><\/div>\r\n<\/div>\n<p>    A kintl\u00e9v\u0151s\u00e9g-kezel\u0151 EOS csoport kedden k\u00f6z\u00f6lte az MTI-vel, hogy az ad\u00f3sok 51 sz\u00e1zal\u00e9ka a 40-59 \u00e9ves kor k\u00f6z\u00f6tti lakoss\u00e1gb\u00f3l ker\u00fclt ki, 29 sz\u00e1zal\u00e9kuk a 20-39 \u00e9vesekhez tartozott, az ad\u00f3sok 20 sz\u00e1zal\u00e9k\u00e1t pedig a 60 \u00e9v feletti koroszt\u00e1ly tette ki 2018-ban. Az el\u0151z\u0151 \u00e9vvel \u00f6sszehasonl\u00edtva a k\u00f6z\u00e9pkor\u00fa, illetve a 60 \u00e9v feletti ad\u00f3sok sz\u00e1ma 2, illetve 1 sz\u00e1zal\u00e9kponttal emelkedett, mik\u00f6zben a fiatalok ar\u00e1nya 3 sz\u00e1zal\u00e9kponttal visszaesett.<br \/>\n    Az EOS szerint az adatok azt jelzik, hogy a fiatalabb koroszt\u00e1ly egyre nagyobb tudatoss\u00e1ggal kezeli p\u00e9nz\u00fcgyeit, \u00e9s igyekszik tartoz\u00e1sait miel\u0151bb t\u00f6rleszteni.<br \/>\n<div class=\"ads-in-post2\"><script async src=\"https:\/\/pagead2.googlesyndication.com\/pagead\/js\/adsbygoogle.js\"><\/script>\r\n<ins class=\"adsbygoogle\"\r\n     style=\"display:block\"\r\n     data-ad-format=\"fluid\"\r\n     data-ad-layout-key=\"-6t+ed+2i-1n-4w\"\r\n     data-ad-client=\"ca-pub-1959107119989764\"\r\n     data-ad-slot=\"4008251320\"><\/ins>\r\n<script>\r\n     (adsbygoogle = window.adsbygoogle || []).push({});\r\n<\/script><\/div>\n    Az \u00e1tlagos befizet\u00e9seket tekintve a legnagyobb t\u00f6rleszt\u0151 \u00f6sszeg, 27 300 forint a banki tartoz\u00e1sokn\u00e1l jelenik meg. A telekommunik\u00e1ci\u00f3s tartoz\u00e1sokn\u00e1l \u00e1tlagosan 17 500 forintot, a k\u00f6z\u00fczemi tartoz\u00e1sokn\u00e1l pedig \u00e1tlagosan 15 700 forintot regisztr\u00e1ltak. Az \u00e1tlagos befizet\u00e9sek \u00e9rt\u00e9ke 11 sz\u00e1zal\u00e9kkal emelkedett a tavalyi \u00e9vhez k\u00e9pest. Az egyes tartoz\u00e1sok visszafizet\u00e9s\u00e9nek \u00fctemez\u00e9s\u00e9r\u0151l az EOS egyedileg \u00e1llapodik meg az ad\u00f3sokkal.<br \/>\n    A k\u00f6zlem\u00e9ny id\u00e9zte Kraszna Tam\u00e1st, az EOS Magyarorsz\u00e1g fedezetlen k\u00f6vetel\u00e9skezel\u00e9si oszt\u00e1ly\u00e1nak vezet\u0151j\u00e9t, aki kifejtette: minden f\u00e9l sz\u00e1m\u00e1ra fontos, hogy a tartoz\u00e1st a lehet\u0151 legr\u00f6videbb id\u0151n bel\u00fcl kiegyenl\u00edts\u00e9k, mivel az azzal kapcsolatos v\u00e1rhat\u00f3 jogi k\u00f6lts\u00e9gek az ad\u00f3st terhelhetik. Az EOS Magyarorsz\u00e1g \u00e9ppen ez\u00e9rt azon dolgozik, hogy korai szakaszban siker\u00fclj\u00f6n minden f\u00e9l sz\u00e1m\u00e1ra elfogadhat\u00f3 egyess\u00e9get k\u00f6tni. A jogi szakaszba ker\u00fclt ad\u00f3ss\u00e1gokn\u00e1l 2018-ban az egy \u00fcgyre jut\u00f3 \u00e1tlagos v\u00e1rhat\u00f3 jogi k\u00f6lts\u00e9g mintegy 58 ezer forintot tett ki.(MTI)<\/p>\n","protected":false},"excerpt":{"rendered":"<p>A k\u00f6z\u00e9pkor\u00fa lakoss\u00e1g k\u00f6r\u00e9ben n\u0151tt az ad\u00f3sok sz\u00e1ma, a fiatalok viszont tudatosabbak lettek az EOS Csoport kutat\u00e1sa szerint, amelyben a t\u00e1rsas\u00e1g t\u00f6bb sz\u00e1zezer, 2018-ban Magyarorsz\u00e1gon kezelt fedezetlen \u00fcgyet vizsg\u00e1lt meg saj\u00e1t k\u00f6vetel\u00e9skezel\u0151 \u00e1llom\u00e1ny\u00e1ban.<\/p>\n","protected":false},"author":1,"featured_media":0,"comment_status":"closed","ping_status":"open","sticky":false,"template":"","format":"standard","meta":[],"categories":[4,19],"tags":[],"_links":{"self":[{"href":"https:\/\/gazdasagportal.hu\/index.php\/wp-json\/wp\/v2\/posts\/119294"}],"collection":[{"href":"https:\/\/gazdasagportal.hu\/index.php\/wp-json\/wp\/v2\/posts"}],"about":[{"href":"https:\/\/gazdasagportal.hu\/index.php\/wp-json\/wp\/v2\/types\/post"}],"author":[{"embeddable":true,"href":"https:\/\/gazdasagportal.hu\/index.php\/wp-json\/wp\/v2\/users\/1"}],"replies":[{"embeddable":true,"href":"https:\/\/gazdasagportal.hu\/index.php\/wp-json\/wp\/v2\/comments?post=119294"}],"version-history":[{"count":1,"href":"https:\/\/gazdasagportal.hu\/index.php\/wp-json\/wp\/v2\/posts\/119294\/revisions"}],"predecessor-version":[{"id":119295,"href":"https:\/\/gazdasagportal.hu\/index.php\/wp-json\/wp\/v2\/posts\/119294\/revisions\/119295"}],"wp:attachment":[{"href":"https:\/\/gazdasagportal.hu\/index.php\/wp-json\/wp\/v2\/media?parent=119294"}],"wp:term":[{"taxonomy":"category","embeddable":true,"href":"https:\/\/gazdasagportal.hu\/index.php\/wp-json\/wp\/v2\/categories?post=119294"},{"taxonomy":"post_tag","embeddable":true,"href":"https:\/\/gazdasagportal.hu\/index.php\/wp-json\/wp\/v2\/tags?post=119294"}],"curies":[{"name":"wp","href":"https:\/\/api.w.org\/{rel}","templated":true}]}}