{"id":119288,"date":"2019-09-03T11:59:57","date_gmt":"2019-09-03T09:59:57","guid":{"rendered":"http:\/\/gazdasagportal.hu\/?p=119288"},"modified":"2019-09-03T11:59:57","modified_gmt":"2019-09-03T09:59:57","slug":"a-munkaeropiac-egeto-kerdeseire-is-keresi-a-valaszt-az-otp-fay-andras-alapitvany","status":"publish","type":"post","link":"https:\/\/gazdasagportal.hu\/index.php\/a-munkaeropiac-egeto-kerdeseire-is-keresi-a-valaszt-az-otp-fay-andras-alapitvany\/","title":{"rendered":"A munkaer\u0151piac \u00e9get\u0151 k\u00e9rd\u00e9seire is keresi a v\u00e1laszt az OTP F\u00e1y Andr\u00e1s Alap\u00edtv\u00e1ny"},"content":{"rendered":"<p><strong>Hogyan oldhat\u00f3 meg az egyre \u00e9get\u0151bb munkaer\u0151hi\u00e1ny Magyarorsz\u00e1gon? Mennyire s\u00falyos munkaer\u0151piaci probl\u00e9ma az elv\u00e1ndorl\u00e1s? Vajon milyen lesz a j\u00f6v\u0151 munkahelye? \u2013 imm\u00e1ron ilyen \u00e9s ehhez hasonl\u00f3 k\u00e9rd\u00e9sek megv\u00e1laszol\u00e1s\u00e1t is c\u00e9lozni fogja az OTP F\u00e1y Andr\u00e1s Alap\u00edtv\u00e1ny tudom\u00e1nyos tev\u00e9kenys\u00e9g\u00e9vel. A szervezet ugyanis jogut\u00f3dk\u00e9nt folytatja az 1991-ben alap\u00edtott \u201eK\u00f6z\u00f6sen a j\u00f6v\u0151 munkahelyei\u00e9rt\u201d Alap\u00edtv\u00e1ny \u00e1ltal megkezdett munk\u00e1t, melynek c\u00e9lja a hazai foglalkoztat\u00e1s viszonyainak, folyamatainak tudom\u00e1nyos vizsg\u00e1lata. Els\u0151 l\u00e9p\u00e9sk\u00e9nt az eddig elv\u00e9gzett munka rendszerez\u00e9s\u00e9re \u00e9s k\u00f6zz\u00e9t\u00e9tel\u00e9re ker\u00fclt sor, a j\u00f6v\u0151ben pedig \u00faj eszk\u00f6z\u00f6kkel is b\u0151v\u00fcl a munkaer\u0151piacra f\u00f3kusz\u00e1l\u00f3 alap\u00edtv\u00e1nyi tev\u00e9kenys\u00e9g. <\/strong><!--more--><\/p>\n<div class=\"ads-in-post1\"><div id=\"gazdasagportal.hu_fullbanner_wideboard\"><\/div>\r\n<\/div>\n<p><strong>\u00a0<\/strong><\/p>\n<p>T\u00f6bb \u00e9vtizednyi, a magyarorsz\u00e1gi foglalkoztat\u00e1s k\u00e9rd\u00e9seit vizsg\u00e1l\u00f3 tudom\u00e1nyos munk\u00e1ss\u00e1got tett nemr\u00e9giben az interneten k\u00f6zkinccs\u00e9 az OTP F\u00e1y Andr\u00e1s Alap\u00edtv\u00e1ny. A <a href=\"http:\/\/faydigitaliskonyvtar.hu\/\" target=\"_blank\" rel=\"noopener\">http:\/\/faydigitaliskonyvtar.hu\/<\/a><\/p>\n<p>c\u00edmen el\u00e9rhet\u0151 digit\u00e1lis tud\u00e1st\u00e1r t\u00f6bb mint 120 tudom\u00e1nyos munk\u00e1t (szakdolgozatot, tanulm\u00e1nyt, doktori disszert\u00e1ci\u00f3t) foglal mag\u00e1ba, b\u00e1rki \u00e1ltal el\u00e9rhet\u0151 \u00e9s k\u00f6nnyen kereshet\u0151 form\u00e1ban. A tudom\u00e1nyos munk\u00e1k az OTP Bank \u00e1ltal 1991-ben alap\u00edtott \u201eK\u00f6z\u00f6sen a j\u00f6v\u0151 munkahelyei\u00e9rt\u201d Alap\u00edtv\u00e1ny \u00e1ltal m\u0171k\u00f6dtetett kutat\u00e1si \u00e9s \u00f6szt\u00f6nd\u00edjprogramok keret\u00e9ben sz\u00fclettek az elm\u00falt \u00e9vtizedek sor\u00e1n. A digit\u00e1lis tud\u00e1st\u00e1rban a k\u00e9s\u0151bbiekben az ELTE \u00e9s az OTP F\u00e1y Andr\u00e1s Alap\u00edtv\u00e1ny k\u00f6z\u00f6s tan\u00e1r tov\u00e1bbk\u00e9pz\u0151-programja keret\u00e9ben k\u00e9sz\u00fcl\u0151 legsz\u00ednvonalasabb szakdolgozatok, tanulm\u00e1nyok is helyet kapnak.<\/p><div id=\"gazda-3036240573\" class=\"gazda-tartalomban gazda-entity-placement\"><script async src=\"https:\/\/pagead2.googlesyndication.com\/pagead\/js\/adsbygoogle.js\"><\/script>\r\n<ins class=\"adsbygoogle\"\r\n     style=\"display:block\"\r\n     data-ad-format=\"fluid\"\r\n     data-ad-layout-key=\"-6t+ed+2i-1n-4w\"\r\n     data-ad-client=\"ca-pub-1959107119989764\"\r\n     data-ad-slot=\"4008251320\"><\/ins>\r\n<script>\r\n     (adsbygoogle = window.adsbygoogle || []).push({});\r\n<\/script><\/div>\n<p>&nbsp;<\/p>\n<p><em>\u00a0\u201eA digit\u00e1lis tud\u00e1st\u00e1r elind\u00edt\u00e1s\u00e1val az a c\u00e9lunk, hogy az ez id\u00e1ig felhalmozott jelent\u0151s kutat\u00e1si munk\u00e1ss\u00e1ggal hozz\u00e1j\u00e1ruljunk a hazai foglalkoztat\u00e1s aktu\u00e1lis k\u00e9rd\u00e9seinek megv\u00e1laszol\u00e1s\u00e1hoz. Seg\u00edteni, t\u00e1mogatni k\u00edv\u00e1njuk a munka vil\u00e1g\u00e1val kapcsolatos tudom\u00e1nyos munk\u00e1t, \u00edgy a publikuss\u00e1 tett tudom\u00e1nyos anyagok ak\u00e1r szakdolgozathoz, disszert\u00e1ci\u00f3hoz h\u00e1tt\u00e9rinform\u00e1ci\u00f3-forr\u00e1sk\u00e9nt, ak\u00e1r \u00faj kutat\u00e1si projektekhez inspir\u00e1ci\u00f3k\u00e9nt kiv\u00e1l\u00f3an haszn\u00e1lhat\u00f3k\u201d \u2013 <\/em>h\u00edvta fel a figyelmet <strong>Dr. M\u00e9sz\u00e1ros Tam\u00e1s, az OTP F\u00e1y Andr\u00e1s Alap\u00edtv\u00e1ny kurat\u00f3rium\u00e1nak eln\u00f6ke<\/strong>, a Budapesti Corvinus Egyetem kor\u00e1bbi rektora.<\/p>\n<p><strong>\u00a0<\/strong><\/p>\n<p><strong>Konferenciasorozat a versenyk\u00e9pess\u00e9gr\u0151l<\/strong><\/p>\n<p><strong>\u00a0<\/strong><\/p>\n<p>A foglalkoztat\u00e1ssal, munkaer\u0151piaccal kapcsolatos szakmai diskurzus er\u0151s\u00edt\u00e9se \u00e9rdek\u00e9ben az OTP F\u00e1y Andr\u00e1s Alap\u00edtv\u00e1ny szakmai konferenciasorozatot is ind\u00edt id\u00e9n \u0151sszel, arra keresve a v\u00e1laszt, hogyan fokozhat\u00f3 a magyar gazdas\u00e1g versenyk\u00e9pess\u00e9ge. Ennek keret\u00e9ben 2019. okt\u00f3ber\u00e9ben els\u0151 alkalommal az agr\u00e1rgazdas\u00e1g ker\u00fcl majd a f\u00f3kuszba. A rendezv\u00e9nyen a tervek szerint t\u00f6bbek k\u00f6z\u00f6tt felsz\u00f3lal majd az OTP Bank Agr\u00e1r\u00e1gazati Igazgat\u00f3s\u00e1g\u00e1nak vezet\u0151je, az Agr\u00e1rminiszt\u00e9rium k\u00e9pvisel\u0151je, illetve tov\u00e1bbi szak\u00e9rt\u0151k, egyetemi tan\u00e1rok is.<\/p>\n<p>&nbsp;<br \/>\n<div class=\"ads-in-post2\"><script async src=\"https:\/\/pagead2.googlesyndication.com\/pagead\/js\/adsbygoogle.js\"><\/script>\r\n<ins class=\"adsbygoogle\"\r\n     style=\"display:block\"\r\n     data-ad-format=\"fluid\"\r\n     data-ad-layout-key=\"-6t+ed+2i-1n-4w\"\r\n     data-ad-client=\"ca-pub-1959107119989764\"\r\n     data-ad-slot=\"4008251320\"><\/ins>\r\n<script>\r\n     (adsbygoogle = window.adsbygoogle || []).push({});\r\n<\/script><\/div>\n<p><em>\u201eA foglalkoztat\u00e1ssal \u00e9s munkaer\u0151piaccal kapcsolatos kih\u00edv\u00e1sok a magyar gazdas\u00e1g egyik legfontosabb megoldand\u00f3 feladatk\u00f6r\u00e9t jelentik m\u00e1r most is, \u00e9s ez a j\u00f6v\u0151ben m\u00e9g ink\u00e1bb \u00edgy lesz. Ez\u00e9rt gondoljuk \u00fagy, hogy az ezzel kapcsolatos tudom\u00e1nyos \u00e9s szakmai p\u00e1rbesz\u00e9d \u00e9l\u00e9nk\u00edt\u00e9s\u00e9re sz\u00fcks\u00e9g van. Az OTP F\u00e1y Andr\u00e1s Alap\u00edtv\u00e1ny \u00e1ltal felhalmozott tudom\u00e1nyos know-how pedig kiv\u00e1l\u00f3 kerete biztos\u00edt ennek a tev\u00e9kenys\u00e9gnek a szak\u00e9rt\u0151 folytat\u00e1s\u00e1ra. Ehhez kapcsol\u00f3d\u00f3an a j\u00f6v\u0151ben tervezz\u00fck kutat\u00e1si-tudom\u00e1nyos \u00f6szt\u00f6nd\u00edjprogramunk \u00fajraind\u00edt\u00e1s\u00e1t is\u201d \u2013 <\/em>tette hozz\u00e1 <strong>Dr. Schrank\u00f3 P\u00e9ter, az OTP F\u00e1y Andr\u00e1s Alap\u00edtv\u00e1ny \u00fcgyvezet\u0151je.<\/strong><\/p>\n<p><strong>\u00a0<\/strong><\/p>\n<p>&nbsp;<\/p>\n<p><strong>Az OTP F\u00e1y Andr\u00e1s Alap\u00edtv\u00e1nyr\u00f3l \u00e9s az OK Projektr\u0151l<\/strong><\/p>\n<p>&nbsp;<\/p>\n<p>Az OTP F\u00e1y Andr\u00e1s Alap\u00edtv\u00e1ny 1992-ben j\u00f6tt l\u00e9tre azzal a c\u00e9llal, hogy a fiatalok sz\u00e1m\u00e1ra sz\u00ednes programokat ny\u00fajtson, seg\u00edtse \u0151ket t\u00e1mogat\u00f3 tev\u00e9kenys\u00e9g\u00e9vel. 2012 november\u00e9ben a p\u00e9nz\u00fcgyi, gazdas\u00e1gi, gazd\u00e1lkod\u00e1si eduk\u00e1ci\u00f3 \u00e9s a magyar k\u00f6znevel\u00e9s szempontj\u00e1b\u00f3l m\u00e9rf\u00f6ldk\u0151nek sz\u00e1m\u00edt\u00f3 program indult az OTP F\u00e1y Andr\u00e1s Alap\u00edtv\u00e1ny ir\u00e1ny\u00edt\u00e1s\u00e1val: a budapesti Bencz\u00far utc\u00e1ban eur\u00f3pai uni\u00f3s forr\u00e1s felhaszn\u00e1l\u00e1s\u00e1val a t\u00e9rs\u00e9gben \u2013 egyed\u00fcl\u00e1ll\u00f3 m\u00f3don \u2013 megkezdte m\u0171k\u00f6d\u00e9s\u00e9t a budapesti OK Oktat\u00e1si K\u00f6zpont. Az Alap\u00edtv\u00e1ny k\u00e9pz\u00e9sei sor\u00e1n saj\u00e1t fejleszt\u00e9s\u0171 p\u00e9nz\u00fcgyi, gazdas\u00e1gi, gazd\u00e1lkod\u00e1si oktat\u00e1si anyagait haszn\u00e1lja fel oly m\u00f3don, hogy a tr\u00e9ningszer\u0171 elemeket tartalmaz\u00f3 modulok mindegyike eleget tegyen a \u201esz\u00f3rakoztatva tan\u00edt\u00e1st\u201d el\u0151t\u00e9rbe helyez\u0151 elv\u00e1r\u00e1soknak.<\/p>\n","protected":false},"excerpt":{"rendered":"<p>Hogyan oldhat\u00f3 meg az egyre \u00e9get\u0151bb munkaer\u0151hi\u00e1ny Magyarorsz\u00e1gon? Mennyire s\u00falyos munkaer\u0151piaci probl\u00e9ma az elv\u00e1ndorl\u00e1s? Vajon milyen lesz a j\u00f6v\u0151 munkahelye? \u2013 imm\u00e1ron ilyen \u00e9s ehhez hasonl\u00f3 k\u00e9rd\u00e9sek megv\u00e1laszol\u00e1s\u00e1t is c\u00e9lozni fogja az OTP F\u00e1y Andr\u00e1s Alap\u00edtv\u00e1ny tudom\u00e1nyos tev\u00e9kenys\u00e9g\u00e9vel. A szervezet ugyanis jogut\u00f3dk\u00e9nt folytatja az 1991-ben alap\u00edtott \u201eK\u00f6z\u00f6sen a j\u00f6v\u0151 munkahelyei\u00e9rt\u201d Alap\u00edtv\u00e1ny \u00e1ltal megkezdett munk\u00e1t, melynek &#8230;<\/p>\n","protected":false},"author":1,"featured_media":0,"comment_status":"closed","ping_status":"open","sticky":false,"template":"","format":"standard","meta":[],"categories":[19],"tags":[],"_links":{"self":[{"href":"https:\/\/gazdasagportal.hu\/index.php\/wp-json\/wp\/v2\/posts\/119288"}],"collection":[{"href":"https:\/\/gazdasagportal.hu\/index.php\/wp-json\/wp\/v2\/posts"}],"about":[{"href":"https:\/\/gazdasagportal.hu\/index.php\/wp-json\/wp\/v2\/types\/post"}],"author":[{"embeddable":true,"href":"https:\/\/gazdasagportal.hu\/index.php\/wp-json\/wp\/v2\/users\/1"}],"replies":[{"embeddable":true,"href":"https:\/\/gazdasagportal.hu\/index.php\/wp-json\/wp\/v2\/comments?post=119288"}],"version-history":[{"count":1,"href":"https:\/\/gazdasagportal.hu\/index.php\/wp-json\/wp\/v2\/posts\/119288\/revisions"}],"predecessor-version":[{"id":119289,"href":"https:\/\/gazdasagportal.hu\/index.php\/wp-json\/wp\/v2\/posts\/119288\/revisions\/119289"}],"wp:attachment":[{"href":"https:\/\/gazdasagportal.hu\/index.php\/wp-json\/wp\/v2\/media?parent=119288"}],"wp:term":[{"taxonomy":"category","embeddable":true,"href":"https:\/\/gazdasagportal.hu\/index.php\/wp-json\/wp\/v2\/categories?post=119288"},{"taxonomy":"post_tag","embeddable":true,"href":"https:\/\/gazdasagportal.hu\/index.php\/wp-json\/wp\/v2\/tags?post=119288"}],"curies":[{"name":"wp","href":"https:\/\/api.w.org\/{rel}","templated":true}]}}