{"id":119284,"date":"2019-09-03T10:32:50","date_gmt":"2019-09-03T08:32:50","guid":{"rendered":"http:\/\/gazdasagportal.hu\/?p=119284"},"modified":"2019-09-03T10:32:50","modified_gmt":"2019-09-03T08:32:50","slug":"harmas-erossegure-csokkent-a-dorian-de-nem-mozdul-a-bahamakrol","status":"publish","type":"post","link":"https:\/\/gazdasagportal.hu\/index.php\/harmas-erossegure-csokkent-a-dorian-de-nem-mozdul-a-bahamakrol\/","title":{"rendered":"H\u00e1rmas er\u0151ss\u00e9g\u0171re cs\u00f6kkent a Dorian, de nem mozdul a Baham\u00e1kr\u00f3l"},"content":{"rendered":"<p><strong>H\u00e1rmas fokozat\u00fara cs\u00f6kkent a karibi t\u00e9rs\u00e9gen v\u00e9gighalad\u00f3 Dorian hurrik\u00e1n ereje helyi id\u0151 szerint keddre virrad\u00f3ra, de a vihar szinte nem mozdul a Baham\u00e1kr\u00f3l.<\/strong><!--more--><\/p>\n<div class=\"ads-in-post1\"><div id=\"gazdasagportal.hu_fullbanner_wideboard\"><\/div>\r\n<\/div>\n<p>    A CNN h\u00edrtelev\u00edzi\u00f3 k\u00f6zl\u00e9se szerint a hurrik\u00e1nt jelenleg \u00f3r\u00e1nk\u00e9nti 200 kilom\u00e9teres sz\u00e9ll\u00f6k\u00e9sek k\u00eds\u00e9rik, m\u00edg egy nappal ezel\u0151tt, amikor a legmagasabb, 5-\u00f6s fokozat\u00fa volt a vihar, \u00f3r\u00e1nk\u00e9nt 285-300 kilom\u00e9teres sebess\u00e9g\u0171 volt a sz\u00e9l.<br \/>\n    A miami sz\u00e9khely\u0171 Orsz\u00e1gos Hurrik\u00e1n K\u00f6zpont legfrissebb t\u00e1j\u00e9koztat\u00e1sa szerint a hurrik\u00e1n pillanatnyilag &#8222;mozdulatlanul \u00e1ll&#8221; az eddig a legs\u00falyosabb k\u00e1rokat elszenved\u0151 Grand Bahama sziget\u00e9t\u0151l \u00e9szakra. A vihar k\u00f6z\u00e9ppontja nagyj\u00e1b\u00f3l 50 kilom\u00e9terre lehet a Grand Bahama k\u00f6zponti v\u00e1ros\u00e1t\u00f3l, Freeportt\u00f3l.<br \/>\n<div class=\"ads-in-post2\"><script async src=\"https:\/\/pagead2.googlesyndication.com\/pagead\/js\/adsbygoogle.js\"><\/script>\r\n<ins class=\"adsbygoogle\"\r\n     style=\"display:block\"\r\n     data-ad-format=\"fluid\"\r\n     data-ad-layout-key=\"-6t+ed+2i-1n-4w\"\r\n     data-ad-client=\"ca-pub-1959107119989764\"\r\n     data-ad-slot=\"4008251320\"><\/ins>\r\n<script>\r\n     (adsbygoogle = window.adsbygoogle || []).push({});\r\n<\/script><\/div>\n    Szak\u00e9rt\u0151k szerint azonban a Florid\u00e1ban \u00e9l\u0151k m\u00e9g mindig nem l\u00e9legezhetnek fel, mert egy h\u00e1rmas er\u0151ss\u00e9gi fokozatba sorolt vihar is hatalmas puszt\u00edt\u00e1st tud v\u00e9gezni. A Dorian helyi id\u0151 szerint kedd este m\u00e1r &#8222;vesz\u00e9lyes k\u00f6zels\u00e9gbe&#8221; ker\u00fclhet Florida keleti partjaihoz. Florida, Georgia, illetve \u00c9szak- \u00e9s D\u00e9l-Karolina \u00e1llamokban t\u00f6bb milli\u00f3 ember k\u00f6lt\u00f6z\u00f6tt ki ideiglenesen otthon\u00e1b\u00f3l a k\u00f6zelg\u0151 vihar miatt.<br \/>\n    H\u00e9tf\u0151 estig \u00f6t hal\u00e1los \u00e1ldozatr\u00f3l \u00e9rkezett jelent\u00e9s a Bahama-szigetekr\u0151l. T\u00f6bb ember megs\u00e9r\u00fclt, \u0151ket helikopterekkel mentett\u00e9k ki. A ment\u00e9si munk\u00e1latokat h\u00e9tf\u0151n a zord id\u0151 miatt le kellett \u00e1ll\u00edtani, de kedden reggel tov\u00e1bb folytatj\u00e1k munk\u00e1jukat a ment\u0151csapatok.<br \/>\n    A Dorian okozta puszt\u00edt\u00e1s m\u00e9rt\u00e9k\u00e9t egyel\u0151re felm\u00e9rni sem tudj\u00e1k. Az er\u0151s sz\u00e9l vas\u00e1rnap \u00f3ta villanyp\u00f3zn\u00e1kat d\u00f6nt\u00f6tt ki, lak\u00f3h\u00e1zak tet\u0151szerkezet\u00e9t rong\u00e1lta meg, \u00e9s a telep\u00fcl\u00e9seket t\u00f6bb helyen el\u00f6nt\u00f6tte a v\u00edz.(MTI)<\/p>\n","protected":false},"excerpt":{"rendered":"<p>H\u00e1rmas fokozat\u00fara cs\u00f6kkent a karibi t\u00e9rs\u00e9gen v\u00e9gighalad\u00f3 Dorian hurrik\u00e1n ereje helyi id\u0151 szerint keddre virrad\u00f3ra, de a vihar szinte nem mozdul a Baham\u00e1kr\u00f3l.<\/p>\n","protected":false},"author":1,"featured_media":0,"comment_status":"closed","ping_status":"open","sticky":false,"template":"","format":"standard","meta":[],"categories":[13],"tags":[],"_links":{"self":[{"href":"https:\/\/gazdasagportal.hu\/index.php\/wp-json\/wp\/v2\/posts\/119284"}],"collection":[{"href":"https:\/\/gazdasagportal.hu\/index.php\/wp-json\/wp\/v2\/posts"}],"about":[{"href":"https:\/\/gazdasagportal.hu\/index.php\/wp-json\/wp\/v2\/types\/post"}],"author":[{"embeddable":true,"href":"https:\/\/gazdasagportal.hu\/index.php\/wp-json\/wp\/v2\/users\/1"}],"replies":[{"embeddable":true,"href":"https:\/\/gazdasagportal.hu\/index.php\/wp-json\/wp\/v2\/comments?post=119284"}],"version-history":[{"count":1,"href":"https:\/\/gazdasagportal.hu\/index.php\/wp-json\/wp\/v2\/posts\/119284\/revisions"}],"predecessor-version":[{"id":119285,"href":"https:\/\/gazdasagportal.hu\/index.php\/wp-json\/wp\/v2\/posts\/119284\/revisions\/119285"}],"wp:attachment":[{"href":"https:\/\/gazdasagportal.hu\/index.php\/wp-json\/wp\/v2\/media?parent=119284"}],"wp:term":[{"taxonomy":"category","embeddable":true,"href":"https:\/\/gazdasagportal.hu\/index.php\/wp-json\/wp\/v2\/categories?post=119284"},{"taxonomy":"post_tag","embeddable":true,"href":"https:\/\/gazdasagportal.hu\/index.php\/wp-json\/wp\/v2\/tags?post=119284"}],"curies":[{"name":"wp","href":"https:\/\/api.w.org\/{rel}","templated":true}]}}