{"id":119257,"date":"2019-09-02T13:12:59","date_gmt":"2019-09-02T11:12:59","guid":{"rendered":"http:\/\/gazdasagportal.hu\/?p=119257"},"modified":"2019-09-02T13:12:59","modified_gmt":"2019-09-02T11:12:59","slug":"brexit-hetevi-melyponton-a-brit-gyaripar-aktivitasa","status":"publish","type":"post","link":"https:\/\/gazdasagportal.hu\/index.php\/brexit-hetevi-melyponton-a-brit-gyaripar-aktivitasa\/","title":{"rendered":"Brexit &#8211; H\u00e9t\u00e9vi m\u00e9lyponton a brit gy\u00e1ripar aktivit\u00e1sa"},"content":{"rendered":"<p><strong>A h\u00e9tf\u0151n ismertetett legfrissebb m\u00e9r\u0151sz\u00e1mok szerint h\u00e9t\u00e9vi m\u00e9lypontra lassult a brit gy\u00e1ripar aktivit\u00e1sa, nem kis r\u00e9szben a brit EU-tags\u00e1g megsz\u0171n\u00e9s\u00e9t (Brexit) \u00f6vez\u0151 bizonytalans\u00e1gok hat\u00e1s\u00e1ra.<\/strong><!--more--><\/p>\n<div class=\"ads-in-post1\"><div id=\"gazdasagportal.hu_fullbanner_wideboard\"><\/div>\r\n<\/div>\n<p>    Az IHS Markit p\u00e9nz\u00fcgyi-gazdas\u00e1gi adatszolg\u00e1ltat\u00f3 csoport \u00e9s a brit gazdas\u00e1gi \u00e1gazatok beszerz\u00e9si aktivit\u00e1s\u00e1t m\u00e9r\u0151 int\u00e9zet (Chartered Institute of Procurement &#038; Supply, CIPS) k\u00f6z\u00f6s felm\u00e9r\u00e9se szerint a brit gazdas\u00e1g feldolgoz\u00f3szektor\u00e1nak szezon\u00e1lis kiigaz\u00edt\u00e1ssal sz\u00e1molt beszerz\u00e9simenedzser-indexe (BMI) augusztusban meredeken, az el\u0151z\u0151 havi 48-r\u00f3l 47,4-re s\u00fcllyedt.<br \/>\n    Az 50 alatti BMI-indexek a vizsg\u00e1lt szektor aktivit\u00e1s\u00e1nak gyeng\u00fcl\u00e9s\u00e9re utalnak, vagyis a brit feldolgoz\u00f3ipari mutat\u00f3 imm\u00e1r h\u00f3napok \u00f3ta az \u00e1gazat kibocs\u00e1t\u00e1snak visszaes\u00e9s\u00e9t jelzi.<br \/>\n    Az augusztusi aktivit\u00e1si adat 85 havi m\u00e9lypont: a gy\u00e1ripari m\u00e9r\u0151sz\u00e1m 2012 j\u00faliusa \u00f3ta nem volt ennyire alacsony.<br \/>\n    Az adatsort ismertet\u0151 IHS Markit a felm\u00e9r\u00e9shez f\u0171z\u00f6tt elemz\u00e9s\u00e9ben kiemelte, hogy a brit feldolgoz\u00f3szektor \u00faj exportmegrendel\u00e9seinek \u00e9rt\u00e9ke szint\u00e9n t\u00f6bb mint h\u00e9t \u00e9ve nem m\u00e9rt \u00fctemben zuhant a m\u00falt h\u00f3napban.<br \/>\n     Az ismertet\u00e9s szerint a glob\u00e1lis kereskedelmi fesz\u00fclts\u00e9gek \u00e9s a vil\u00e1ggazdas\u00e1gi n\u00f6veked\u00e9s lassul\u00e1sa mellett a vizsg\u00e1latba bevont v\u00e1llalatok mindegyike megnevezte a Brexit-folyamatot k\u00eds\u00e9r\u0151 bizonytalans\u00e1gokat is a k\u00fclf\u00f6ldi kereslet visszaes\u00e9s\u00e9nek okai k\u00f6z\u00f6tt.<br \/>\n    A v\u00e1llalatok arr\u00f3l is besz\u00e1moltak, hogy egyes eur\u00f3pai uni\u00f3s v\u00e1s\u00e1rl\u00f3ik a Brexit miatt m\u00e1r hozz\u00e1kezdetek besz\u00e1ll\u00edt\u00f3i h\u00e1l\u00f3zatuk \u00e1trendez\u00e9s\u00e9hez, \u00fagy, hogy az elker\u00fclje Nagy-Britanni\u00e1t.<br \/>\n    Az IHS Markit sz\u00e1m\u00edt\u00e1sai szerint a leg\u00fajabb kibocs\u00e1t\u00e1si BMI-m\u00e9r\u0151sz\u00e1m a brit feldolgoz\u00f3szektor teljes\u00edtm\u00e9ny\u00e9nek 2 sz\u00e1zal\u00e9kos visszaes\u00e9s\u00e9re vall negyed\u00e9ves kivet\u00edt\u00e9sben.<br \/>\n    A legut\u00f3bbi m\u00e9r\u00e9sek szerint a brit gazdas\u00e1g eg\u00e9sz\u00e9nek kibocs\u00e1t\u00e1sa is cs\u00f6kken.<br \/>\n    A brit statisztikai hivatal (ONS) augusztusban k\u00f6zz\u00e9tett els\u0151 becsl\u00e9se alapj\u00e1n a brit hazai \u00f6sszterm\u00e9k (GDP) az idei m\u00e1sodik negyed\u00e9vben 0,2 sz\u00e1zal\u00e9kkal cs\u00f6kkent az els\u0151 h\u00e1rom h\u00f3napban m\u00e9rt 0,5 sz\u00e1zal\u00e9kos n\u00f6veked\u00e9s ut\u00e1n.<br \/>\n    Ez szint\u00e9n csaknem h\u00e9t \u00e9ve nem m\u00e9rt m\u00e9lypont: a brit gazdas\u00e1g brutt\u00f3 teljes\u00edtm\u00e9nye legut\u00f3bb 2012 utols\u00f3 negyed\u00e9v\u00e9ben cs\u00f6kkent, szint\u00e9n 0,2 sz\u00e1zal\u00e9kkal.<br \/>\n<div class=\"ads-in-post2\"><script async src=\"https:\/\/pagead2.googlesyndication.com\/pagead\/js\/adsbygoogle.js\"><\/script>\r\n<ins class=\"adsbygoogle\"\r\n     style=\"display:block\"\r\n     data-ad-format=\"fluid\"\r\n     data-ad-layout-key=\"-6t+ed+2i-1n-4w\"\r\n     data-ad-client=\"ca-pub-1959107119989764\"\r\n     data-ad-slot=\"4008251320\"><\/ins>\r\n<script>\r\n     (adsbygoogle = window.adsbygoogle || []).push({});\r\n<\/script><\/div>\n    A m\u00e1sodik negyed\u00e9vi GDP-adat m\u00e9g nem jelenti azt, hogy a brit gazdas\u00e1g recesszi\u00f3ban lenne. A konszenzusos meghat\u00e1roz\u00e1s alapj\u00e1n ugyanis akkor ker\u00fcl egy gazdas\u00e1g recesszi\u00f3ba, ha k\u00e9t egym\u00e1st k\u00f6vet\u0151 negyed\u00e9vben cs\u00f6kken a GDP-\u00e9rt\u00e9k.<br \/>\n    A recesszi\u00f3 vesz\u00e9ly\u00e9re azonban hivatalos el\u0151rejelz\u0151 int\u00e9zetek is felh\u00edvt\u00e1k a figyelmet, k\u00fcl\u00f6n\u00f6sen rendezetlen Brexit eset\u00e9re.<br \/>\n    A brit korm\u00e1ny sz\u00e1m\u00e1ra k\u00f6lts\u00e9gvet\u00e9si \u00e9s makrogazdas\u00e1gi el\u0151rejelz\u00e9seket k\u00e9sz\u00edt\u0151, de f\u00fcggetlen elemz\u0151m\u0171helyk\u00e9nt m\u0171k\u00f6d\u0151 szervezet, az Office for Budget Responsibility (OBR) 300 oldalas legut\u00f3bbi helyzet\u00e9rt\u00e9kel\u00e9s\u00e9ben felv\u00e1zolt egy k\u00f6lts\u00e9gvet\u00e9si stresszhelyzeti forgat\u00f3k\u00f6nyvet is. Ez modellsz\u00e1m\u00edt\u00e1sokkal vizsg\u00e1lja, hogy milyen re\u00e1lgazdas\u00e1gi k\u00f6vetkezm\u00e9nyei lenn\u00e9nek, ha a brit EU-tags\u00e1g meg\u00e1llapod\u00e1s \u00e9s \u00e1tmeneti id\u0151szak n\u00e9lk\u00fcl sz\u0171nne meg.<br \/>\n    A tanulm\u00e1ny szerint ebben az esetben a brit gazdas\u00e1g m\u00e1r az idei negyedik negyed\u00e9vt\u0151l egy \u00e9vig tart\u00f3 recesszi\u00f3ba ker\u00fclne, \u00e9s a recesszi\u00f3 teljes id\u0151tartam\u00e1ban a hazai \u00f6sszterm\u00e9k 2,1 sz\u00e1zal\u00e9kkal cs\u00f6kkenne re\u00e1l\u00e9rt\u00e9ken.<br \/>\n    Az OBR stresszhelyzeti forgat\u00f3k\u00f6nyve szerint meg\u00e1llapod\u00e1s \u00e9s \u00e1tmeneti id\u0151szak n\u00e9lk\u00fcli kil\u00e9p\u00e9s eset\u00e9n az \u00fczleti szektor beruh\u00e1z\u00e1sainak \u00e9rt\u00e9ke az id\u00e9n 2,1 sz\u00e1zal\u00e9kkal, 2020-ban m\u00e1r 8 sz\u00e1zal\u00e9kkal zuhanna \u00e9ves \u00f6sszevet\u00e9sben.<br \/>\n    Boris Johnson brit minisztereln\u00f6k \u00e1ll\u00e1spontja szerint a brit EU-tags\u00e1g mindenk\u00e9ppen megsz\u0171nik okt\u00f3ber utols\u00f3 napj\u00e1n, ak\u00e1r siker\u00fcl addig \u00fajrat\u00e1rgyalni az el\u0151z\u0151 minisztereln\u00f6k, Theresa May \u00e1ltal az Eur\u00f3pai Uni\u00f3val tavaly novemberben el\u00e9rt, a londoni als\u00f3h\u00e1z \u00e1ltal h\u00e1romszor is elvetett Brexit-meg\u00e1llapod\u00e1st, ak\u00e1r nem.(MTI)<\/p>\n","protected":false},"excerpt":{"rendered":"<p>A h\u00e9tf\u0151n ismertetett legfrissebb m\u00e9r\u0151sz\u00e1mok szerint h\u00e9t\u00e9vi m\u00e9lypontra lassult a brit gy\u00e1ripar aktivit\u00e1sa, nem kis r\u00e9szben a brit EU-tags\u00e1g megsz\u0171n\u00e9s\u00e9t (Brexit) \u00f6vez\u0151 bizonytalans\u00e1gok hat\u00e1s\u00e1ra.<\/p>\n","protected":false},"author":1,"featured_media":0,"comment_status":"closed","ping_status":"open","sticky":false,"template":"","format":"standard","meta":[],"categories":[12,246],"tags":[],"_links":{"self":[{"href":"https:\/\/gazdasagportal.hu\/index.php\/wp-json\/wp\/v2\/posts\/119257"}],"collection":[{"href":"https:\/\/gazdasagportal.hu\/index.php\/wp-json\/wp\/v2\/posts"}],"about":[{"href":"https:\/\/gazdasagportal.hu\/index.php\/wp-json\/wp\/v2\/types\/post"}],"author":[{"embeddable":true,"href":"https:\/\/gazdasagportal.hu\/index.php\/wp-json\/wp\/v2\/users\/1"}],"replies":[{"embeddable":true,"href":"https:\/\/gazdasagportal.hu\/index.php\/wp-json\/wp\/v2\/comments?post=119257"}],"version-history":[{"count":1,"href":"https:\/\/gazdasagportal.hu\/index.php\/wp-json\/wp\/v2\/posts\/119257\/revisions"}],"predecessor-version":[{"id":119258,"href":"https:\/\/gazdasagportal.hu\/index.php\/wp-json\/wp\/v2\/posts\/119257\/revisions\/119258"}],"wp:attachment":[{"href":"https:\/\/gazdasagportal.hu\/index.php\/wp-json\/wp\/v2\/media?parent=119257"}],"wp:term":[{"taxonomy":"category","embeddable":true,"href":"https:\/\/gazdasagportal.hu\/index.php\/wp-json\/wp\/v2\/categories?post=119257"},{"taxonomy":"post_tag","embeddable":true,"href":"https:\/\/gazdasagportal.hu\/index.php\/wp-json\/wp\/v2\/tags?post=119257"}],"curies":[{"name":"wp","href":"https:\/\/api.w.org\/{rel}","templated":true}]}}