{"id":119239,"date":"2019-09-02T06:49:11","date_gmt":"2019-09-02T04:49:11","guid":{"rendered":"http:\/\/gazdasagportal.hu\/?p=119239"},"modified":"2019-09-02T06:49:11","modified_gmt":"2019-09-02T04:49:11","slug":"gki-kifulladoban-a-magyar-gazdasag-novekedese","status":"publish","type":"post","link":"https:\/\/gazdasagportal.hu\/index.php\/gki-kifulladoban-a-magyar-gazdasag-novekedese\/","title":{"rendered":"GKI: kifullad\u00f3ban a magyar gazdas\u00e1g n\u00f6veked\u00e9se"},"content":{"rendered":"<p><strong>Az idei m\u00e1sodik f\u00e9l \u00e9vben jelent\u0151sen lassul a magyar gazdas\u00e1g n\u00f6veked\u00e9se, a cs\u00f6kken\u00e9s nagyon kis m\u00e9rt\u00e9kben m\u00e1r el is kezd\u0151d\u00f6tt a GKI Gazdas\u00e1gkutat\u00f3 Zrt. legfrissebb el\u0151rejelz\u00e9se szerint. <\/strong><!--more--><\/p>\n<div class=\"ads-in-post1\"><div id=\"gazdasagportal.hu_fullbanner_wideboard\"><\/div>\r\n<\/div>\n<p>    Az MTI-hez eljuttatott elemz\u00e9sben a GKI tov\u00e1bbra is 4,3 sz\u00e1zal\u00e9kos gazdas\u00e1gi n\u00f6veked\u00e9ssel sz\u00e1mol \u00e9ves szinten.<br \/>\n    A gazdas\u00e1gkutat\u00f3 szerint az ipari termel\u00e9s 4 sz\u00e1zal\u00e9kkal, a beruh\u00e1z\u00e1sok 13 sz\u00e1zal\u00e9kkal, a kiskereskedelmi forgalom 5 sz\u00e1zal\u00e9kkal n\u0151het. Az \u00e9ves infl\u00e1ci\u00f3 3,5 sz\u00e1zal\u00e9kot \u00e9rhet el, a munkan\u00e9lk\u00fclis\u00e9g 3,6 sz\u00e1zal\u00e9k lehet az \u00e9v v\u00e9g\u00e9re. A GKI 324 forintos \u00e1tlagos eur\u00f3\u00e1rfolyamot felt\u00e9telez 2019-re.<br \/>\n    A GKI a gazdas\u00e1gi n\u00f6veked\u00e9s lassul\u00e1s\u00e1t egyebek k\u00f6zt a k\u00fcls\u0151 k\u00f6rnyezet roml\u00e1s\u00e1val, az EU-t\u00e1mogat\u00e1sok cs\u00f6kken\u0151 beruh\u00e1z\u00e1sserkent\u0151 hat\u00e1s\u00e1val, a roml\u00f3 \u00fczleti v\u00e1rakoz\u00e1sokkal \u00e9s a foglalkoztat\u00e1si tartal\u00e9k kimer\u00fcl\u00e9s\u00e9vel magyar\u00e1zza.<br \/>\n<div class=\"ads-in-post2\"><script async src=\"https:\/\/pagead2.googlesyndication.com\/pagead\/js\/adsbygoogle.js\"><\/script>\r\n<ins class=\"adsbygoogle\"\r\n     style=\"display:block\"\r\n     data-ad-format=\"fluid\"\r\n     data-ad-layout-key=\"-6t+ed+2i-1n-4w\"\r\n     data-ad-client=\"ca-pub-1959107119989764\"\r\n     data-ad-slot=\"4008251320\"><\/ins>\r\n<script>\r\n     (adsbygoogle = window.adsbygoogle || []).push({});\r\n<\/script><\/div>\n    A m\u00e1sodik negyed\u00e9v adatai az ipari termel\u00e9s lassul\u00e1s\u00e1t is el\u0151re vet\u00edtik: a feldolgoz\u00f3ipari termel\u00e9s 30 sz\u00e1zal\u00e9k\u00e1t ad\u00f3 j\u00e1rm\u0171gy\u00e1rt\u00e1s, amely h\u00e1rom \u00e9v stagn\u00e1l\u00e1s ut\u00e1n k\u00f6zel 10 sz\u00e1zal\u00e9kkal b\u0151v\u00fclt az els\u0151 f\u00e9l \u00e9vben, j\u00faniusban mind\u00f6ssze 1,5 sz\u00e1zal\u00e9kkal n\u0151tt, jelezve a j\u00e1rm\u0171ipar nemzetk\u00f6zi gondjait &#8211; mutatnak r\u00e1 az elemz\u00e9sben. Az \u00e9p\u00edt\u0151ipar a t\u00falp\u00f6rg\u00e9st k\u00f6vet\u0151en szint\u00e9n visszaes\u00e9s el\u0151tt \u00e1llhat, a f\u00e9l\u00e9v v\u00e9gi szerz\u0151d\u00e9s\u00e1llom\u00e1nya m\u00e1r 11 sz\u00e1zal\u00e9kkal volt kisebb a tavalyin\u00e1l. A kiskereskedelmi forgalom b\u0151v\u00fcl\u00e9se is kiss\u00e9 f\u00e9kez\u0151d\u00f6tt a m\u00e1sodik negyed\u00e9vben.<br \/>\n     A gazdas\u00e1gkutat\u00f3 v\u00e1rakoz\u00e1sa szerint a b\u00e9rki\u00e1raml\u00e1s is m\u00e9rs\u00e9kl\u0151dhet az \u00e9v h\u00e1tralev\u0151 h\u00f3napjaiban. A korm\u00e1ny \u00e1ltal prognosztiz\u00e1ltn\u00e1l gyorsabb infl\u00e1ci\u00f3 miatt viszont 0,8 sz\u00e1zal\u00e9k k\u00f6r\u00fcli, visszamen\u0151leges nyugd\u00edjemel\u00e9sre sz\u00e1m\u00edtanak, tov\u00e1bb\u00e1 a v\u00e1s\u00e1rl\u00f3er\u0151t jav\u00edthatja a k\u00f6zmunk\u00e1soknak \u00e9s nyugd\u00edjasoknak az \u00f6nkorm\u00e1nyzati v\u00e1laszt\u00e1sok el\u0151tt adott egyszeri juttat\u00e1s is &#8211; jegyezt\u00e9k meg.(MTI)<\/p>\n","protected":false},"excerpt":{"rendered":"<p>Az idei m\u00e1sodik f\u00e9l \u00e9vben jelent\u0151sen lassul a magyar gazdas\u00e1g n\u00f6veked\u00e9se, a cs\u00f6kken\u00e9s nagyon kis m\u00e9rt\u00e9kben m\u00e1r el is kezd\u0151d\u00f6tt a GKI Gazdas\u00e1gkutat\u00f3 Zrt. legfrissebb el\u0151rejelz\u00e9se szerint.<\/p>\n","protected":false},"author":1001003,"featured_media":0,"comment_status":"closed","ping_status":"open","sticky":false,"template":"","format":"standard","meta":[],"categories":[19],"tags":[],"_links":{"self":[{"href":"https:\/\/gazdasagportal.hu\/index.php\/wp-json\/wp\/v2\/posts\/119239"}],"collection":[{"href":"https:\/\/gazdasagportal.hu\/index.php\/wp-json\/wp\/v2\/posts"}],"about":[{"href":"https:\/\/gazdasagportal.hu\/index.php\/wp-json\/wp\/v2\/types\/post"}],"author":[{"embeddable":true,"href":"https:\/\/gazdasagportal.hu\/index.php\/wp-json\/wp\/v2\/users\/1001003"}],"replies":[{"embeddable":true,"href":"https:\/\/gazdasagportal.hu\/index.php\/wp-json\/wp\/v2\/comments?post=119239"}],"version-history":[{"count":1,"href":"https:\/\/gazdasagportal.hu\/index.php\/wp-json\/wp\/v2\/posts\/119239\/revisions"}],"predecessor-version":[{"id":119240,"href":"https:\/\/gazdasagportal.hu\/index.php\/wp-json\/wp\/v2\/posts\/119239\/revisions\/119240"}],"wp:attachment":[{"href":"https:\/\/gazdasagportal.hu\/index.php\/wp-json\/wp\/v2\/media?parent=119239"}],"wp:term":[{"taxonomy":"category","embeddable":true,"href":"https:\/\/gazdasagportal.hu\/index.php\/wp-json\/wp\/v2\/categories?post=119239"},{"taxonomy":"post_tag","embeddable":true,"href":"https:\/\/gazdasagportal.hu\/index.php\/wp-json\/wp\/v2\/tags?post=119239"}],"curies":[{"name":"wp","href":"https:\/\/api.w.org\/{rel}","templated":true}]}}