{"id":119231,"date":"2019-09-01T12:46:03","date_gmt":"2019-09-01T10:46:03","guid":{"rendered":"http:\/\/gazdasagportal.hu\/?p=119231"},"modified":"2019-09-01T08:46:54","modified_gmt":"2019-09-01T06:46:54","slug":"heti-makronaptar-kul-es-kiskereskelmi-valamint-ipari-adatok-varhatok-jovo-heten","status":"publish","type":"post","link":"https:\/\/gazdasagportal.hu\/index.php\/heti-makronaptar-kul-es-kiskereskelmi-valamint-ipari-adatok-varhatok-jovo-heten\/","title":{"rendered":"Heti makronapt\u00e1r &#8211; K\u00fcl- \u00e9s kiskereskelmi, valamint ipari adatok v\u00e1rhat\u00f3k j\u00f6v\u0151 h\u00e9ten"},"content":{"rendered":"<p><strong>T\u00f6bb j\u00faliusi makrogazdas\u00e1gi adat jelenik meg a j\u00f6v\u0151 h\u00e9ten, a k\u00fclkereskedelmi term\u00e9kforgalomr\u00f3l pedig az el\u0151z\u0151 h\u00f3nap mellett a 2018-ra vonatkoz\u00f3 m\u00e1sodik becsl\u00e9st is k\u00f6zlik. <\/strong><!--more--><\/p>\n<div class=\"ads-in-post1\"><div id=\"gazdasagportal.hu_fullbanner_wideboard\"><\/div>\r\n<\/div>\n<p>    H\u00e9tf\u0151n az ipari termel\u0151i \u00e1rak j\u00faliusi alakul\u00e1s\u00e1t k\u00f6zli a K\u00f6zponti Statisztikai Hivatal (KSH). A j\u00faniusi emelked\u00e9s \u00e1tlagosan alig 0,1 sz\u00e1zal\u00e9kot \u00e9rt el a tavalyi azonos id\u0151szakhoz k\u00e9pest. Az export\u00e1rak 2016 novembere \u00f3ta el\u0151sz\u00f6r cs\u00f6kkentek, 1,2 sz\u00e1zal\u00e9kkal maradtak el a tavaly j\u00faniusiakt\u00f3l, m\u00edg belf\u00f6ld\u00f6n az ipar termel\u0151i \u00e1rai 3,0 sz\u00e1zal\u00e9kkal voltak magasabbak. Az \u00e1rak v\u00e1ltoz\u00e1s\u00e1t a munkab\u00e9rek n\u00f6veked\u00e9se, a forint \u00e1rfolyamv\u00e1ltoz\u00e1sa \u00e9s a k\u0151olaj vil\u00e1gpiaci \u00e1r\u00e1nak alakul\u00e1sa befoly\u00e1solta a KSH szerint.<br \/>\n    Kedden a k\u00fclkereskedelmi term\u00e9kforgalom tavalyi fel\u00fclvizsg\u00e1lt adatai jelennek meg. A KSH els\u0151 becsl\u00e9se szerint az export eur\u00f3ban sz\u00e1molt \u00e9rt\u00e9ke 4,3 sz\u00e1zal\u00e9kkal n\u0151tt 2018-ban, az import 6,9 sz\u00e1zal\u00e9kkal emelkedett az el\u0151z\u0151 \u00e9vihez k\u00e9pest. A k\u00fclkereskedelmi m\u00e9rlegt\u00f6bblet 6,041 milli\u00e1rd eur\u00f3 volt, 2,037 milli\u00e1rddal kevesebb az egy \u00e9vvel kor\u00e1bbin\u00e1l.<br \/>\n<div class=\"ads-in-post2\"><script async src=\"https:\/\/pagead2.googlesyndication.com\/pagead\/js\/adsbygoogle.js\"><\/script>\r\n<ins class=\"adsbygoogle\"\r\n     style=\"display:block\"\r\n     data-ad-format=\"fluid\"\r\n     data-ad-layout-key=\"-6t+ed+2i-1n-4w\"\r\n     data-ad-client=\"ca-pub-1959107119989764\"\r\n     data-ad-slot=\"4008251320\"><\/ins>\r\n<script>\r\n     (adsbygoogle = window.adsbygoogle || []).push({});\r\n<\/script><\/div>\n    Szerd\u00e1n a kiskereskedelem j\u00faliusi adatai jelennek meg. J\u00faniusban a nyers adat szerint 4,3 sz\u00e1zal\u00e9kkal, napt\u00e1rhat\u00e1st\u00f3l megtiszt\u00edtva 5,2 sz\u00e1zal\u00e9kkal n\u0151tt a kiskereskedelmi \u00fczletek forgalma az egy \u00e9vvel kor\u00e1bbihoz m\u00e9rve. Az \u00e9lelmiszer- \u00e9s \u00e9lelmiszer jelleg\u0171 vegyes kiskereskedelmi \u00fczletekben 2,1 sz\u00e1zal\u00e9kkal, a nem \u00e9lelmiszer-kiskereskedelmi \u00fczletekben 8,7 sz\u00e1zal\u00e9kkal, az \u00fczemanyag-kiskereskedelemben 7,4 sz\u00e1zal\u00e9kkal emelkedett az \u00e9rt\u00e9kes\u00edt\u00e9s napt\u00e1rhat\u00e1st\u00f3l megtiszt\u00edtott volumene.<br \/>\n    P\u00e9nteken k\u00f6zlik az ipari termel\u00e9s j\u00faliusi adatait. J\u00faniusban a kevesebb munkanap miatt 1,4 sz\u00e1zal\u00e9kos volt a visszaes\u00e9s \u00e9ves \u00f6sszehasonl\u00edt\u00e1sban, a munkanaphat\u00e1st\u00f3l megtiszt\u00edtott adatok alapj\u00e1n a termel\u00e9s 4,1 sz\u00e1zal\u00e9kkal n\u0151tt.<br \/>\n    Szint\u00e9n p\u00e9nteken hozz\u00e1k nyilv\u00e1noss\u00e1gra a k\u00fclkereskedelem j\u00faliusi term\u00e9kforgalm\u00e1t. Az el\u0151z\u0151 h\u00f3napban az els\u0151 becsl\u00e9s szerint az export eur\u00f3ban sz\u00e1m\u00edtott \u00e9rt\u00e9ke 6,1, az import\u00e9 1,7 sz\u00e1zal\u00e9kkal cs\u00f6kkent az egy \u00e9vvel kor\u00e1bbihoz k\u00e9pest. A k\u00fclkereskedelmi t\u00f6bblet 556 milli\u00f3 eur\u00f3 volt, 437 milli\u00f3 eur\u00f3val kevesebb, mint tavaly j\u00faniusban. J\u00faniusban az export \u00e9rt\u00e9ke 8,979 milli\u00e1rd eur\u00f3t tett ki, az import 8,423 milli\u00e1rd eur\u00f3 volt.(MTI)<\/p>\n","protected":false},"excerpt":{"rendered":"<p>T\u00f6bb j\u00faliusi makrogazdas\u00e1gi adat jelenik meg a j\u00f6v\u0151 h\u00e9ten, a k\u00fclkereskedelmi term\u00e9kforgalomr\u00f3l pedig az el\u0151z\u0151 h\u00f3nap mellett a 2018-ra vonatkoz\u00f3 m\u00e1sodik becsl\u00e9st is k\u00f6zlik.<\/p>\n","protected":false},"author":1001003,"featured_media":0,"comment_status":"closed","ping_status":"open","sticky":false,"template":"","format":"standard","meta":[],"categories":[19],"tags":[],"_links":{"self":[{"href":"https:\/\/gazdasagportal.hu\/index.php\/wp-json\/wp\/v2\/posts\/119231"}],"collection":[{"href":"https:\/\/gazdasagportal.hu\/index.php\/wp-json\/wp\/v2\/posts"}],"about":[{"href":"https:\/\/gazdasagportal.hu\/index.php\/wp-json\/wp\/v2\/types\/post"}],"author":[{"embeddable":true,"href":"https:\/\/gazdasagportal.hu\/index.php\/wp-json\/wp\/v2\/users\/1001003"}],"replies":[{"embeddable":true,"href":"https:\/\/gazdasagportal.hu\/index.php\/wp-json\/wp\/v2\/comments?post=119231"}],"version-history":[{"count":1,"href":"https:\/\/gazdasagportal.hu\/index.php\/wp-json\/wp\/v2\/posts\/119231\/revisions"}],"predecessor-version":[{"id":119232,"href":"https:\/\/gazdasagportal.hu\/index.php\/wp-json\/wp\/v2\/posts\/119231\/revisions\/119232"}],"wp:attachment":[{"href":"https:\/\/gazdasagportal.hu\/index.php\/wp-json\/wp\/v2\/media?parent=119231"}],"wp:term":[{"taxonomy":"category","embeddable":true,"href":"https:\/\/gazdasagportal.hu\/index.php\/wp-json\/wp\/v2\/categories?post=119231"},{"taxonomy":"post_tag","embeddable":true,"href":"https:\/\/gazdasagportal.hu\/index.php\/wp-json\/wp\/v2\/tags?post=119231"}],"curies":[{"name":"wp","href":"https:\/\/api.w.org\/{rel}","templated":true}]}}