{"id":119223,"date":"2019-08-31T19:26:44","date_gmt":"2019-08-31T17:26:44","guid":{"rendered":"http:\/\/gazdasagportal.hu\/?p=119223"},"modified":"2019-08-31T19:26:44","modified_gmt":"2019-08-31T17:26:44","slug":"csaknem-10-fokkal-melegebb-van-az-ilyenkor-szokasosnal","status":"publish","type":"post","link":"https:\/\/gazdasagportal.hu\/index.php\/csaknem-10-fokkal-melegebb-van-az-ilyenkor-szokasosnal\/","title":{"rendered":"Csaknem 10 fokkal melegebb van az ilyenkor szok\u00e1sosn\u00e1l"},"content":{"rendered":"<p><strong>Csaknem 10 Celsius-fokkal melegebb van az ilyenkor szok\u00e1sosn\u00e1l &#8211; \u00edrta az Orsz\u00e1gos Meteorol\u00f3giai Szolg\u00e1lat szombaton, a meteorol\u00f3giai ny\u00e1r utols\u00f3 napj\u00e1n a Facebook-oldal\u00e1n. Vas\u00e1rnap ak\u00e1r 36 fok is lehet.<\/strong><!--more--><\/p>\n<div class=\"ads-in-post1\"><div id=\"gazdasagportal.hu_fullbanner_wideboard\"><\/div>\r\n<\/div>\n<p>    K\u00f6z\u00f6lt\u00e9k: szombaton f\u00e9l egy el\u0151tt 31 fok k\u00f6r\u00fcl alakult az orsz\u00e1gos \u00e1tlagh\u0151m\u00e9rs\u00e9klet. Ez 8 fokkal magasabb az ilyenkor szok\u00e1sos 23 fokn\u00e1l.<br \/>\n    A h\u0151s\u00e9g miatt jelenleg is az orsz\u00e1g nagy r\u00e9sz\u00e9n els\u0151fok\u00fa figyelmeztet\u00e9s van \u00e9rv\u00e9nyben. Emellett t\u00f6bb megy\u00e9ben zivatarokra is figyelmeztetnek.<br \/>\n    Vas\u00e1rnapra, az \u0151sz els\u0151 napj\u00e1ra B\u00e9k\u00e9s megy\u00e9re m\u00e1sodfok\u00fa figyelmeztet\u00e9st adtak ki a h\u0151s\u00e9g miatt. Budapestre, Pest, B\u00e1cs-Kiskun, Csongr\u00e1d, Hajd\u00fa-Bihar, J\u00e1sz-Nagykun-Szolnok \u00e9s Szabolcs-Szatm\u00e1r-Bereg megy\u00e9re pedig els\u0151fok\u00fa figyelmeztet\u00e9st adtak ki. Az el\u0151rejelz\u00e9s szerint vas\u00e1rnap a legalacsonyabb h\u0151m\u00e9rs\u00e9klet 14-21, a legmagasabb h\u0151m\u00e9rs\u00e9klet 31-36 fok k\u00f6z\u00f6tt v\u00e1rhat\u00f3.<br \/>\n<div class=\"ads-in-post2\"><script async src=\"https:\/\/pagead2.googlesyndication.com\/pagead\/js\/adsbygoogle.js\"><\/script>\r\n<ins class=\"adsbygoogle\"\r\n     style=\"display:block\"\r\n     data-ad-format=\"fluid\"\r\n     data-ad-layout-key=\"-6t+ed+2i-1n-4w\"\r\n     data-ad-client=\"ca-pub-1959107119989764\"\r\n     data-ad-slot=\"4008251320\"><\/ins>\r\n<script>\r\n     (adsbygoogle = window.adsbygoogle || []).push({});\r\n<\/script><\/div>\n    A meteorol\u00f3giai szolg\u00e1lat vas\u00e1rnapra zivatarok miatt els\u0151fok\u00fa figyelmeztet\u00e9st adott ki a f\u0151v\u00e1rosra, Pest, Baranya, Borsod-Aba\u00faj-Zempl\u00e9n, Fej\u00e9r, Gy\u0151r-Moson-Sopron, Heves, Kom\u00e1rom-Esztergom, N\u00f3gr\u00e1d, Somogy, Tolna, Vas, Veszpr\u00e9m \u00e9s Zala megy\u00e9re. (mti)<\/p>\n","protected":false},"excerpt":{"rendered":"<p>Csaknem 10 Celsius-fokkal melegebb van az ilyenkor szok\u00e1sosn\u00e1l &#8211; \u00edrta az Orsz\u00e1gos Meteorol\u00f3giai Szolg\u00e1lat szombaton, a meteorol\u00f3giai ny\u00e1r utols\u00f3 napj\u00e1n a Facebook-oldal\u00e1n. Vas\u00e1rnap ak\u00e1r 36 fok is lehet.<\/p>\n","protected":false},"author":1001003,"featured_media":0,"comment_status":"closed","ping_status":"open","sticky":false,"template":"","format":"standard","meta":[],"categories":[4],"tags":[],"_links":{"self":[{"href":"https:\/\/gazdasagportal.hu\/index.php\/wp-json\/wp\/v2\/posts\/119223"}],"collection":[{"href":"https:\/\/gazdasagportal.hu\/index.php\/wp-json\/wp\/v2\/posts"}],"about":[{"href":"https:\/\/gazdasagportal.hu\/index.php\/wp-json\/wp\/v2\/types\/post"}],"author":[{"embeddable":true,"href":"https:\/\/gazdasagportal.hu\/index.php\/wp-json\/wp\/v2\/users\/1001003"}],"replies":[{"embeddable":true,"href":"https:\/\/gazdasagportal.hu\/index.php\/wp-json\/wp\/v2\/comments?post=119223"}],"version-history":[{"count":1,"href":"https:\/\/gazdasagportal.hu\/index.php\/wp-json\/wp\/v2\/posts\/119223\/revisions"}],"predecessor-version":[{"id":119224,"href":"https:\/\/gazdasagportal.hu\/index.php\/wp-json\/wp\/v2\/posts\/119223\/revisions\/119224"}],"wp:attachment":[{"href":"https:\/\/gazdasagportal.hu\/index.php\/wp-json\/wp\/v2\/media?parent=119223"}],"wp:term":[{"taxonomy":"category","embeddable":true,"href":"https:\/\/gazdasagportal.hu\/index.php\/wp-json\/wp\/v2\/categories?post=119223"},{"taxonomy":"post_tag","embeddable":true,"href":"https:\/\/gazdasagportal.hu\/index.php\/wp-json\/wp\/v2\/tags?post=119223"}],"curies":[{"name":"wp","href":"https:\/\/api.w.org\/{rel}","templated":true}]}}