{"id":119213,"date":"2019-08-31T14:14:05","date_gmt":"2019-08-31T12:14:05","guid":{"rendered":"http:\/\/gazdasagportal.hu\/?p=119213"},"modified":"2019-08-31T08:15:01","modified_gmt":"2019-08-31T06:15:01","slug":"donald-trump-emberseges-fellepesre-keri-kinat-hongkongban","status":"publish","type":"post","link":"https:\/\/gazdasagportal.hu\/index.php\/donald-trump-emberseges-fellepesre-keri-kinat-hongkongban\/","title":{"rendered":"Donald Trump embers\u00e9ges fell\u00e9p\u00e9sre k\u00e9ri K\u00edn\u00e1t Hongkongban"},"content":{"rendered":"<p><strong>Donald Trump amerikai eln\u00f6k p\u00e9nteken Washingtonban \u00fajs\u00e1g\u00edr\u00f3knak nyilatkozva &#8222;embers\u00e9ges&#8221; fell\u00e9p\u00e9sre k\u00e9rte K\u00edn\u00e1t Hongkongban. <\/strong><!--more--><\/p>\n<div class=\"ads-in-post1\"><div id=\"gazdasagportal.hu_fullbanner_wideboard\"><\/div>\r\n<\/div>\n<p>    Az amerikai eln\u00f6k kifejtette: szerinte K\u00edna sokkal er\u0151szakosabban l\u00e9pne fel Hongkongban, ha Peking nem folytatn\u00e1 a kereskedelmi t\u00e1rgyal\u00e1sokat az amerikai korm\u00e1nyzattal.<br \/>\n    A kereskedelmi t\u00e1rgyal\u00e1sokr\u00f3l sz\u00f3lva Trump meger\u0151s\u00edtette, hogy a k\u00ednai term\u00e9kekre be\u00edg\u00e9rt v\u00e1mtarifa-emel\u00e9sek vas\u00e1rnapt\u00f3l \u00e9letbe l\u00e9pnek.<br \/>\n    A szeptemberre kil\u00e1t\u00e1sba helyezett tov\u00e1bbi tarifaemel\u00e9sekr\u0151l kijelentette: ezeket v\u00e1rhat\u00f3an szint\u00e9n \u00e9letbe l\u00e9ptetik. Hozz\u00e1f\u0171zte: az amerikai-k\u00ednai kereskedelmi t\u00e1rgyal\u00e1sok \u00fajabb fordul\u00f3j\u00e1t szeptemberben megtartj\u00e1k.<br \/>\n<div class=\"ads-in-post2\"><script async src=\"https:\/\/pagead2.googlesyndication.com\/pagead\/js\/adsbygoogle.js\"><\/script>\r\n<ins class=\"adsbygoogle\"\r\n     style=\"display:block\"\r\n     data-ad-format=\"fluid\"\r\n     data-ad-layout-key=\"-6t+ed+2i-1n-4w\"\r\n     data-ad-client=\"ca-pub-1959107119989764\"\r\n     data-ad-slot=\"4008251320\"><\/ins>\r\n<script>\r\n     (adsbygoogle = window.adsbygoogle || []).push({});\r\n<\/script><\/div>\n    Az eln\u00f6k hangot adott egyben azon meggy\u0151z\u0151d\u00e9s\u00e9nek is, hogy e kereskedelmi vit\u00e1b\u00f3l az Egyes\u00fclt \u00c1llamok ker\u00fcl ki majd gy\u0151ztesen.     Faggatt\u00e1k az \u00fajs\u00e1g\u00edr\u00f3k Trumpot az afganiszt\u00e1ni t\u00e1libokkal folytatott t\u00e1rgyal\u00e1sokr\u00f3l \u00e9s az afganiszt\u00e1ni helyzetr\u0151l is. Trump k\u00f6z\u00f6lte: Zalmay Khalilzad, az afganiszt\u00e1ni \u00e9s pakiszt\u00e1ni \u00fcgyekkel foglalkoz\u00f3 k\u00fcl\u00f6nmegb\u00edzott \u00e9rdemleges t\u00e1rgyal\u00e1sokat folytatott, de m\u00e9g nincs el\u00e9rhet\u0151 k\u00f6zels\u00e9gben a b\u00e9kemeg\u00e1llapod\u00e1s.(MTI)<\/p>\n","protected":false},"excerpt":{"rendered":"<p>Donald Trump amerikai eln\u00f6k p\u00e9nteken Washingtonban \u00fajs\u00e1g\u00edr\u00f3knak nyilatkozva &#8222;embers\u00e9ges&#8221; fell\u00e9p\u00e9sre k\u00e9rte K\u00edn\u00e1t Hongkongban.<\/p>\n","protected":false},"author":1001003,"featured_media":0,"comment_status":"closed","ping_status":"open","sticky":false,"template":"","format":"standard","meta":[],"categories":[13,14],"tags":[],"_links":{"self":[{"href":"https:\/\/gazdasagportal.hu\/index.php\/wp-json\/wp\/v2\/posts\/119213"}],"collection":[{"href":"https:\/\/gazdasagportal.hu\/index.php\/wp-json\/wp\/v2\/posts"}],"about":[{"href":"https:\/\/gazdasagportal.hu\/index.php\/wp-json\/wp\/v2\/types\/post"}],"author":[{"embeddable":true,"href":"https:\/\/gazdasagportal.hu\/index.php\/wp-json\/wp\/v2\/users\/1001003"}],"replies":[{"embeddable":true,"href":"https:\/\/gazdasagportal.hu\/index.php\/wp-json\/wp\/v2\/comments?post=119213"}],"version-history":[{"count":1,"href":"https:\/\/gazdasagportal.hu\/index.php\/wp-json\/wp\/v2\/posts\/119213\/revisions"}],"predecessor-version":[{"id":119214,"href":"https:\/\/gazdasagportal.hu\/index.php\/wp-json\/wp\/v2\/posts\/119213\/revisions\/119214"}],"wp:attachment":[{"href":"https:\/\/gazdasagportal.hu\/index.php\/wp-json\/wp\/v2\/media?parent=119213"}],"wp:term":[{"taxonomy":"category","embeddable":true,"href":"https:\/\/gazdasagportal.hu\/index.php\/wp-json\/wp\/v2\/categories?post=119213"},{"taxonomy":"post_tag","embeddable":true,"href":"https:\/\/gazdasagportal.hu\/index.php\/wp-json\/wp\/v2\/tags?post=119213"}],"curies":[{"name":"wp","href":"https:\/\/api.w.org\/{rel}","templated":true}]}}