{"id":119211,"date":"2019-08-31T13:12:50","date_gmt":"2019-08-31T11:12:50","guid":{"rendered":"http:\/\/gazdasagportal.hu\/?p=119211"},"modified":"2019-08-31T08:13:41","modified_gmt":"2019-08-31T06:13:41","slug":"a-magyar-munkavallalok-77-szazaleka-biztosnak-latja-munkahelyet-egy-felmeres-szerint","status":"publish","type":"post","link":"https:\/\/gazdasagportal.hu\/index.php\/a-magyar-munkavallalok-77-szazaleka-biztosnak-latja-munkahelyet-egy-felmeres-szerint\/","title":{"rendered":"A magyar munkav\u00e1llal\u00f3k 77 sz\u00e1zal\u00e9ka biztosnak l\u00e1tja munkahely\u00e9t egy felm\u00e9r\u00e9s szerint"},"content":{"rendered":"<p><strong>A magyar munkav\u00e1llal\u00f3k 77 sz\u00e1zal\u00e9ka minimum \u00f6t \u00e9vre biztosnak l\u00e1tja a poz\u00edci\u00f3j\u00e1t a munkahely\u00e9n, 82 sz\u00e1zal\u00e9k v\u00e9li \u00fagy, hogy a c\u00e9g, amelyn\u00e9l dolgozik \u00f6t \u00e9v m\u00falva is m\u0171k\u00f6dni fog a BNP Paribas Cardif biztos\u00edt\u00f3 \u00e9s a Medi\u00e1n k\u00f6z\u00f6s munkaer\u0151piaci kutat\u00e1sa szerint.<\/strong><!--more--><\/p>\n<div class=\"ads-in-post1\"><div id=\"gazdasagportal.hu_fullbanner_wideboard\"><\/div>\r\n<\/div>\n<p>    Az 1200 ember megk\u00e9rdez\u00e9s\u00e9n alapul\u00f3, reprezentat\u00edv felm\u00e9r\u00e9s 2019. j\u00faniusi adatai alapj\u00e1n k\u00e9pzett BNP Paribas Cardif Munkaer\u0151piaci Stabilit\u00e1si Index 70 pont lett, 2018 hasonl\u00f3 id\u0151szak\u00e1hoz k\u00e9pest egy, az el\u0151z\u0151 negyed\u00e9vhez k\u00e9pest k\u00e9t ponttal n\u0151tt. Ez a k\u00f6zlem\u00e9ny szerint kifejezetten optimista hozz\u00e1\u00e1ll\u00e1st mutat a munkav\u00e1llal\u00f3k k\u00f6r\u00e9ben.<br \/>\n    A m\u00e9r\u0151sz\u00e1m azt fejezi ki egy 100 pontos sk\u00e1l\u00e1n, hogy a munkav\u00e1llal\u00f3k mennyire b\u00edznak abban, hogy jelenlegi foglalkoztat\u00f3juk hossz\u00fa t\u00e1von is munkalehet\u0151s\u00e9get biztos\u00edt sz\u00e1mukra.<br \/>\n    A felm\u00e9r\u00e9sben 13 k\u00e9rd\u00e9sben vizsg\u00e1lt\u00e1k, hogyan \u00edt\u00e9lik meg a munkav\u00e1llal\u00f3k munkahely\u00fck biztons\u00e1g\u00e1t, er\u0151fesz\u00edt\u00e9seiket munhely\u00fck meg\u0151rz\u00e9se \u00e9rdek\u00e9ben, illetve azt, hogy milyennek l\u00e1tj\u00e1k egy \u00faj \u00e1ll\u00e1s megtal\u00e1l\u00e1s\u00e1nak lehet\u0151s\u00e9g\u00e9t. A r\u00e9sztvev\u0151k \u00e1ltal kit\u00f6lt\u00f6tt k\u00e9rd\u0151\u00edv v\u00e1laszait az egyes t\u00e9mak\u00f6r\u00f6kben \u00e1tlagolt\u00e1k az eredm\u00e9nyeket pedig pontokban hat\u00e1rozt\u00e1k meg.<br \/>\n<div class=\"ads-in-post2\"><script async src=\"https:\/\/pagead2.googlesyndication.com\/pagead\/js\/adsbygoogle.js\"><\/script>\r\n<ins class=\"adsbygoogle\"\r\n     style=\"display:block\"\r\n     data-ad-format=\"fluid\"\r\n     data-ad-layout-key=\"-6t+ed+2i-1n-4w\"\r\n     data-ad-client=\"ca-pub-1959107119989764\"\r\n     data-ad-slot=\"4008251320\"><\/ins>\r\n<script>\r\n     (adsbygoogle = window.adsbygoogle || []).push({});\r\n<\/script><\/div>\n    A kutat\u00e1sban 94 pontot m\u00e9rtek ann\u00e1l a k\u00e9rd\u00e9sn\u00e9l, hogy mennyire b\u00edznak a munkahely\u00fck fennmarad\u00e1s\u00e1ban. A megel\u0151z\u0151 k\u00e9t \u00e9vben ez az \u00e9rt\u00e9k 91, illetve 89 pont volt.<br \/>\n    Az \u00fajb\u00f3li elhelyezked\u00e9s es\u00e9ly\u00e9vel \u00f6sszef\u00fcgg\u00e9sben most m\u00e9rt\u00e9k az eddigi legmagasabb, 57 pontos \u00e9rt\u00e9ket, ez a mutat\u00f3 tavaly 53, 2017-ben pedig 44 pontot vett fel.<br \/>\n    A k\u00f6zlem\u00e9nyben Kiss M\u00e1rk Istv\u00e1n, a BNP Paribas Cardif biztos\u00edt\u00f3 vez\u00e9rigazgat\u00f3ja kifejtette, hogy az optimista munkav\u00e1llal\u00f3i hangulatot t\u00fckr\u00f6zi az is, hogy egyre pozit\u00edvabban \u00edt\u00e9lik meg az emberek egy \u00fajb\u00f3li elhelyezked\u00e9s es\u00e9ly\u00e9t. \u00cdgy a munkav\u00e1llal\u00f3k egyre nagyobb b\u00e1tors\u00e1ggal mernek felmondani akkor is, ha nem tudj\u00e1k pontosan, hol helyezkednek el azut\u00e1n.(MTI)<\/p>\n","protected":false},"excerpt":{"rendered":"<p>A magyar munkav\u00e1llal\u00f3k 77 sz\u00e1zal\u00e9ka minimum \u00f6t \u00e9vre biztosnak l\u00e1tja a poz\u00edci\u00f3j\u00e1t a munkahely\u00e9n, 82 sz\u00e1zal\u00e9k v\u00e9li \u00fagy, hogy a c\u00e9g, amelyn\u00e9l dolgozik \u00f6t \u00e9v m\u00falva is m\u0171k\u00f6dni fog a BNP Paribas Cardif biztos\u00edt\u00f3 \u00e9s a Medi\u00e1n k\u00f6z\u00f6s munkaer\u0151piaci kutat\u00e1sa szerint.<\/p>\n","protected":false},"author":1001003,"featured_media":0,"comment_status":"closed","ping_status":"open","sticky":false,"template":"","format":"standard","meta":[],"categories":[4,19],"tags":[],"_links":{"self":[{"href":"https:\/\/gazdasagportal.hu\/index.php\/wp-json\/wp\/v2\/posts\/119211"}],"collection":[{"href":"https:\/\/gazdasagportal.hu\/index.php\/wp-json\/wp\/v2\/posts"}],"about":[{"href":"https:\/\/gazdasagportal.hu\/index.php\/wp-json\/wp\/v2\/types\/post"}],"author":[{"embeddable":true,"href":"https:\/\/gazdasagportal.hu\/index.php\/wp-json\/wp\/v2\/users\/1001003"}],"replies":[{"embeddable":true,"href":"https:\/\/gazdasagportal.hu\/index.php\/wp-json\/wp\/v2\/comments?post=119211"}],"version-history":[{"count":1,"href":"https:\/\/gazdasagportal.hu\/index.php\/wp-json\/wp\/v2\/posts\/119211\/revisions"}],"predecessor-version":[{"id":119212,"href":"https:\/\/gazdasagportal.hu\/index.php\/wp-json\/wp\/v2\/posts\/119211\/revisions\/119212"}],"wp:attachment":[{"href":"https:\/\/gazdasagportal.hu\/index.php\/wp-json\/wp\/v2\/media?parent=119211"}],"wp:term":[{"taxonomy":"category","embeddable":true,"href":"https:\/\/gazdasagportal.hu\/index.php\/wp-json\/wp\/v2\/categories?post=119211"},{"taxonomy":"post_tag","embeddable":true,"href":"https:\/\/gazdasagportal.hu\/index.php\/wp-json\/wp\/v2\/tags?post=119211"}],"curies":[{"name":"wp","href":"https:\/\/api.w.org\/{rel}","templated":true}]}}