{"id":119201,"date":"2019-08-31T08:14:13","date_gmt":"2019-08-31T06:14:13","guid":{"rendered":"http:\/\/gazdasagportal.hu\/?p=119201"},"modified":"2019-08-31T06:48:40","modified_gmt":"2019-08-31T04:48:40","slug":"ma-akarsz-vasarolni-hatalmas-tomegre-szamits","status":"publish","type":"post","link":"https:\/\/gazdasagportal.hu\/index.php\/ma-akarsz-vasarolni-hatalmas-tomegre-szamits\/","title":{"rendered":"Ma akarsz v\u00e1s\u00e1rolni? Hatalmas t\u00f6megre sz\u00e1m\u00edts"},"content":{"rendered":"<p><strong>Er\u0151s forgalomra sz\u00e1m\u00edtanak az \u00e1ruh\u00e1zak a h\u00e9tv\u00e9g\u00e9n; a legt\u00f6bb csal\u00e1d augusztus 20-a ut\u00e1n v\u00e1s\u00e1rol be az iskolakezd\u00e9sre, \u00e9s a szeptember k\u00f6zep\u00e9ig tart\u00f3 id\u0151szakban a h\u00e9tv\u00e9gi napok k\u00fcl\u00f6n\u00f6sen forgalmasak az MTI-nek nyilatkoz\u00f3 \u00e1ruh\u00e1zl\u00e1ncok szerint.<\/strong><!--more--><\/p>\n<div class=\"ads-in-post1\"><div id=\"gazdasagportal.hu_fullbanner_wideboard\"><\/div>\r\n<\/div>\n<p>    Az Auchan Magyarorsz\u00e1g az MTI megkeres\u00e9s\u00e9re k\u00f6z\u00f6lte: a cs\u00facsid\u0151szak az el\u0151z\u0151 \u00e9vekhez hasonl\u00f3an id\u00e9n is augusztus 20-a ut\u00e1n indult, a legforgalmasabbnak ez a h\u00e9tv\u00e9ge \u00edg\u00e9rkezik. Az \u00e9vkezd\u00e9si tanszerv\u00e1s\u00e1rl\u00e1s az \u00e9v egyik legnagyobb bev\u00e1s\u00e1rl\u00e1sa a csal\u00e1dokn\u00e1l. Augusztusban egy nem iskolakezd\u00e9ses h\u00f3naphoz viszony\u00edtva t\u00f6bb t\u00edzszeres\u00e9re emelkedik az Auchan \u00e1ruh\u00e1zaikban az iskolaszerek forgalma, a szeptemberi forgalom \u00e1ltal\u00e1ban ennek a negyede.<br \/>\n    Az Auchan tapasztalatai szerint a tanszerekkel kapcsolatos v\u00e1s\u00e1rl\u00e1si szok\u00e1sok jelent\u0151sen megv\u00e1ltoztak az elm\u00falt \u00e9vtizedben. M\u00edg kor\u00e1bban az els\u0151dleges szempont egy\u00e9rtelm\u0171en az \u00e1r volt, m\u00e1ra sokkal fontosabb\u00e1 v\u00e1lt a kedvez\u0151 \u00e1r-\u00e9rt\u00e9k ar\u00e1ny, \u00e9s egyre t\u00f6bben keresik a min\u0151s\u00e9gi, m\u00e1rk\u00e1s term\u00e9keket. Bizonyos term\u00e9kk\u00f6r\u00f6kn\u00e9l az ut\u00f3bbi \u00e9vekben egyre fontosabb\u00e1 v\u00e1lt a brand, a v\u00e1s\u00e1rl\u00f3k els\u0151sorban a grafitceruz\u00e1k, sz\u00ednes ceruz\u00e1k, tollak \u00e9s filctollak, valamint a t\u00e1sk\u00e1k eset\u00e9ben r\u00e9szes\u00edtenek el\u0151nyben bizonyos m\u00e1rk\u00e1kat. Egyre t\u00f6bb v\u00e1s\u00e1rl\u00f3 keresi a k\u00f6rnyezetbar\u00e1t \u00e9s fenntarthat\u00f3 forr\u00e1sb\u00f3l sz\u00e1rmaz\u00f3 term\u00e9keket is.<br \/>\n<div class=\"ads-in-post2\"><script async src=\"https:\/\/pagead2.googlesyndication.com\/pagead\/js\/adsbygoogle.js\"><\/script>\r\n<ins class=\"adsbygoogle\"\r\n     style=\"display:block\"\r\n     data-ad-format=\"fluid\"\r\n     data-ad-layout-key=\"-6t+ed+2i-1n-4w\"\r\n     data-ad-client=\"ca-pub-1959107119989764\"\r\n     data-ad-slot=\"4008251320\"><\/ins>\r\n<script>\r\n     (adsbygoogle = window.adsbygoogle || []).push({});\r\n<\/script><\/div>\n    A Tesco-Glob\u00e1l \u00c1ruh\u00e1zak Zrt. szint\u00e9n arr\u00f3l t\u00e1j\u00e9koztatta az MTI-t, hogy a kereslet augusztus 20-\u00e1t\u00f3l n\u0151tt meg \u00e9rezhet\u0151en, az ut\u00f3bbi t\u00edz nap forgalma megk\u00f6zel\u00edt\u0151leg megegyezik az augusztus 20-\u00e1t megel\u0151z\u0151 k\u00f6zel 3 h\u00e9t forgalm\u00e1val. A Tesco \u00e1ruh\u00e1zaiban jellemz\u0151en 5,8 milli\u00f3 f\u00fczetet, 270 ezer iskolat\u00e1sk\u00e1t \u00e9s csaknem egymilli\u00f3 \u00edr\u00f3szert \u00e9rt\u00e9kes\u00edtenek az iskolakezd\u00e9si id\u0151szakban, ami az augusztus m\u00e1sodik fel\u00e9t\u0151l szeptember k\u00f6zep\u00e9ig tart\u00f3 hetekben a legintenz\u00edvebb.<br \/>\n    Augusztus v\u00e9g\u00e9n, szeptember elej\u00e9n meg\u00e9l\u00e9nk\u00fcl a kiskereskedelmi forgalom, ennek egy r\u00e9sz\u00e9t az iskolakezd\u00e9s adja. Ilyenkor a szorosan vett iskolaszerek mellett jobban fogynak a sportcip\u0151k, mobiltelefonok, laptopok is &#8211; mondta V\u00e1mos Gy\u00f6rgy, az Orsz\u00e1gos Kereskedelmi Sz\u00f6vets\u00e9g (OKSZ) f\u0151titk\u00e1ra az MTI-nek. Hozz\u00e1tette ugyanakkor, hogy a v\u00e1s\u00e1rl\u00e1sok \u00e9l\u00e9nk\u00fcl\u00e9s\u00e9nek egy\u00e9b okai is vannak, a ruh\u00e1zati cikkekn\u00e9l a szezonv\u00e1lt\u00e1s, vagy a ny\u00e1ri h\u0151s\u00e9g miatt elmaradt v\u00e1s\u00e1rl\u00e1sok p\u00f3tl\u00e1sa, \u00edgy pontos adat nincs arr\u00f3l, hogy maga az iskolakezd\u00e9s h\u00e1ny milli\u00e1rd forinttal j\u00e1rul hozz\u00e1 a kiskereskedelmi forgalom n\u00f6veked\u00e9s\u00e9hez.<br \/>\n    A csal\u00e1dok 33 sz\u00e1zal\u00e9ka 15-25 ezer forint k\u00f6z\u00f6tti \u00f6sszeget k\u00f6lt az iskolakezd\u00e9sre gyermekenk\u00e9nt, 27 sz\u00e1zal\u00e9k 10-15 ezer forintot, m\u00edg 21 sz\u00e1zal\u00e9k ak\u00e1r 25-40 ezer forintot is hajland\u00f3 erre a c\u00e9lra ford\u00edtani a Vatera saj\u00e1t felhaszn\u00e1l\u00f3i k\u00f6r\u00e9ben v\u00e9gzett j\u00faliusi felm\u00e9r\u00e9se szerint. Csak minden tizedik csal\u00e1d hozza ki 10 ezer forint alatti \u00f6sszegb\u0151l a k\u00f6telez\u0151 iskolaszer-v\u00e1s\u00e1rl\u00e1st, \u00e9s ugyanennyien vannak azok is, akik t\u00f6bb mint 40 ezer forintot \u00e1ldoznak r\u00e1.(MTI)<\/p>\n","protected":false},"excerpt":{"rendered":"<p>Er\u0151s forgalomra sz\u00e1m\u00edtanak az \u00e1ruh\u00e1zak a h\u00e9tv\u00e9g\u00e9n; a legt\u00f6bb csal\u00e1d augusztus 20-a ut\u00e1n v\u00e1s\u00e1rol be az iskolakezd\u00e9sre, \u00e9s a szeptember k\u00f6zep\u00e9ig tart\u00f3 id\u0151szakban a h\u00e9tv\u00e9gi napok k\u00fcl\u00f6n\u00f6sen forgalmasak az MTI-nek nyilatkoz\u00f3 \u00e1ruh\u00e1zl\u00e1ncok szerint.<\/p>\n","protected":false},"author":1001003,"featured_media":0,"comment_status":"closed","ping_status":"open","sticky":false,"template":"","format":"standard","meta":[],"categories":[4],"tags":[],"_links":{"self":[{"href":"https:\/\/gazdasagportal.hu\/index.php\/wp-json\/wp\/v2\/posts\/119201"}],"collection":[{"href":"https:\/\/gazdasagportal.hu\/index.php\/wp-json\/wp\/v2\/posts"}],"about":[{"href":"https:\/\/gazdasagportal.hu\/index.php\/wp-json\/wp\/v2\/types\/post"}],"author":[{"embeddable":true,"href":"https:\/\/gazdasagportal.hu\/index.php\/wp-json\/wp\/v2\/users\/1001003"}],"replies":[{"embeddable":true,"href":"https:\/\/gazdasagportal.hu\/index.php\/wp-json\/wp\/v2\/comments?post=119201"}],"version-history":[{"count":1,"href":"https:\/\/gazdasagportal.hu\/index.php\/wp-json\/wp\/v2\/posts\/119201\/revisions"}],"predecessor-version":[{"id":119202,"href":"https:\/\/gazdasagportal.hu\/index.php\/wp-json\/wp\/v2\/posts\/119201\/revisions\/119202"}],"wp:attachment":[{"href":"https:\/\/gazdasagportal.hu\/index.php\/wp-json\/wp\/v2\/media?parent=119201"}],"wp:term":[{"taxonomy":"category","embeddable":true,"href":"https:\/\/gazdasagportal.hu\/index.php\/wp-json\/wp\/v2\/categories?post=119201"},{"taxonomy":"post_tag","embeddable":true,"href":"https:\/\/gazdasagportal.hu\/index.php\/wp-json\/wp\/v2\/tags?post=119201"}],"curies":[{"name":"wp","href":"https:\/\/api.w.org\/{rel}","templated":true}]}}