{"id":119193,"date":"2019-08-31T04:44:35","date_gmt":"2019-08-31T02:44:35","guid":{"rendered":"http:\/\/gazdasagportal.hu\/?p=119193"},"modified":"2019-08-30T20:40:23","modified_gmt":"2019-08-30T18:40:23","slug":"kiemelkedoen-nottek-a-berek-juniusban","status":"publish","type":"post","link":"https:\/\/gazdasagportal.hu\/index.php\/kiemelkedoen-nottek-a-berek-juniusban\/","title":{"rendered":"Kiemelked\u0151en n\u0151ttek a b\u00e9rek j\u00faniusban"},"content":{"rendered":"<p><strong>Kiemelked\u0151en n\u0151ttek a b\u00e9rek j\u00faniusban, amit legink\u00e1bb a v\u00e1llalatok v\u00e1ltozatlanul er\u0151s munkaer\u0151-kereslete befoly\u00e1sol elemz\u0151k szerint.<\/strong><!--more--><\/p>\n<div class=\"ads-in-post1\"><div id=\"gazdasagportal.hu_fullbanner_wideboard\"><\/div>\r\n<\/div>\n<p>    A K\u00f6zponti Statisztikai Hivatal p\u00e9nteken tette k\u00f6zz\u00e9, hogy j\u00faniusban a brutt\u00f3 \u00e1tlagkereset 364 800 forint volt, 10,6 sz\u00e1zal\u00e9kkal magasabb, mint egy \u00e9vvel kor\u00e1bban.<br \/>\n    Moln\u00e1r D\u00e1niel, a Sz\u00e1zadv\u00e9g elemz\u0151je az MTI-nek k\u00fcld\u00f6tt komment\u00e1rj\u00e1ban kiemelte, a keresetek j\u00faniusban is kiemelked\u0151 m\u00e9rt\u00e9kben, 10 sz\u00e1zal\u00e9k feletti \u00fctemben n\u0151ttek. A b\u00e9rek n\u00f6veked\u00e9si \u00fcteme tov\u00e1bbra is meghaladja az \u00e9v eleji minim\u00e1lb\u00e9remel\u00e9s m\u00e9rt\u00e9k\u00e9t. Ebb\u0151l arra lehet k\u00f6vetkeztetni, hogy a b\u00e9reket legink\u00e1bb a v\u00e1llalatok v\u00e1ltozatlanul er\u0151s munkaer\u0151-kereslete befoly\u00e1solja.<br \/>\n    A Sz\u00e1zadv\u00e9g elemz\u0151je az \u00e9v eg\u00e9sz\u00e9re 10 sz\u00e1zal\u00e9k feletti b\u00e9remelked\u00e9st v\u00e1r, amelynek egy \u00fajabb l\u00f6k\u00e9st adhat a szoci\u00e1lis hozz\u00e1j\u00e1rul\u00e1si ad\u00f3 j\u00faliusi 2 sz\u00e1zal\u00e9kpontos cs\u00f6kken\u00e9se, szerinte a k\u00f6zszf\u00e9r\u00e1ban, azon bel\u00fcl is els\u0151sorban az oktat\u00e1sban tov\u00e1bbra is l\u00e1tszik a b\u00e9remel\u00e9sek folytat\u00e1s\u00e1nak sz\u00fcks\u00e9gess\u00e9ge.<br \/>\n<div class=\"ads-in-post2\"><script async src=\"https:\/\/pagead2.googlesyndication.com\/pagead\/js\/adsbygoogle.js\"><\/script>\r\n<ins class=\"adsbygoogle\"\r\n     style=\"display:block\"\r\n     data-ad-format=\"fluid\"\r\n     data-ad-layout-key=\"-6t+ed+2i-1n-4w\"\r\n     data-ad-client=\"ca-pub-1959107119989764\"\r\n     data-ad-slot=\"4008251320\"><\/ins>\r\n<script>\r\n     (adsbygoogle = window.adsbygoogle || []).push({});\r\n<\/script><\/div>\n    Virov\u00e1cz P\u00e9ter, az ING Bank vezet\u0151 elemz\u0151je r\u00e1mutatott arra, hogy a b\u00e9rek j\u00faniusban is k\u00e9tsz\u00e1mjegy\u0171 n\u00f6veked\u00e9st mutatnak, a munkaer\u0151hi\u00e1ny tov\u00e1bbra is jelent\u0151s. Nagy k\u00e9rd\u00e9s szerinte, hogy a k\u00fcls\u0151 bizonytalans\u00e1gok k\u00f6vetkezt\u00e9ben a v\u00e1llalatok mikor kezdik el m\u00e9rs\u00e9kelni a munkaer\u0151-kereslet\u00fcket, ami a b\u00e9rez\u00e9sre is hat\u00e1ssal lehet.<br \/>\n    Az ING Bank vezet\u0151 elemz\u0151je r\u00e1mutat arra, hogy a b\u00e9rek 10,6 sz\u00e1zal\u00e9kos emelked\u00e9se az el\u0151z\u0151 havi adathoz k\u00e9pest enyhe m\u00e9rs\u00e9kl\u0151d\u00e9st jelent. Ennek els\u0151dleges oka az \u00e1llami szf\u00e9r\u00e1ban keresend\u0151, ahol 8,4 sz\u00e1zal\u00e9kkal n\u0151ttek a b\u00e9rek.<br \/>\n    Jelent\u0151sen \u00e1tlag felett n\u0151ttek a fizet\u00e9sek a neh\u00e9ziparban \u00e9s a mez\u0151gazdas\u00e1gban, mik\u00f6zben n\u00e9mi meglepet\u00e9sre az \u00e9p\u00edt\u0151ipari b\u00e9rek 7,6 sz\u00e1zal\u00e9kos n\u00f6veked\u00e9se hossz\u00fa \u00e9vek \u00f3ta a legalacsonyabb sz\u00e1m. A szolg\u00e1ltat\u00f3 szektorban vegyesebb a b\u00e9rfejleszt\u00e9si k\u00e9p, ahol j\u00faniusban a vend\u00e9gl\u00e1t\u00e1s ter\u00fclet\u00e9n n\u0151ttek legnagyobb m\u00e9rt\u00e9kben a b\u00e9rek, v\u00e9lhet\u0151en az \u00e1gazatban jelentkez\u0151 szezon\u00e1lisan meger\u0151s\u00f6d\u0151 munkaer\u0151-kereslet \u00e9s a munkaer\u0151hi\u00e1ny k\u00f6vetkezt\u00e9ben &#8211; \u00edrja elemz\u00e9s\u00e9ben Virov\u00e1cz P\u00e9ter. Szerinte az els\u0151 f\u00e9l \u00e9vben m\u00e9rt \u00e1tlagos 10,6 sz\u00e1zal\u00e9kos b\u00e9rn\u00f6veked\u00e9si \u00fctem nagyj\u00e1b\u00f3l fennmaradhat az \u00e9v m\u00e1sodik fel\u00e9ben is.<br \/>\n    Horv\u00e1th Andr\u00e1s, a Takar\u00e9kbank vezet\u0151 elemz\u0151je szerint a j\u00faniusi b\u00e9rek alakul\u00e1s\u00e1ra hat\u00e1ssal volt a k\u00e9pzett munkaer\u0151 egyre fokozottabb hi\u00e1nya \u00e9s a b\u00e9rminimum emel\u00e9se. Arra h\u00edvta fel a figyelmet, hogy 2015 \u00f3ta az egyedi kifizet\u00e9sekt\u0151l megtiszt\u00edtott rendszeres b\u00e9rek 51,1 sz\u00e1zal\u00e9kkal n\u0151ttek a magyar munkaer\u0151piacon, ami p\u00e9ld\u00e1tlan felz\u00e1rk\u00f3z\u00e1st jelent a hazai nemzetgazdas\u00e1g t\u00f6rt\u00e9net\u00e9ben.<br \/>\n    A Takar\u00e9kbank vezet\u0151 elemz\u0151je kiemelte, hogy a k\u00f6zszf\u00e9ra a gyenge pontja tov\u00e1bbra is a jelenlegi b\u00e9rdinamik\u00e1nak, m\u00edg a versenyszf\u00e9ra fel\u00fclm\u00falja az \u00e1tlagot, de az id\u00e9n ny\u00e1rt\u00f3l m\u00e1r elindult \u00e9s 2022-ig 72 sz\u00e1zal\u00e9kkal emelked\u0151 eg\u00e9szs\u00e9g\u00fcgyi szakdolgoz\u00f3i b\u00e9rek gyors\u00edthatnak majd a dinamik\u00e1n, mivel mintegy 90 ezer embert \u00e9rint.<br \/>\n    A Takar\u00e9kbank vezet\u0151 elemz\u0151je 2019-re 10,3 sz\u00e1zal\u00e9k k\u00f6r\u00fcli \u00e9ves n\u00f6veked\u00e9st v\u00e1r a brutt\u00f3 b\u00e9rekben, a re\u00e1lb\u00e9r n\u00f6veked\u00e9se pedig 6,5 sz\u00e1zal\u00e9k felett alakul majd. A tov\u00e1bbra is kifesz\u00edtett munkaer\u0151piac \u00e9s a rekord alacsony munkan\u00e9lk\u00fclis\u00e9g miatt a b\u00e9rn\u00f6veked\u00e9s dinamik\u00e1ja a k\u00f6vetkez\u0151 id\u0151szakban is hasonl\u00f3an intenz\u00edv marad &#8211; \u00edrja elemz\u00e9s\u00e9ben Horv\u00e1th Andr\u00e1s.(MTI)<\/p>\n","protected":false},"excerpt":{"rendered":"<p>Kiemelked\u0151en n\u0151ttek a b\u00e9rek j\u00faniusban, amit legink\u00e1bb a v\u00e1llalatok v\u00e1ltozatlanul er\u0151s munkaer\u0151-kereslete befoly\u00e1sol elemz\u0151k szerint.<\/p>\n","protected":false},"author":1001003,"featured_media":0,"comment_status":"closed","ping_status":"open","sticky":false,"template":"","format":"standard","meta":[],"categories":[4,19],"tags":[],"_links":{"self":[{"href":"https:\/\/gazdasagportal.hu\/index.php\/wp-json\/wp\/v2\/posts\/119193"}],"collection":[{"href":"https:\/\/gazdasagportal.hu\/index.php\/wp-json\/wp\/v2\/posts"}],"about":[{"href":"https:\/\/gazdasagportal.hu\/index.php\/wp-json\/wp\/v2\/types\/post"}],"author":[{"embeddable":true,"href":"https:\/\/gazdasagportal.hu\/index.php\/wp-json\/wp\/v2\/users\/1001003"}],"replies":[{"embeddable":true,"href":"https:\/\/gazdasagportal.hu\/index.php\/wp-json\/wp\/v2\/comments?post=119193"}],"version-history":[{"count":1,"href":"https:\/\/gazdasagportal.hu\/index.php\/wp-json\/wp\/v2\/posts\/119193\/revisions"}],"predecessor-version":[{"id":119194,"href":"https:\/\/gazdasagportal.hu\/index.php\/wp-json\/wp\/v2\/posts\/119193\/revisions\/119194"}],"wp:attachment":[{"href":"https:\/\/gazdasagportal.hu\/index.php\/wp-json\/wp\/v2\/media?parent=119193"}],"wp:term":[{"taxonomy":"category","embeddable":true,"href":"https:\/\/gazdasagportal.hu\/index.php\/wp-json\/wp\/v2\/categories?post=119193"},{"taxonomy":"post_tag","embeddable":true,"href":"https:\/\/gazdasagportal.hu\/index.php\/wp-json\/wp\/v2\/tags?post=119193"}],"curies":[{"name":"wp","href":"https:\/\/api.w.org\/{rel}","templated":true}]}}