{"id":119188,"date":"2019-08-31T06:04:59","date_gmt":"2019-08-31T04:04:59","guid":{"rendered":"http:\/\/gazdasagportal.hu\/?p=119188"},"modified":"2019-08-30T20:26:35","modified_gmt":"2019-08-30T18:26:35","slug":"modositotta-a-lakberek-befagyasztasarol-szolo-tervet-berlin-varosfejlesztesert-felelos-vezetoje","status":"publish","type":"post","link":"https:\/\/gazdasagportal.hu\/index.php\/modositotta-a-lakberek-befagyasztasarol-szolo-tervet-berlin-varosfejlesztesert-felelos-vezetoje\/","title":{"rendered":"M\u00f3dos\u00edtotta a lakb\u00e9rek befagyaszt\u00e1s\u00e1r\u00f3l sz\u00f3l\u00f3 terv\u00e9t Berlin v\u00e1rosfejleszt\u00e9s\u00e9rt felel\u0151s vezet\u0151je"},"content":{"rendered":"<p><strong>A heves b\u00edr\u00e1latok hat\u00e1s\u00e1ra m\u00f3dos\u00edtotta a lakb\u00e9rek befagyaszt\u00e1s\u00e1r\u00f3l sz\u00f3l\u00f3 terv\u00e9t Berlin v\u00e1rosfejleszt\u00e9s\u00e9rt felel\u0151s vezet\u0151je. <\/strong><!--more--><\/p>\n<div class=\"ads-in-post1\"><div id=\"gazdasagportal.hu_fullbanner_wideboard\"><\/div>\r\n<\/div>\n<p>    A tartom\u00e1nyi rang\u00fa n\u00e9met f\u0151v\u00e1ros korm\u00e1nya (szen\u00e1tus) m\u00e9g ny\u00e1r elej\u00e9n hat\u00e1rozta el, hogy a b\u00e9rlak\u00e1sban \u00e9l\u0151 berliniek, vagyis a lakoss\u00e1g nagyj\u00e1b\u00f3l 85 sz\u00e1zal\u00e9ka v\u00e9delm\u00e9ben 2020-t\u00f3l \u00f6t \u00e9vre befagyasztj\u00e1k a lakb\u00e9reket.<br \/>\n    Karin Lompscher v\u00e1rosfejleszt\u00e9si szen\u00e1tor, a szoci\u00e1ldemokrat\u00e1kt\u00f3l (SPD) balra \u00e1ll\u00f3 Baloldal (Die Linke) politikus\u00e1nak p\u00e9nteken ismertetett terve szerint ez az alapelv nem v\u00e1ltozik, tov\u00e1bbra is a lakhat\u00e1si k\u00f6lts\u00e9gek rohamos emelked\u00e9s\u00e9nek meg\u00e1ll\u00edt\u00e1sa a f\u0151 c\u00e9l, lakb\u00e9r\u00fck cs\u00f6kken\u00e9s\u00e9re viszont j\u00f3val kevesebben sz\u00e1m\u00edthatnak, mint a h\u00e9t elej\u00e9n kisziv\u00e1rogott els\u0151 koncepci\u00f3 alapj\u00e1n.<br \/>\n    Abban az \u00e1llt, hogy az \u00f6t \u00e9vig \u00e9rv\u00e9nyes maxim\u00e1lis \u00e1rak meghat\u00e1roz\u00e1s\u00e1hoz a 2011-es lakb\u00e9rsz\u00ednvonalat veszik alapul &#8211; akkor n\u00e9gyzetm\u00e9terenk\u00e9nt havi 7,97 eur\u00f3 (2630 forint) volt a legmagasabb lakb\u00e9r -, \u00e9s az \u00e1rakat a re\u00e1lj\u00f6vedelmek id\u0151k\u00f6zbeni emelked\u00e9s\u00e9nek m\u00e9rt\u00e9k\u00e9vel korrig\u00e1lj\u00e1k, m\u00e9ghozz\u00e1 valamennyi olyan b\u00e9rlak\u00e1s eset\u00e9ben, amely 2013 el\u0151tt \u00e9p\u00fclt. Ez nagyj\u00e1b\u00f3l 1,5 milli\u00f3 ingatlant \u00e9rintett volna.<br \/>\n    Az \u00faj elk\u00e9pzel\u00e9s szerint a 2013-as lakb\u00e9rsz\u00ednvonal lesz az ir\u00e1nyad\u00f3 &#8211; akkor n\u00e9gyzetm\u00e9terenk\u00e9nt havi 9,8 eur\u00f3t kellett fizetni a legdr\u00e1g\u00e1bb lak\u00e1sok\u00e9rt -, \u00e9s csak abban az esetben kell a lak\u00e1sb\u00e9rleti szerz\u0151d\u00e9st hozz\u00e1igaz\u00edtani a lakb\u00e9rplafonhoz, ha a b\u00e9rl\u0151 a j\u00f6vedelme t\u00f6bb mint 30 sz\u00e1zal\u00e9k\u00e1t k\u00f6lti lakb\u00e9rre. Az \u00f6sszes t\u00f6bbi esetben a jelenlegi szinten fagyasztj\u00e1k be a lakb\u00e9rt, amely a f\u0151szab\u00e1ly szerint 2025-ig csak az infl\u00e1ci\u00f3 m\u00e9rt\u00e9k\u00e9vel korrig\u00e1lhat\u00f3.<br \/>\n<div class=\"ads-in-post2\"><script async src=\"https:\/\/pagead2.googlesyndication.com\/pagead\/js\/adsbygoogle.js\"><\/script>\r\n<ins class=\"adsbygoogle\"\r\n     style=\"display:block\"\r\n     data-ad-format=\"fluid\"\r\n     data-ad-layout-key=\"-6t+ed+2i-1n-4w\"\r\n     data-ad-client=\"ca-pub-1959107119989764\"\r\n     data-ad-slot=\"4008251320\"><\/ins>\r\n<script>\r\n     (adsbygoogle = window.adsbygoogle || []).push({});\r\n<\/script><\/div>\n    A v\u00e1rosfejleszt\u00e9si szen\u00e1tor els\u0151 javaslattervezete a koal\u00edci\u00f3s p\u00e1rtok &#8211; az SPD, a Baloldal \u00e9s a Z\u00f6ldek &#8211; k\u00f6z\u00f6tti egyeztet\u00e9s elind\u00edt\u00e1s\u00e1t c\u00e9lozta. Kritik\u00e1t nemcsak a koal\u00edci\u00f3s t\u00e1rsak fogalmaztak meg, hanem a t\u00f6bbi k\u00f6z\u00f6tt a gazdas\u00e1gi \u00e9rdekk\u00e9pviseletek. A legt\u00f6bb b\u00edr\u00e1lat szerint a lakb\u00e9rek csaknem \u00e1ltal\u00e1nos \u00e9s nagym\u00e9rt\u00e9k\u0171 cs\u00f6kkent\u00e9s\u00e9t el\u0151ir\u00e1nyz\u00f3 javaslat megval\u00f3s\u00edt\u00e1sa elriasztan\u00e1 az ingatlanfejleszt\u0151ket Berlint\u0151l, a lak\u00e1stulajdonosok vagyon\u00e1nak r\u00e9szleges elkobz\u00e1s\u00e1val lenne egyenl\u0151.<br \/>\n    A koal\u00edci\u00f3 tervezett menetrendje szerint a t\u00f6rv\u00e9nyjavaslatot hivatalosan szeptember 9-\u00e9n mutatj\u00e1k be. Ezzel elkezd\u0151dik a javaslat t\u00e1rsadalmi vit\u00e1ja, amelyben valamennyi \u00e9rdekelt szervezet r\u00e9szt vehet. A szen\u00e1tus okt\u00f3ber k\u00f6zep\u00e9n fogadja el \u00e9s terjeszti a tartom\u00e1nyi t\u00f6rv\u00e9nyhoz\u00e1s (k\u00e9pvisel\u0151h\u00e1z) el\u00e9 a jogszab\u00e1lytervezetet.<br \/>\n    Az \u00faj rendszer janu\u00e1rban l\u00e9phet \u00e9letbe. \u00cdgy a 3,6 milli\u00f3 lakos\u00fa Berlin lehet a 16 n\u00e9met tartom\u00e1ny k\u00f6z\u00f6tt az els\u0151, amelyben t\u00f6rv\u00e9nnyel korl\u00e1tozz\u00e1k a lakb\u00e9reket. A szab\u00e1lyoz\u00e1s kidolgoz\u00e1s\u00e1t az egyre nagyobb lak\u00e1s\u00edns\u00e9g \u00e9s a lakb\u00e9rsz\u00ednvonal \u00e9vek \u00f3ta tart\u00f3 jelent\u0151s emelked\u00e9se miatt hat\u00e1rozt\u00e1k el. A v\u00e1ros lakoss\u00e1ga \u00e9vente nagyj\u00e1b\u00f3l 30-40 ezerrel n\u0151, a lakb\u00e9rek pedig 2011 \u00f3ta csaknem 100 sz\u00e1zal\u00e9kkal emelkedtek.(MTI)<\/p>\n","protected":false},"excerpt":{"rendered":"<p>A heves b\u00edr\u00e1latok hat\u00e1s\u00e1ra m\u00f3dos\u00edtotta a lakb\u00e9rek befagyaszt\u00e1s\u00e1r\u00f3l sz\u00f3l\u00f3 terv\u00e9t Berlin v\u00e1rosfejleszt\u00e9s\u00e9rt felel\u0151s vezet\u0151je.<\/p>\n","protected":false},"author":1001003,"featured_media":0,"comment_status":"closed","ping_status":"open","sticky":false,"template":"","format":"standard","meta":[],"categories":[12,246],"tags":[],"_links":{"self":[{"href":"https:\/\/gazdasagportal.hu\/index.php\/wp-json\/wp\/v2\/posts\/119188"}],"collection":[{"href":"https:\/\/gazdasagportal.hu\/index.php\/wp-json\/wp\/v2\/posts"}],"about":[{"href":"https:\/\/gazdasagportal.hu\/index.php\/wp-json\/wp\/v2\/types\/post"}],"author":[{"embeddable":true,"href":"https:\/\/gazdasagportal.hu\/index.php\/wp-json\/wp\/v2\/users\/1001003"}],"replies":[{"embeddable":true,"href":"https:\/\/gazdasagportal.hu\/index.php\/wp-json\/wp\/v2\/comments?post=119188"}],"version-history":[{"count":1,"href":"https:\/\/gazdasagportal.hu\/index.php\/wp-json\/wp\/v2\/posts\/119188\/revisions"}],"predecessor-version":[{"id":119189,"href":"https:\/\/gazdasagportal.hu\/index.php\/wp-json\/wp\/v2\/posts\/119188\/revisions\/119189"}],"wp:attachment":[{"href":"https:\/\/gazdasagportal.hu\/index.php\/wp-json\/wp\/v2\/media?parent=119188"}],"wp:term":[{"taxonomy":"category","embeddable":true,"href":"https:\/\/gazdasagportal.hu\/index.php\/wp-json\/wp\/v2\/categories?post=119188"},{"taxonomy":"post_tag","embeddable":true,"href":"https:\/\/gazdasagportal.hu\/index.php\/wp-json\/wp\/v2\/tags?post=119188"}],"curies":[{"name":"wp","href":"https:\/\/api.w.org\/{rel}","templated":true}]}}