{"id":119051,"date":"2019-08-27T06:49:02","date_gmt":"2019-08-27T04:49:02","guid":{"rendered":"http:\/\/gazdasagportal.hu\/?p=119051"},"modified":"2019-08-27T06:49:02","modified_gmt":"2019-08-27T04:49:02","slug":"g7-csucstalalkozo-francia-amerikai-megallapodas-a-nemzetkozi-nagyvallalatok-nemzetkozi-adoztatasarol","status":"publish","type":"post","link":"https:\/\/gazdasagportal.hu\/index.php\/g7-csucstalalkozo-francia-amerikai-megallapodas-a-nemzetkozi-nagyvallalatok-nemzetkozi-adoztatasarol\/","title":{"rendered":"G7-cs\u00facstal\u00e1lkoz\u00f3 &#8211; Francia-amerikai meg\u00e1llapod\u00e1s a nemzetk\u00f6zi nagyv\u00e1llalatok nemzetk\u00f6zi ad\u00f3ztat\u00e1s\u00e1r\u00f3l"},"content":{"rendered":"<p><strong>Franciaorsz\u00e1g \u00e9s az Egyes\u00fclt \u00c1llamok megegyezett a d\u00e9lnyugat-franciaorsz\u00e1gi Biarritzban tartott G7-cs\u00facstal\u00e1lkoz\u00f3n az amerikai digit\u00e1lis szolg\u00e1ltat\u00f3kra kivetett francia ad\u00f3k \u00fcgy\u00e9ben: a francia korm\u00e1ny visszafizeti az amerikai c\u00e9geknek a befizetett illet\u00e9ket, amint \u00e9letbe l\u00e9p egy nemzetk\u00f6zi ad\u00f3ztat\u00e1si rendszer &#8211; jelentette be h\u00e9tf\u0151n Emmanuel Macron francia eln\u00f6k Donald Trump amerikai eln\u00f6kkel tartott k\u00f6z\u00f6s sajt\u00f3t\u00e1j\u00e9koztat\u00f3j\u00e1n.<\/strong><!--more--><\/p>\n<div class=\"ads-in-post1\"><div id=\"gazdasagportal.hu_fullbanner_wideboard\"><\/div>\r\n<\/div>\n<p>    A vil\u00e1g h\u00e9t legfejlettebb orsz\u00e1g\u00e1nak ((N\u00e9metorsz\u00e1g, az Egyes\u00fclt \u00c1llamok, Jap\u00e1n, Olaszorsz\u00e1g, Kanada, Nagy-Britannia \u00e9s Franciaorsz\u00e1g) vezet\u0151i j\u00f3v\u00e1hagyt\u00e1k, hogy nemzetk\u00f6zi ad\u00f3t vessenek ki 2020-t\u00f3l a Google, az Amazon, a Facebook, az Airbnb (GAFA) \u00e9s m\u00e1s hasonl\u00f3 nagyv\u00e1llalatokra, \u00e9s ezt k\u00f6vet\u0151en Franciaorsz\u00e1g ad\u00f3kedvezm\u00e9ny form\u00e1j\u00e1ban visszafizeti ezeknek a nagyv\u00e1llalatoknak az eddig befizetett illet\u00e9keket &#8211; mondta a francia eln\u00f6k.<br \/>\n    &#8222;Rengeteg idegess\u00e9g van ek\u00f6r\u00fcl a h\u00edres francia digit\u00e1lis ad\u00f3 k\u00f6r\u00fcl. Szerintem egy nagyon j\u00f3 meg\u00e1llapod\u00e1st tal\u00e1ltunk&#8221; &#8211; tette hozz\u00e1.<br \/>\n    &#8222;Nagyon igazs\u00e1gtalan helyzetek vannak. Egyes szerepl\u0151k nem fizetnek ad\u00f3t. Nem egyik vagy m\u00e1sik c\u00e9g ellen akarta Franciaorsz\u00e1g bevezetni ezt az ad\u00f3t, hanem a nemzetk\u00f6zi probl\u00e9ma rendez\u00e9se volt a c\u00e9l&#8221; &#8211; hangs\u00falyozta Emmanuel Macron. Meger\u0151s\u00edtette, hogy a 2020-t\u00f3l \u00e9letbe l\u00e9p\u0151 nemzetk\u00f6zi ad\u00f3ztat\u00e1st a p\u00e1rizsi sz\u00e9khely\u0171 Gazdas\u00e1gi \u00e9s Egy\u00fcttm\u0171k\u00f6d\u00e9si Fejleszt\u00e9si Szervezet (OECD) dolgozza ki.<br \/>\n<div class=\"ads-in-post2\"><script async src=\"https:\/\/pagead2.googlesyndication.com\/pagead\/js\/adsbygoogle.js\"><\/script>\r\n<ins class=\"adsbygoogle\"\r\n     style=\"display:block\"\r\n     data-ad-format=\"fluid\"\r\n     data-ad-layout-key=\"-6t+ed+2i-1n-4w\"\r\n     data-ad-client=\"ca-pub-1959107119989764\"\r\n     data-ad-slot=\"4008251320\"><\/ins>\r\n<script>\r\n     (adsbygoogle = window.adsbygoogle || []).push({});\r\n<\/script><\/div>\n    P\u00e1rizs arra hivatkozva s\u00fajtotta ezzel az ad\u00f3val a GAFA-v\u00e1llalatokat, hogy t\u00fal kev\u00e9s illet\u00e9ket fizetnek azokban az eur\u00f3pai orsz\u00e1gokban, ahol sz\u00e9khellyel rendelkeznek. Az \u00e9rintett c\u00e9gek diszkriminat\u00edvnak nevezt\u00e9k a d\u00f6nt\u00e9st, az amerikai eln\u00f6k pedig ellenl\u00e9p\u00e9seket helyezett kil\u00e1t\u00e1sba, egyebek mellett a francia borok v\u00e1mj\u00e1nak megemel\u00e9s\u00e9t.<br \/>\n    A 2019. janu\u00e1r 1-j\u00e9n \u00e9letbe l\u00e9ptetett francia ad\u00f3k az amerikai szolg\u00e1ltat\u00f3k forgalm\u00e1nak mintegy h\u00e1rom sz\u00e1zal\u00e9k\u00e1t teszik ki.<br \/>\n    Az OECD javaslata okt\u00f3ber v\u00e9g\u00e9re k\u00e9sz\u00fcl el, \u00e9s nemcsak a GAFA-c\u00e9geket, hanem valamennyi olyan nagyv\u00e1llalatot \u00e9rintene, amely piac\u00e1t nem kiz\u00e1r\u00f3lag abban az orsz\u00e1gban fejleszti, amelyben \u00e1lland\u00f3 sz\u00e9khelye tal\u00e1lhat\u00f3, \u00e9s \u00fagynevezett ad\u00f3optimaliz\u00e1l\u00e1s\u00e1t gyakorol.(MTI)<\/p>\n","protected":false},"excerpt":{"rendered":"<p>Franciaorsz\u00e1g \u00e9s az Egyes\u00fclt \u00c1llamok megegyezett a d\u00e9lnyugat-franciaorsz\u00e1gi Biarritzban tartott G7-cs\u00facstal\u00e1lkoz\u00f3n az amerikai digit\u00e1lis szolg\u00e1ltat\u00f3kra kivetett francia ad\u00f3k \u00fcgy\u00e9ben: a francia korm\u00e1ny visszafizeti az amerikai c\u00e9geknek a befizetett illet\u00e9ket, amint \u00e9letbe l\u00e9p egy nemzetk\u00f6zi ad\u00f3ztat\u00e1si rendszer &#8211; jelentette be h\u00e9tf\u0151n Emmanuel Macron francia eln\u00f6k Donald Trump amerikai eln\u00f6kkel tartott k\u00f6z\u00f6s sajt\u00f3t\u00e1j\u00e9koztat\u00f3j\u00e1n.<\/p>\n","protected":false},"author":1001003,"featured_media":0,"comment_status":"closed","ping_status":"open","sticky":false,"template":"","format":"standard","meta":[],"categories":[246],"tags":[],"_links":{"self":[{"href":"https:\/\/gazdasagportal.hu\/index.php\/wp-json\/wp\/v2\/posts\/119051"}],"collection":[{"href":"https:\/\/gazdasagportal.hu\/index.php\/wp-json\/wp\/v2\/posts"}],"about":[{"href":"https:\/\/gazdasagportal.hu\/index.php\/wp-json\/wp\/v2\/types\/post"}],"author":[{"embeddable":true,"href":"https:\/\/gazdasagportal.hu\/index.php\/wp-json\/wp\/v2\/users\/1001003"}],"replies":[{"embeddable":true,"href":"https:\/\/gazdasagportal.hu\/index.php\/wp-json\/wp\/v2\/comments?post=119051"}],"version-history":[{"count":1,"href":"https:\/\/gazdasagportal.hu\/index.php\/wp-json\/wp\/v2\/posts\/119051\/revisions"}],"predecessor-version":[{"id":119053,"href":"https:\/\/gazdasagportal.hu\/index.php\/wp-json\/wp\/v2\/posts\/119051\/revisions\/119053"}],"wp:attachment":[{"href":"https:\/\/gazdasagportal.hu\/index.php\/wp-json\/wp\/v2\/media?parent=119051"}],"wp:term":[{"taxonomy":"category","embeddable":true,"href":"https:\/\/gazdasagportal.hu\/index.php\/wp-json\/wp\/v2\/categories?post=119051"},{"taxonomy":"post_tag","embeddable":true,"href":"https:\/\/gazdasagportal.hu\/index.php\/wp-json\/wp\/v2\/tags?post=119051"}],"curies":[{"name":"wp","href":"https:\/\/api.w.org\/{rel}","templated":true}]}}