{"id":119036,"date":"2019-08-26T13:15:32","date_gmt":"2019-08-26T11:15:32","guid":{"rendered":"http:\/\/gazdasagportal.hu\/?p=119036"},"modified":"2019-08-26T13:15:32","modified_gmt":"2019-08-26T11:15:32","slug":"heteves-melypontra-sullyedt-az-ifo-nemet-uzleti-hangulatindexe-augusztusban","status":"publish","type":"post","link":"https:\/\/gazdasagportal.hu\/index.php\/heteves-melypontra-sullyedt-az-ifo-nemet-uzleti-hangulatindexe-augusztusban\/","title":{"rendered":"H\u00e9t\u00e9ves m\u00e9lypontra s\u00fcllyedt az ifo n\u00e9met \u00fczleti hangulatindexe augusztusban"},"content":{"rendered":"<p><strong>A v\u00e1rtn\u00e1l is er\u0151seb m\u00e9rt\u00e9kben, k\u00f6zel h\u00e9t\u00e9ves m\u00e9lypontra cs\u00f6kkent az ifo gazdas\u00e1gkutat\u00f3 int\u00e9zet n\u00e9metorsz\u00e1gi \u00fczleti hangulatindexe augusztusban \u00fajabb jelek\u00e9nt annak, hogy a kereskedelmi vit\u00e1k elm\u00e9ly\u00fcl\u00e9se recesszi\u00f3 fel\u00e9 tasz\u00edtja a legnagyobb eur\u00f3pai gazdas\u00e1got.<\/strong><!--more--><\/p>\n<div class=\"ads-in-post1\"><div id=\"gazdasagportal.hu_fullbanner_wideboard\"><\/div>\r\n<\/div>\n<p>    A m\u00fcncheni sz\u00e9khely\u0171 int\u00e9zet h\u00e9tf\u0151n k\u00f6z\u00f6lte, hogy a j\u00faliusi 95,8 pontr\u00f3l 94,3 pontra esett az index \u00e9rt\u00e9ke, ami 2012 novembere \u00f3ta a legalacsonyabb \u00e9rt\u00e9k.<br \/>\n    Elemz\u0151k enyh\u00e9bb visszaes\u00e9st v\u00e1rtak, arra sz\u00e1m\u00edtottak, hogy 95,1 pontra s\u00fcllyed az \u00fczleti hangulatindex. Tavaly augusztusban 106,9 ponton \u00e1llt a mutat\u00f3, szeptemberben pedig 107,6 ponton, de az\u00f3ta folyamatosan cs\u00f6kken az \u00e9rt\u00e9ke.<br \/>\n    Az index elemei k\u00f6z\u00fcl a gazdas\u00e1gi szerepl\u0151k aktu\u00e1lis \u00fczleti k\u00f6rnyezetr\u0151l alkotott v\u00e9lem\u00e9ny\u00e9t sz\u00e1mszer\u0171s\u00edt\u0151 mutat\u00f3 a j\u00faliusi 99,6 pontr\u00f3l 97,3 pontra s\u00fcllyedt. Elemz\u0151k 98,6 pontra sz\u00e1m\u00edtottak.<br \/>\n    A hat h\u00f3napra el\u0151retekint\u0151 v\u00e1rakoz\u00e1sok mutat\u00f3ja 92,1 pontr\u00f3l 91,3 pontra cs\u00f6kkent, szemben az elemz\u0151k \u00e1ltal v\u00e1rt 91,5 ponttal.<br \/>\n<div class=\"ads-in-post2\"><script async src=\"https:\/\/pagead2.googlesyndication.com\/pagead\/js\/adsbygoogle.js\"><\/script>\r\n<ins class=\"adsbygoogle\"\r\n     style=\"display:block\"\r\n     data-ad-format=\"fluid\"\r\n     data-ad-layout-key=\"-6t+ed+2i-1n-4w\"\r\n     data-ad-client=\"ca-pub-1959107119989764\"\r\n     data-ad-slot=\"4008251320\"><\/ins>\r\n<script>\r\n     (adsbygoogle = window.adsbygoogle || []).push({});\r\n<\/script><\/div>\n    Az adatokat komment\u00e1lva Clemens Fuest, az ifo vezet\u0151je r\u00e1mutatott, egyre t\u00f6bb jel utal arra, hogy recesszi\u00f3 k\u00f6zeleg N\u00e9metorsz\u00e1gban. Az exportorient\u00e1lt n\u00e9met v\u00e1llalatokat s\u00falyosan \u00e9rinti a k\u00fcls\u0151 kereslet gyeng\u00fcl\u00e9se, a v\u00e1mok emelked\u00e9se \u00e9s a Nagy-Britannia eur\u00f3pai uni\u00f3s tags\u00e1g\u00e1nak megsz\u0171n\u00e9s\u00e9t \u00f6vez\u0151 bizonytalans\u00e1gok.<br \/>\n    Az ipari v\u00e1llalatok \u00fczleti hangulatindex\u00e9nek \u00e9rt\u00e9ke a j\u00faliusi m\u00ednusz 4,3 pontr\u00f3l m\u00ednusz 6,1 pontra, a szolg\u00e1ltat\u00f3k\u00e9 18,0 pontr\u00f3l 13,0 pontra, a kereskedelmiek\u00e9 1,4 pontr\u00f3l m\u00ednusz 2,4 pontra, az \u00e9p\u00edt\u0151ipariak\u00e9 pedig 23,1 pontr\u00f3l 21,4 pontra s\u00fcllyedt.<br \/>\n    Az ipari v\u00e1llalatok k\u00f6r\u00e9ben utolj\u00e1ra a p\u00e9nz\u00fcgyi \u00e9s gazdas\u00e1gi vil\u00e1gv\u00e1ls\u00e1g idej\u00e9n, 2009-ben volt ilyen er\u0151s a bor\u00fal\u00e1t\u00e1s, \u00e9s a kulcsfontoss\u00e1g\u00fa ipar\u00e1gakban a rem\u00e9ny halv\u00e1ny szikr\u00e1ja sem pisl\u00e1kol.<br \/>\n    A szolg\u00e1ltat\u00f3 szektorban is \u00e9rz\u00e9kelhet\u0151en romlott az \u00fczleti hangulat: k\u00fcl\u00f6n\u00f6sen az aktu\u00e1lis helyzetet \u00edt\u00e9lik meg kedvez\u0151tlenebb\u00fcl, de n\u0151ttek a k\u00f6zelj\u00f6v\u0151vel kapcsolatos k\u00e9ts\u00e9gek is.<br \/>\n    A kereskedelmi v\u00e1llalatok k\u00f6r\u00e9ben a jelen helyzet \u00e9s a v\u00e1rakoz\u00e1sok meg\u00edt\u00e9l\u00e9se is rekordalacsony szintre esett, a cs\u00f6kken\u00e9s a nagykereskedelmi c\u00e9gek fokoz\u00f3d\u00f3 pesszimizmus\u00e1b\u00f3l ad\u00f3dott.<br \/>\n    N\u00e9metorsz\u00e1g hazai \u00f6sszterm\u00e9ke (GDP) 0,1 sz\u00e1zal\u00e9kkal cs\u00f6kkent \u00e1prilis-j\u00faniusban az el\u0151z\u0151 negyed\u00e9vhez k\u00e9pest. A k\u00f6zponti bank el\u0151rejelz\u00e9se szerint a GDP zsugorodott a ny\u00e1ri h\u00f3napokban is, mert a kev\u00e9s megrendel\u00e9s miatt cs\u00f6kkent az ipari termel\u00e9s.<br \/>\n    A v\u00e1rtn\u00e1l gyeng\u00e9bb ifo-adatok n\u00f6velik a nyom\u00e1st a n\u00e9met korm\u00e1nyra, hogy m\u00e9g t\u00f6bb fisk\u00e1lis int\u00e9zked\u00e9ssel t\u00e1mogassa a gazdas\u00e1got, p\u00e9ld\u00e1ul n\u00f6velje az \u00e1llam infrastruktur\u00e1lis beruh\u00e1z\u00e1sait.<br \/>\n    A m\u00fcncheni egyetem ifo gazdas\u00e1gkutat\u00f3 int\u00e9zete (ifo Institut &#8211; Leibniz-Institut f\u00fcr Wirtschaftsforschung an der Universit\u00e4t M\u00fcnchen e. V.) havi rendszeress\u00e9ggel \u00e1ll\u00edtja \u00f6ssze mintegy 9 ezer gazdas\u00e1gi szerepl\u0151 megk\u00e9rdez\u00e9s\u00e9vel n\u00e9metorsz\u00e1gi \u00fczleti hangulatindex\u00e9t.(MTI)<\/p>\n","protected":false},"excerpt":{"rendered":"<p>A v\u00e1rtn\u00e1l is er\u0151seb m\u00e9rt\u00e9kben, k\u00f6zel h\u00e9t\u00e9ves m\u00e9lypontra cs\u00f6kkent az ifo gazdas\u00e1gkutat\u00f3 int\u00e9zet n\u00e9metorsz\u00e1gi \u00fczleti hangulatindexe augusztusban \u00fajabb jelek\u00e9nt annak, hogy a kereskedelmi vit\u00e1k elm\u00e9ly\u00fcl\u00e9se recesszi\u00f3 fel\u00e9 tasz\u00edtja a legnagyobb eur\u00f3pai gazdas\u00e1got.<\/p>\n","protected":false},"author":1,"featured_media":0,"comment_status":"closed","ping_status":"open","sticky":false,"template":"","format":"standard","meta":[],"categories":[246],"tags":[],"_links":{"self":[{"href":"https:\/\/gazdasagportal.hu\/index.php\/wp-json\/wp\/v2\/posts\/119036"}],"collection":[{"href":"https:\/\/gazdasagportal.hu\/index.php\/wp-json\/wp\/v2\/posts"}],"about":[{"href":"https:\/\/gazdasagportal.hu\/index.php\/wp-json\/wp\/v2\/types\/post"}],"author":[{"embeddable":true,"href":"https:\/\/gazdasagportal.hu\/index.php\/wp-json\/wp\/v2\/users\/1"}],"replies":[{"embeddable":true,"href":"https:\/\/gazdasagportal.hu\/index.php\/wp-json\/wp\/v2\/comments?post=119036"}],"version-history":[{"count":1,"href":"https:\/\/gazdasagportal.hu\/index.php\/wp-json\/wp\/v2\/posts\/119036\/revisions"}],"predecessor-version":[{"id":119037,"href":"https:\/\/gazdasagportal.hu\/index.php\/wp-json\/wp\/v2\/posts\/119036\/revisions\/119037"}],"wp:attachment":[{"href":"https:\/\/gazdasagportal.hu\/index.php\/wp-json\/wp\/v2\/media?parent=119036"}],"wp:term":[{"taxonomy":"category","embeddable":true,"href":"https:\/\/gazdasagportal.hu\/index.php\/wp-json\/wp\/v2\/categories?post=119036"},{"taxonomy":"post_tag","embeddable":true,"href":"https:\/\/gazdasagportal.hu\/index.php\/wp-json\/wp\/v2\/tags?post=119036"}],"curies":[{"name":"wp","href":"https:\/\/api.w.org\/{rel}","templated":true}]}}