{"id":119032,"date":"2019-08-26T11:34:11","date_gmt":"2019-08-26T09:34:11","guid":{"rendered":"http:\/\/gazdasagportal.hu\/?p=119032"},"modified":"2019-08-26T11:34:11","modified_gmt":"2019-08-26T09:34:11","slug":"amerikai-importvamok-kina-targyalasok-utjan-oldana-meg-a-kereskedelmi-konfliktust","status":"publish","type":"post","link":"https:\/\/gazdasagportal.hu\/index.php\/amerikai-importvamok-kina-targyalasok-utjan-oldana-meg-a-kereskedelmi-konfliktust\/","title":{"rendered":"Amerikai importv\u00e1mok &#8211; K\u00edna t\u00e1rgyal\u00e1sok \u00fatj\u00e1n oldan\u00e1 meg a kereskedelmi konfliktust"},"content":{"rendered":"<p><strong>K\u00edna k\u00e9sz higgadt t\u00e1rgyal\u00e1sok \u00e9s egy\u00fcttm\u0171k\u00f6d\u00e9s \u00fatj\u00e1n megold\u00e1st keresni a fenn\u00e1ll\u00f3 probl\u00e9m\u00e1kra &#8211; jelentette ki Liu Ho k\u00ednai minisztereln\u00f6k-helyettes h\u00e9tf\u0151n a CGTN k\u00ednai nemzetk\u00f6zi telev\u00edzi\u00f3 tud\u00f3s\u00edt\u00e1sa szerint azt k\u00f6vet\u0151en, hogy a m\u00falt h\u00e9tv\u00e9g\u00e9n tov\u00e1bb \u00e9lez\u0151d\u00f6tt a K\u00edna \u00e9s az Egyes\u00fclt \u00c1llamok k\u00f6z\u00f6tt fenn\u00e1ll\u00f3 kereskedelmi h\u00e1bor\u00fa.<\/strong><!--more--><\/p>\n<div class=\"ads-in-post1\"><div id=\"gazdasagportal.hu_fullbanner_wideboard\"><\/div>\r\n<\/div>\n<p>    A kereskedelmi t\u00e1rgyal\u00e1sokon K\u00edn\u00e1t k\u00e9pvisel\u0151 Liu a d\u00e9l-k\u00ednai Csungkingban megrendezett Smart China technol\u00f3giai szakki\u00e1ll\u00edt\u00e1son elmondott besz\u00e9d\u00e9ben hangs\u00falyozta: Peking hat\u00e1rozottan ellenzi a kereskedelmi h\u00e1bor\u00fa tov\u00e1bbi elm\u00e9rgesed\u00e9s\u00e9t, mivel az mindk\u00e9t f\u00e9l, valamint az eg\u00e9sz vil\u00e1g \u00e9rdekeit s\u00e9rten\u00e9. Hozz\u00e1tette: K\u00edna tov\u00e1bbra is azon dolgozik, hogy optim\u00e1lis befektet\u00e9si k\u00f6rnyezetet alak\u00edtson ki, valamint nagy m\u00e9rt\u00e9kben meger\u0151s\u00edtse a szellemi tulajdonjogok v\u00e9delm\u00e9t. K\u00edna sz\u00edvesen l\u00e1tja a vil\u00e1g b\u00e1rmely pontj\u00e1r\u00f3l, a t\u00f6bbi k\u00f6zt az Egyes\u00fclt \u00c1llamokb\u00f3l \u00e9rkez\u0151 v\u00e1llalatokat, hogy ott fektessenek be, vagy m\u0171k\u00f6djenek &#8211; hangs\u00falyozta.<br \/>\n    A politikus \u00fagy fogalmazott: K\u00edna hat\u00e1rozottan ellenzi a kereskedelmi protekcionizmust \u00e9s a technol\u00f3giai blok\u00e1dokat, tov\u00e1bb\u00e1 az ipari besz\u00e1ll\u00edt\u00f3i \u00e9s \u00e9rt\u00e9kteremt\u0151i l\u00e1ncok integrit\u00e1s\u00e1nak meg\u00f3v\u00e1s\u00e1n f\u00e1radozik.<br \/>\n<div class=\"ads-in-post2\"><script async src=\"https:\/\/pagead2.googlesyndication.com\/pagead\/js\/adsbygoogle.js\"><\/script>\r\n<ins class=\"adsbygoogle\"\r\n     style=\"display:block\"\r\n     data-ad-format=\"fluid\"\r\n     data-ad-layout-key=\"-6t+ed+2i-1n-4w\"\r\n     data-ad-client=\"ca-pub-1959107119989764\"\r\n     data-ad-slot=\"4008251320\"><\/ins>\r\n<script>\r\n     (adsbygoogle = window.adsbygoogle || []).push({});\r\n<\/script><\/div>\n    A minisztereln\u00f6k-helyettes, aki Hszi Csin-ping k\u00ednai eln\u00f6k els\u0151 sz\u00e1m\u00fa kereskedelmi tan\u00e1csad\u00f3ja, azt k\u00f6vet\u0151en nyilatkozott \u00edgy, hogy a m\u00falt h\u00e9t v\u00e9g\u00e9n a k\u00e9t orsz\u00e1g k\u00f6z\u00f6tti kereskedelmi vita \u00fajabb fordul\u00f3ponthoz \u00e9rt. K\u00edna p\u00e9nteken bejelentette ugyanis, hogy a legut\u00f3bbi amerikai p\u00f3tv\u00e1mokra adott v\u00e1laszl\u00e9p\u00e9sk\u00e9nt szeptember 1-\u00e9t\u0151l, valamint december 15-\u00e9t\u0151l szint\u00e9n \u00fajabb, 5 \u00e9s 10 sz\u00e1zal\u00e9kos b\u00fcntet\u0151v\u00e1mokat vet ki 75 milli\u00e1rd doll\u00e1r \u00e9rt\u00e9k\u0171 amerikai importcikkekre, valamint megsz\u00fcnteti az amerikai gy\u00e1rt\u00e1s\u00fa j\u00e1rm\u0171vekre \u00e9s j\u00e1rm\u0171alkatr\u00e9szekre vonatkoz\u00f3 p\u00f3tv\u00e1mok felf\u00fcggeszt\u00e9s\u00e9t.<br \/>\n    Donald Trump amerikai eln\u00f6k a h\u00edrre reag\u00e1lva m\u00e9g p\u00e9nteken a Twitteren bejelentette: a 250 milli\u00e1rd doll\u00e1r \u00e9rt\u00e9k\u0171 k\u00ednai \u00e1rucikkeket s\u00fajt\u00f3 p\u00f3tv\u00e1mokat a jelenlegi 25 sz\u00e1zal\u00e9kr\u00f3l 30-ra emeli, a szeptember 1-\u00e9t\u0151l, illetve december 15-\u00e9t\u0151l tervezett, 300 milli\u00e1rd doll\u00e1r \u00e9rt\u00e9k\u0171 k\u00ednai importterm\u00e9kekre kirovand\u00f3t pedig 10-r\u0151l 15 sz\u00e1zal\u00e9kra. Az eln\u00f6k emellett felsz\u00f3l\u00edtotta az amerikai c\u00e9geket, hogy hozz\u00e1k vissza az Egyes\u00fclt \u00c1llamokba a K\u00edn\u00e1ba kiszervezett termel\u00e9st &#8211; e kijelent\u00e9se kapcs\u00e1n azonban m\u00e1r vas\u00e1rnap visszakozni l\u00e1tszott.<br \/>\n    Keng Suang, a k\u00ednai k\u00fcl\u00fcgyminiszt\u00e9rium sz\u00f3viv\u0151je h\u00e9tf\u0151n Trump bejelent\u00e9s\u00e9r\u0151l \u00fagy nyilatkozott: K\u00edna tov\u00e1bbi ellenl\u00e9p\u00e9seket tesz saj\u00e1t \u00e9rdekeinek meg\u00f3v\u00e1s\u00e1ra, amennyiben az Egyes\u00fclt \u00c1llamok val\u00f3ban \u00faj v\u00e1mtarif\u00e1kat l\u00e9ptet hat\u00e1lyba.<br \/>\n    A k\u00ednai \u00e1llami sajt\u00f3 h\u00e9tf\u0151n \u00e9lesen kritiz\u00e1lta a leg\u00fajabb amerikai int\u00e9zked\u00e9seket. A China Daily k\u00ednai p\u00e1rtlap vez\u00e9rcikke szerint az amerikai vezet\u00e9s K\u00edn\u00e1val szembeni v\u00e1mh\u00e1bor\u00faja politikai ind\u00edttat\u00e1s\u00fa, Washington sz\u00e1nd\u00e9ka pedig az, hogy a legnagyobb kereskedelmi partnere tov\u00e1bbra is \u00e9rje be a &#8222;m\u00e1sodheged\u0171s&#8221; szerep\u00e9vel, \u00e9s tegyen \u00fagy, ahogy az Egyes\u00fclt \u00c1llamok dikt\u00e1l. A szerz\u0151 r\u00e1mutat: &#8222;Washington m\u00e9g mindig nem ismerte fel, hogy Peking nem fog beh\u00f3dolni a k\u00f6vetel\u00e9seinek, ak\u00e1rmekkora nyom\u00e1st gyakoroljon is r\u00e1.&#8221;<br \/>\n    A K\u00ednai Kommunista P\u00e1rt sz\u00f3cs\u00f6v\u00e9nek tartott Global Times h\u00e9tf\u0151n k\u00f6z\u00f6lt vez\u00e9rcikke szerint pedig az amerikai v\u00e1llalatok sz\u00e1m\u00e1ra &#8222;\u00f6ngyilkoss\u00e1g&#8221; lenne elhagyni a k\u00ednai piacot.(MTI)<\/p>\n","protected":false},"excerpt":{"rendered":"<p>K\u00edna k\u00e9sz higgadt t\u00e1rgyal\u00e1sok \u00e9s egy\u00fcttm\u0171k\u00f6d\u00e9s \u00fatj\u00e1n megold\u00e1st keresni a fenn\u00e1ll\u00f3 probl\u00e9m\u00e1kra &#8211; jelentette ki Liu Ho k\u00ednai minisztereln\u00f6k-helyettes h\u00e9tf\u0151n a CGTN k\u00ednai nemzetk\u00f6zi telev\u00edzi\u00f3 tud\u00f3s\u00edt\u00e1sa szerint azt k\u00f6vet\u0151en, hogy a m\u00falt h\u00e9tv\u00e9g\u00e9n tov\u00e1bb \u00e9lez\u0151d\u00f6tt a K\u00edna \u00e9s az Egyes\u00fclt \u00c1llamok k\u00f6z\u00f6tt fenn\u00e1ll\u00f3 kereskedelmi h\u00e1bor\u00fa.<\/p>\n","protected":false},"author":1,"featured_media":524,"comment_status":"closed","ping_status":"open","sticky":false,"template":"","format":"standard","meta":[],"categories":[146,13,14,246],"tags":[],"_links":{"self":[{"href":"https:\/\/gazdasagportal.hu\/index.php\/wp-json\/wp\/v2\/posts\/119032"}],"collection":[{"href":"https:\/\/gazdasagportal.hu\/index.php\/wp-json\/wp\/v2\/posts"}],"about":[{"href":"https:\/\/gazdasagportal.hu\/index.php\/wp-json\/wp\/v2\/types\/post"}],"author":[{"embeddable":true,"href":"https:\/\/gazdasagportal.hu\/index.php\/wp-json\/wp\/v2\/users\/1"}],"replies":[{"embeddable":true,"href":"https:\/\/gazdasagportal.hu\/index.php\/wp-json\/wp\/v2\/comments?post=119032"}],"version-history":[{"count":1,"href":"https:\/\/gazdasagportal.hu\/index.php\/wp-json\/wp\/v2\/posts\/119032\/revisions"}],"predecessor-version":[{"id":119033,"href":"https:\/\/gazdasagportal.hu\/index.php\/wp-json\/wp\/v2\/posts\/119032\/revisions\/119033"}],"wp:featuredmedia":[{"embeddable":true,"href":"https:\/\/gazdasagportal.hu\/index.php\/wp-json\/wp\/v2\/media\/524"}],"wp:attachment":[{"href":"https:\/\/gazdasagportal.hu\/index.php\/wp-json\/wp\/v2\/media?parent=119032"}],"wp:term":[{"taxonomy":"category","embeddable":true,"href":"https:\/\/gazdasagportal.hu\/index.php\/wp-json\/wp\/v2\/categories?post=119032"},{"taxonomy":"post_tag","embeddable":true,"href":"https:\/\/gazdasagportal.hu\/index.php\/wp-json\/wp\/v2\/tags?post=119032"}],"curies":[{"name":"wp","href":"https:\/\/api.w.org\/{rel}","templated":true}]}}