{"id":119028,"date":"2019-08-26T10:34:16","date_gmt":"2019-08-26T08:34:16","guid":{"rendered":"http:\/\/gazdasagportal.hu\/?p=119028"},"modified":"2019-08-26T17:11:35","modified_gmt":"2019-08-26T15:11:35","slug":"nem-nevre-szolo-a-nyugdijasok-rezsiutalvanya","status":"publish","type":"post","link":"https:\/\/gazdasagportal.hu\/index.php\/nem-nevre-szolo-a-nyugdijasok-rezsiutalvanya\/","title":{"rendered":"Nem n\u00e9vre sz\u00f3l\u00f3 a nyugd\u00edjasok rezsiutalv\u00e1nya"},"content":{"rendered":"<p><strong>Nem n\u00e9vre sz\u00f3l\u00f3 a nyugd\u00edjasok rezsiutalv\u00e1nya, ez\u00e9rt ha nekik nincs r\u00e1 sz\u00fcks\u00e9g\u00fck, akkor azzal hozz\u00e1tartoz\u00f3ikat is seg\u00edthetik &#8211; k\u00f6z\u00f6lte a nemzeti vagyonnal kapcsolatos parlamenti \u00fcgyek\u00e9rt felel\u0151s \u00e1llamtitk\u00e1r az M1 aktu\u00e1lis csatorn\u00e1n h\u00e9tf\u0151n.<\/strong><!--more--><\/p>\n<div class=\"ads-in-post1\"><div id=\"gazdasagportal.hu_fullbanner_wideboard\"><\/div>\r\n<\/div>\n<p>    F\u00f3nagy J\u00e1nos elmondta, az \u00f6regs\u00e9gi nyugd\u00edjban \u00e9s a nyugd\u00edjszer\u0171 ell\u00e1t\u00e1sban r\u00e9szes\u00fcl\u0151k egyszeri kilencezer forint \u00e9rt\u00e9k\u0171 rezsiutalv\u00e1nyt kapnak, azokat a posta szeptember 30-ig k\u00e9zbes\u00edti ki, \u00e9s 2020. m\u00e1rcius 31-ig haszn\u00e1lhat\u00f3k fel g\u00e1z- \u00e9s \u00e1ramsz\u00e1mla fizet\u00e9s\u00e9re.<br \/>\n    Postai fizet\u00e9s eset\u00e9n az utalv\u00e1nyon t\u00fali \u00f6sszeget csak k\u00e9szp\u00e9nzzel lehet kieg\u00e9sz\u00edteni. Az utalv\u00e1nyb\u00f3l visszaadni nem lehet, a t\u00f6bbletet a k\u00f6vetkez\u0151 sz\u00e1ml\u00e1n \u00edrj\u00e1k j\u00f3v\u00e1. Banki \u00e1tutal\u00e1s eset\u00e9n az utalv\u00e1nyt a szolg\u00e1ltat\u00f3 \u00fcgyf\u00e9lszolg\u00e1lat\u00e1n kell leadni, amelyet a szolg\u00e1ltat\u00f3 15 napon bel\u00fcl \u00edr j\u00f3v\u00e1 &#8211; tudatta.<br \/>\n<div class=\"ads-in-post2\"><script async src=\"https:\/\/pagead2.googlesyndication.com\/pagead\/js\/adsbygoogle.js\"><\/script>\r\n<ins class=\"adsbygoogle\"\r\n     style=\"display:block\"\r\n     data-ad-format=\"fluid\"\r\n     data-ad-layout-key=\"-6t+ed+2i-1n-4w\"\r\n     data-ad-client=\"ca-pub-1959107119989764\"\r\n     data-ad-slot=\"4008251320\"><\/ins>\r\n<script>\r\n     (adsbygoogle = window.adsbygoogle || []).push({});\r\n<\/script><\/div>\n    Hozz\u00e1tette, a rezsiutalv\u00e1nyokra nagyj\u00e1b\u00f3l 2,6 milli\u00f3 ember jogosult. A jogosults\u00e1gr\u00f3l a 1818-as korm\u00e1nyzati \u00fcgyf\u00e9lvonalon lehet t\u00e1j\u00e9koz\u00f3dni.<br \/>\n    F\u00f3nagy J\u00e1nos a Kossuth r\u00e1di\u00f3 J\u00f3 reggelt Magyarorsz\u00e1g! c\u00edm\u0171 m\u0171sor\u00e1ban arr\u00f3l besz\u00e9lt, Magyarorsz\u00e1g gazdas\u00e1gi helyzete lehet\u0151v\u00e9 teszi, hogy a nyugd\u00edjasok, az ad\u00f3mentes rezsiutalv\u00e1nyon fel\u00fcl, a kor\u00e1bbi \u00e9vekhez hasonl\u00f3an, az \u00e9v v\u00e9g\u00e9ig nyugd\u00edjpr\u00e9miumot is kapjanak.(MTI)<\/p>\n<p>A Magyar Posta  szeptember folyam\u00e1n k\u00e9zbes\u00edti a rezsiutalv\u00e1ny tartalm\u00fa k\u00fcldem\u00e9nyeket. Ezek a k\u00fcldem\u00e9nyek egyedi azonos\u00edt\u00f3val vannak ell\u00e1tva. A rezsiutalv\u00e1nyt &#8211;  m\u00e1s \u00e9rt\u00e9kutalv\u00e1nyokhoz hasonl\u00f3an &#8211;  egyszer pr\u00f3b\u00e1lja meg a c\u00edmen k\u00e9zbes\u00edteni a Posta, a k\u00fcldem\u00e9nyt szem\u00e9lyesen kell \u00e1tadni a c\u00edmzettnek. Amennyiben nincs otthon sem a c\u00edmzett, sem annak meghatalmazottja, sem k\u00f6zeli hozz\u00e1tartoz\u00f3 (\u00fan. helyettes \u00e1tvev\u0151), akkor a post\u00e1s \u00e9rtes\u00edt\u0151t hagy h\u00e1tra, amelyen megjel\u00f6li, hogy melyik post\u00e1n meddig vehet\u0151 \u00e1t a k\u00fcldem\u00e9ny. A k\u00fcldem\u00e9nyt a szab\u00e1ly szerint 10 munkanapig \u0151rzi a Posta, ezalatt az id\u0151 alatt b\u00e1rmikor (postai nyitva tart\u00e1s alatt) \u00e1tvehet\u0151. Csak ennek lej\u00e1rt\u00e1t k\u00f6vet\u0151en k\u00fcldi vissza a felad\u00f3nak, a Magyar \u00c1llamkincst\u00e1rnak. A Magyar Posta c\u00e9lja, hogy az \u00e9rintettek a lehet\u0151 leggyorsabban megkapj\u00e1k az utalv\u00e1nyokat.<\/p><div id=\"gazda-3764636480\" class=\"gazda-tartalomban gazda-entity-placement\"><script async src=\"https:\/\/pagead2.googlesyndication.com\/pagead\/js\/adsbygoogle.js\"><\/script>\r\n<ins class=\"adsbygoogle\"\r\n     style=\"display:block\"\r\n     data-ad-format=\"fluid\"\r\n     data-ad-layout-key=\"-6t+ed+2i-1n-4w\"\r\n     data-ad-client=\"ca-pub-1959107119989764\"\r\n     data-ad-slot=\"4008251320\"><\/ins>\r\n<script>\r\n     (adsbygoogle = window.adsbygoogle || []).push({});\r\n<\/script><\/div>\n","protected":false},"excerpt":{"rendered":"<p>Nem n\u00e9vre sz\u00f3l\u00f3 a nyugd\u00edjasok rezsiutalv\u00e1nya, ez\u00e9rt ha nekik nincs r\u00e1 sz\u00fcks\u00e9g\u00fck, akkor azzal hozz\u00e1tartoz\u00f3ikat is seg\u00edthetik &#8211; k\u00f6z\u00f6lte a nemzeti vagyonnal kapcsolatos parlamenti \u00fcgyek\u00e9rt felel\u0151s \u00e1llamtitk\u00e1r az M1 aktu\u00e1lis csatorn\u00e1n h\u00e9tf\u0151n.<\/p>\n","protected":false},"author":1,"featured_media":0,"comment_status":"closed","ping_status":"open","sticky":false,"template":"","format":"standard","meta":[],"categories":[4,19],"tags":[],"_links":{"self":[{"href":"https:\/\/gazdasagportal.hu\/index.php\/wp-json\/wp\/v2\/posts\/119028"}],"collection":[{"href":"https:\/\/gazdasagportal.hu\/index.php\/wp-json\/wp\/v2\/posts"}],"about":[{"href":"https:\/\/gazdasagportal.hu\/index.php\/wp-json\/wp\/v2\/types\/post"}],"author":[{"embeddable":true,"href":"https:\/\/gazdasagportal.hu\/index.php\/wp-json\/wp\/v2\/users\/1"}],"replies":[{"embeddable":true,"href":"https:\/\/gazdasagportal.hu\/index.php\/wp-json\/wp\/v2\/comments?post=119028"}],"version-history":[{"count":2,"href":"https:\/\/gazdasagportal.hu\/index.php\/wp-json\/wp\/v2\/posts\/119028\/revisions"}],"predecessor-version":[{"id":119047,"href":"https:\/\/gazdasagportal.hu\/index.php\/wp-json\/wp\/v2\/posts\/119028\/revisions\/119047"}],"wp:attachment":[{"href":"https:\/\/gazdasagportal.hu\/index.php\/wp-json\/wp\/v2\/media?parent=119028"}],"wp:term":[{"taxonomy":"category","embeddable":true,"href":"https:\/\/gazdasagportal.hu\/index.php\/wp-json\/wp\/v2\/categories?post=119028"},{"taxonomy":"post_tag","embeddable":true,"href":"https:\/\/gazdasagportal.hu\/index.php\/wp-json\/wp\/v2\/tags?post=119028"}],"curies":[{"name":"wp","href":"https:\/\/api.w.org\/{rel}","templated":true}]}}