{"id":119018,"date":"2019-08-26T08:26:46","date_gmt":"2019-08-26T06:26:46","guid":{"rendered":"http:\/\/gazdasagportal.hu\/?p=119018"},"modified":"2019-08-26T08:26:46","modified_gmt":"2019-08-26T06:26:46","slug":"gki-egyutt-javult-az-uzleti-es-a-fogyasztoi-bizalmi-index-augusztusban","status":"publish","type":"post","link":"https:\/\/gazdasagportal.hu\/index.php\/gki-egyutt-javult-az-uzleti-es-a-fogyasztoi-bizalmi-index-augusztusban\/","title":{"rendered":"GKI: egy\u00fctt javult az \u00fczleti \u00e9s a fogyaszt\u00f3i bizalmi index augusztusban"},"content":{"rendered":"<p><strong>Augusztusban emelkedett a GKI konjunkt\u00faraindexe a majdnem k\u00e9t \u00e9s f\u00e9l \u00e9ve nem l\u00e1tott alacsony j\u00faliusi szinthez k\u00e9pest. A GKI Gazdas\u00e1gkutat\u00f3 \u00e1ltal, az EU t\u00e1mogat\u00e1s\u00e1val v\u00e9gzett felm\u00e9r\u00e9s szerint ebben a h\u00f3napban nemcsak az \u00fczleti v\u00e1rakoz\u00e1sok javultak, hanem az elm\u00falt h\u00f3napokban hull\u00e1mz\u00f3an alakul\u00f3 fogyaszt\u00f3i bizalmi index is t\u00f6bb mint egy\u00e9ves cs\u00facs\u00e1ra jutott.<\/strong><!--more--><\/p>\n<div class=\"ads-in-post1\"><div id=\"gazdasagportal.hu_fullbanner_wideboard\"><\/div>\r\n<\/div>\n<p>    A GKI fogyaszt\u00f3i bizalmi index augusztusban az el\u0151z\u0151 havi cs\u00f6kken\u00e9st meghalad\u00f3 \u00fctemben n\u0151tt. A lakoss\u00e1g saj\u00e1t p\u00e9nz\u00fcgyi helyzet\u00e9t, \u00e9s f\u0151leg j\u00f6v\u0151beli megtakar\u00edt\u00e1si k\u00e9pess\u00e9g\u00e9t sokkal jobbnak l\u00e1tta, mint egy h\u00f3nappal ezel\u0151tt. Ez ut\u00f3bbi legut\u00f3bb 2002 augusztus\u00e1ban volt enn\u00e9l is kedvez\u0151bb. A lakoss\u00e1g a nagy \u00e9rt\u00e9k\u0171 tart\u00f3s fogyaszt\u00e1si cikkek v\u00e1s\u00e1rl\u00e1si lehet\u0151s\u00e9g\u00e9t is javul\u00f3nak \u00e9rz\u00e9kelte.<br \/>\n    Az \u00fczleti szf\u00e9r\u00e1n bel\u00fcl f\u0151leg az ipari, kisebb m\u00e9rt\u00e9kben a szolg\u00e1ltat\u00f3i bizalmi index emelkedett. Az \u00e9p\u00edt\u0151iparban viszont folytat\u00f3dott a der\u0171l\u00e1t\u00e1s imm\u00e1r f\u00e9l \u00e9ve tart\u00f3 cs\u00f6kken\u00e9se, b\u00e1r \u00edgy is messze ez a legoptimist\u00e1bb \u00e1gazat.<br \/>\n    A kereskedelmi bizalmi index h\u00e1rom\u00e9ves m\u00e9lypontj\u00e1ra ker\u00fclt. Az ipari bizalmi index &#8211; k\u00e9thavi cs\u00f6kken\u00e9s ut\u00e1n &#8211; augusztusban \u00e9rezhet\u0151en magasabb lett. Az elm\u00falt h\u00e1rom h\u00f3nap termel\u00e9si sz\u00ednvonal\u00e1nak, a rendel\u00e9s\u00e1llom\u00e1nynak &#8211; ezen bel\u00fcl az exportrendel\u00e9seknek -, valamint a k\u00e9szleteknek a meg\u00edt\u00e9l\u00e9se is hat\u00e1rozottan javult. A termel\u00e9si v\u00e1rakoz\u00e1sok viszont romlottak.<br \/>\n<div class=\"ads-in-post2\"><script async src=\"https:\/\/pagead2.googlesyndication.com\/pagead\/js\/adsbygoogle.js\"><\/script>\r\n<ins class=\"adsbygoogle\"\r\n     style=\"display:block\"\r\n     data-ad-format=\"fluid\"\r\n     data-ad-layout-key=\"-6t+ed+2i-1n-4w\"\r\n     data-ad-client=\"ca-pub-1959107119989764\"\r\n     data-ad-slot=\"4008251320\"><\/ins>\r\n<script>\r\n     (adsbygoogle = window.adsbygoogle || []).push({});\r\n<\/script><\/div>\n    Az \u00e9p\u00edt\u0151ipari bizalmi index augusztusban csaknem k\u00e9t\u00e9ves m\u00e9lypontj\u00e1ra esett. A magas- \u00e9s m\u00e9ly\u00e9p\u00edt\u0151 c\u00e9gek is bor\u00fal\u00e1t\u00f3bb\u00e1 v\u00e1ltak. Az el\u0151z\u0151 h\u00e1romhavi termel\u00e9ssel kapcsolatos el\u00e9gedetts\u00e9g alig v\u00e1ltozott, a rendel\u00e9s\u00e1llom\u00e1nyok \u00e9rt\u00e9kel\u00e9se viszont \u00e9rezhet\u0151en kedvez\u0151tlenebb lett.<br \/>\n    A kereskedelmi bizalmi index a j\u00faliusi cs\u00f6kken\u00e9s ut\u00e1n tov\u00e1bb esett, s ezzel az elm\u00falt \u00f6t \u00e9vet jellemz\u0151 viszonylag keskeny s\u00e1v alj\u00e1hoz k\u00f6zel\u00edt. Az elad\u00e1si poz\u00edci\u00f3 \u00e9s a k\u00e9szletszint meg\u00edt\u00e9l\u00e9se jelent\u0151sen, a rendel\u00e9sek v\u00e1rhat\u00f3 alakul\u00e1s\u00e1r\u00f3l alkotott v\u00e9lem\u00e9ny (az el\u0151z\u0151 havi drasztikus visszaes\u00e9s ut\u00e1n) kis m\u00e9rt\u00e9kben lett rosszabb.<br \/>\n     A szolg\u00e1ltat\u00f3i bizalmi index viszont visszaemelkedett az \u00e1prilis szintj\u00e9re. Az \u00fczletmenet meg\u00edt\u00e9l\u00e9se nem sokat v\u00e1ltozott, de l\u00e9nyegesen javult a v\u00e1rhat\u00f3 forgalomr\u00f3l alkotott v\u00e9lem\u00e9ny.<br \/>\n    A foglalkoztat\u00e1si sz\u00e1nd\u00e9k augusztusban \u00f6sszess\u00e9g\u00e9ben v\u00e1ltozatlan maradt, legink\u00e1bb a szolg\u00e1ltat\u00f3 c\u00e9gek k\u00f6r\u00e9ben er\u0151s\u00f6d\u00f6tt, \u00e9s az \u00e9p\u00edt\u0151iparban gyeng\u00fclt. A lakoss\u00e1g munkan\u00e9lk\u00fclis\u00e9gt\u0151l val\u00f3 f\u00e9lelme alacsony szinten hull\u00e1mzik, augusztusban cs\u00f6kkent, amivel soha nem l\u00e1tott alacsony szintre ker\u00fclt.<br \/>\n    Az \u00e1remel\u00e9si t\u00f6rekv\u00e9s a j\u00faliusi, minden \u00e1gazatra jellemz\u0151 gyeng\u00fcl\u00e9s ut\u00e1n augusztusban vegyesen alakult, az iparban \u00e9s a szolg\u00e1ltat\u00f3 szektorban tov\u00e1bb lanyhult &#8211; ez ut\u00f3bbin\u00e1l 22 havi m\u00e9lypontj\u00e1ra esett -, az \u00e9p\u00edt\u0151iparban \u00e9s a kereskedelemben viszont \u00e9rezhet\u0151en er\u0151s\u00f6d\u00f6tt &#8211; b\u00e1r a c\u00e9gek h\u00e1romnegyede ez ut\u00f3bbi szektorban sem tervez egyel\u0151re \u00e1rv\u00e1ltoztat\u00e1st.<br \/>\n    Kiss\u00e9 tov\u00e1bb cs\u00f6kkent a fogyaszt\u00f3k infl\u00e1ci\u00f3s v\u00e1rakoz\u00e1sa. A magyar gazdas\u00e1g helyzet\u00e9nek meg\u00edt\u00e9l\u00e9se az \u00fczleti szektorban nem v\u00e1ltozott, a lakoss\u00e1g v\u00e9lem\u00e9nye azonban a j\u00faliusi roml\u00e1s ut\u00e1n kiss\u00e9 javult.<br \/>\n(MTI)<\/p>\n","protected":false},"excerpt":{"rendered":"<p>Augusztusban emelkedett a GKI konjunkt\u00faraindexe a majdnem k\u00e9t \u00e9s f\u00e9l \u00e9ve nem l\u00e1tott alacsony j\u00faliusi szinthez k\u00e9pest. A GKI Gazdas\u00e1gkutat\u00f3 \u00e1ltal, az EU t\u00e1mogat\u00e1s\u00e1val v\u00e9gzett felm\u00e9r\u00e9s szerint ebben a h\u00f3napban nemcsak az \u00fczleti v\u00e1rakoz\u00e1sok javultak, hanem az elm\u00falt h\u00f3napokban hull\u00e1mz\u00f3an alakul\u00f3 fogyaszt\u00f3i bizalmi index is t\u00f6bb mint egy\u00e9ves cs\u00facs\u00e1ra jutott.<\/p>\n","protected":false},"author":1,"featured_media":0,"comment_status":"closed","ping_status":"open","sticky":false,"template":"","format":"standard","meta":[],"categories":[19],"tags":[],"_links":{"self":[{"href":"https:\/\/gazdasagportal.hu\/index.php\/wp-json\/wp\/v2\/posts\/119018"}],"collection":[{"href":"https:\/\/gazdasagportal.hu\/index.php\/wp-json\/wp\/v2\/posts"}],"about":[{"href":"https:\/\/gazdasagportal.hu\/index.php\/wp-json\/wp\/v2\/types\/post"}],"author":[{"embeddable":true,"href":"https:\/\/gazdasagportal.hu\/index.php\/wp-json\/wp\/v2\/users\/1"}],"replies":[{"embeddable":true,"href":"https:\/\/gazdasagportal.hu\/index.php\/wp-json\/wp\/v2\/comments?post=119018"}],"version-history":[{"count":1,"href":"https:\/\/gazdasagportal.hu\/index.php\/wp-json\/wp\/v2\/posts\/119018\/revisions"}],"predecessor-version":[{"id":119019,"href":"https:\/\/gazdasagportal.hu\/index.php\/wp-json\/wp\/v2\/posts\/119018\/revisions\/119019"}],"wp:attachment":[{"href":"https:\/\/gazdasagportal.hu\/index.php\/wp-json\/wp\/v2\/media?parent=119018"}],"wp:term":[{"taxonomy":"category","embeddable":true,"href":"https:\/\/gazdasagportal.hu\/index.php\/wp-json\/wp\/v2\/categories?post=119018"},{"taxonomy":"post_tag","embeddable":true,"href":"https:\/\/gazdasagportal.hu\/index.php\/wp-json\/wp\/v2\/tags?post=119018"}],"curies":[{"name":"wp","href":"https:\/\/api.w.org\/{rel}","templated":true}]}}