{"id":119006,"date":"2019-08-25T14:54:04","date_gmt":"2019-08-25T12:54:04","guid":{"rendered":"http:\/\/gazdasagportal.hu\/?p=119006"},"modified":"2019-08-24T19:54:57","modified_gmt":"2019-08-24T17:54:57","slug":"meteorologiai-szolgalat-az-idojarasi-modellek-elore-jeleztek-a-tatrara-lecsapo-zivatart","status":"publish","type":"post","link":"https:\/\/gazdasagportal.hu\/index.php\/meteorologiai-szolgalat-az-idojarasi-modellek-elore-jeleztek-a-tatrara-lecsapo-zivatart\/","title":{"rendered":"Meteorol\u00f3giai szolg\u00e1lat: az id\u0151j\u00e1r\u00e1si modellek el\u0151re jelezt\u00e9k a T\u00e1tr\u00e1ra lecsap\u00f3 zivatart"},"content":{"rendered":"<p><strong>Az id\u0151j\u00e1r\u00e1si modellek el\u0151re jelezt\u00e9k a T\u00e1tr\u00e1ra lecsap\u00f3 zivatart &#8211; \u00edrta szombaton Facebook-oldal\u00e1n az Orsz\u00e1gos Meteorol\u00f3giai Szolg\u00e1lat, amely szerint az\u00e9rt s\u00e9r\u00fclhettek meg olyan sokan, mert az \u00fat menti f\u00e9m korl\u00e1tokba kapaszkodhattak.<\/strong><!--more--><\/p>\n<div class=\"ads-in-post1\"><div id=\"gazdasagportal.hu_fullbanner_wideboard\"><\/div>\r\n<\/div>\n<p>    Augusztus 22-\u00e9n, cs\u00fct\u00f6rt\u00f6k\u00f6n a Magas-T\u00e1tr\u00e1ban \u00f6ten \u00e9let\u00fcket vesztett\u00e9k, t\u00f6bb, mint sz\u00e1z\u00f6tvenen megs\u00e9r\u00fcltek, amikor egy zivatarrendszer \u00e9rte el a hegys\u00e9get, \u00e9s t\u00f6bb alkalommal is lecsap\u00f3 vill\u00e1mok alakultak ki.<br \/>\n    A meteorol\u00f3giai szolg\u00e1lat azt \u00edrta: azon napon a t\u00e9rs\u00e9gben egy feloszl\u00f3ban l\u00e9v\u0151 frontz\u00f3na miatt nedves \u00e9s labilis volt a leveg\u0151. D\u00e9lut\u00e1n 14 \u00e9s 17 \u00f3ra k\u00f6z\u00f6tt az id\u0151j\u00e1r\u00e1s-el\u0151rejelz\u0151 modellek alapj\u00e1n is v\u00e1rhat\u00f3 volt csapad\u00e9k a t\u00e9rs\u00e9gben.<br \/>\n    A zivatarrendszer lassan mozgott, \u00edgy a s\u0171r\u0171 d\u00f6rg\u00e9seket m\u00e1r viszonylag kor\u00e1n hallani lehetett &#8211; ennek ellen\u00e9re sokan tart\u00f3zkodtak a hegyen, f\u0151leg a Zakopane felett magasod\u00f3 Giewont cs\u00facs k\u00f6zel\u00e9ben. Ennek kapcs\u00e1n azt is megjegyezt\u00e9k: az 1895 m\u00e9ter magas hegyen rendszeresen t\u00f6m\u00f6tt sorokban \u00e1llnak a t\u00far\u00e1z\u00f3k, \u00edgy a &#8222;lemenek\u00fcl\u00e9s&#8221; m\u00e9g akkor is nehezen kivitelezhet\u0151, ha id\u0151ben elindul a t\u00f6meg.<br \/>\n<div class=\"ads-in-post2\"><script async src=\"https:\/\/pagead2.googlesyndication.com\/pagead\/js\/adsbygoogle.js\"><\/script>\r\n<ins class=\"adsbygoogle\"\r\n     style=\"display:block\"\r\n     data-ad-format=\"fluid\"\r\n     data-ad-layout-key=\"-6t+ed+2i-1n-4w\"\r\n     data-ad-client=\"ca-pub-1959107119989764\"\r\n     data-ad-slot=\"4008251320\"><\/ins>\r\n<script>\r\n     (adsbygoogle = window.adsbygoogle || []).push({});\r\n<\/script><\/div>\n    Egy Szlov\u00e1ki\u00e1ban dolgoz\u00f3 munkat\u00e1rsuk t\u00e1j\u00e9koztat\u00e1sa alapj\u00e1n a k\u00e9rd\u00e9ses id\u0151pontban egy igen er\u0151s, 150 kA (kilo Amper) er\u0151ss\u00e9g\u0171 pozit\u00edv kis\u00fcl\u00e9s k\u00f6vetkezett be. A cs\u00facson egy hatalmas f\u00e9m kereszt tal\u00e1lhat\u00f3, de az oda vezet\u0151 \u00fat ment\u00e9n is vannak f\u00e9m korl\u00e1tok &#8211; emelte ki a meteorol\u00f3giai szolg\u00e1lat, amely szerint amiatt s\u00e9r\u00fclhettek meg sokan, hogy t\u00f6bben ezekbe kapaszkodtak.<br \/>\n    Az Orsz\u00e1gos Meteorol\u00f3giai Szolg\u00e1lat elemz\u00e9se v\u00e9g\u00e9n felh\u00edvta a figyelmet, hogy miel\u0151tt b\u00e1rki a hegyekbe indul &#8211; f\u0151leg, ha az kitett, szikl\u00e1s -, mindig t\u00e1j\u00e9koz\u00f3djon a v\u00e1rhat\u00f3 vesz\u00e9lyekr\u0151l. Megjegyezt\u00e9k, hogy mivel az el\u0151rejelz\u00e9sek sem mindig t\u00f6k\u00e9letesek, mindenki higgyen a szem\u00e9nek, f\u00fcl\u00e9nek, \u00e9s ha k\u00f6zeleg a zivatar, forduljon vissza id\u0151ben, \u00e9s m\u00e1sokat se hagyjon, hogy &#8222;rossz d\u00f6nt\u00e9seket hozzanak&#8221;.(MTI)<\/p>\n","protected":false},"excerpt":{"rendered":"<p>Az id\u0151j\u00e1r\u00e1si modellek el\u0151re jelezt\u00e9k a T\u00e1tr\u00e1ra lecsap\u00f3 zivatart &#8211; \u00edrta szombaton Facebook-oldal\u00e1n az Orsz\u00e1gos Meteorol\u00f3giai Szolg\u00e1lat, amely szerint az\u00e9rt s\u00e9r\u00fclhettek meg olyan sokan, mert az \u00fat menti f\u00e9m korl\u00e1tokba kapaszkodhattak.<\/p>\n","protected":false},"author":1001003,"featured_media":0,"comment_status":"closed","ping_status":"open","sticky":false,"template":"","format":"standard","meta":[],"categories":[4,12],"tags":[],"_links":{"self":[{"href":"https:\/\/gazdasagportal.hu\/index.php\/wp-json\/wp\/v2\/posts\/119006"}],"collection":[{"href":"https:\/\/gazdasagportal.hu\/index.php\/wp-json\/wp\/v2\/posts"}],"about":[{"href":"https:\/\/gazdasagportal.hu\/index.php\/wp-json\/wp\/v2\/types\/post"}],"author":[{"embeddable":true,"href":"https:\/\/gazdasagportal.hu\/index.php\/wp-json\/wp\/v2\/users\/1001003"}],"replies":[{"embeddable":true,"href":"https:\/\/gazdasagportal.hu\/index.php\/wp-json\/wp\/v2\/comments?post=119006"}],"version-history":[{"count":1,"href":"https:\/\/gazdasagportal.hu\/index.php\/wp-json\/wp\/v2\/posts\/119006\/revisions"}],"predecessor-version":[{"id":119007,"href":"https:\/\/gazdasagportal.hu\/index.php\/wp-json\/wp\/v2\/posts\/119006\/revisions\/119007"}],"wp:attachment":[{"href":"https:\/\/gazdasagportal.hu\/index.php\/wp-json\/wp\/v2\/media?parent=119006"}],"wp:term":[{"taxonomy":"category","embeddable":true,"href":"https:\/\/gazdasagportal.hu\/index.php\/wp-json\/wp\/v2\/categories?post=119006"},{"taxonomy":"post_tag","embeddable":true,"href":"https:\/\/gazdasagportal.hu\/index.php\/wp-json\/wp\/v2\/tags?post=119006"}],"curies":[{"name":"wp","href":"https:\/\/api.w.org\/{rel}","templated":true}]}}