{"id":119004,"date":"2019-08-25T12:52:14","date_gmt":"2019-08-25T10:52:14","guid":{"rendered":"http:\/\/gazdasagportal.hu\/?p=119004"},"modified":"2019-08-24T19:53:29","modified_gmt":"2019-08-24T17:53:29","slug":"g7-csucstalalkozo-macron-a-kereskedelmi-haboruk-senkinek-sem-jok","status":"publish","type":"post","link":"https:\/\/gazdasagportal.hu\/index.php\/g7-csucstalalkozo-macron-a-kereskedelmi-haboruk-senkinek-sem-jok\/","title":{"rendered":"G7 cs\u00facstal\u00e1lkoz\u00f3 &#8211; Macron: a kereskedelmi h\u00e1bor\u00fak senkinek sem j\u00f3k"},"content":{"rendered":"<p><strong>Emmanuel Macron szeretn\u00e9 meggy\u0151zni a G7-es orsz\u00e1gcsoport szombat este kezd\u0151d\u0151 franciaorsz\u00e1gi cs\u00facs\u00e9rtekezlet\u00e9n &#8222;valamennyi partner\u00e9t arr\u00f3l, hogy a kereskedelmi fesz\u00fclts\u00e9gek mindenkinek \u00e1rtanak&#8221;. A francia \u00e1llamf\u0151 ezt a tal\u00e1lkoz\u00f3 kezdete el\u0151tt az Atlanti-\u00f3ce\u00e1n partj\u00e1n tal\u00e1lhat\u00f3 Biarritzb\u00f3l \u00e9l\u0151ben k\u00f6zvet\u00edtett telev\u00edzi\u00f3s besz\u00e9d\u00e9ben mondta.<\/strong><!--more--><\/p>\n<div class=\"ads-in-post1\"><div id=\"gazdasagportal.hu_fullbanner_wideboard\"><\/div>\r\n<\/div>\n<p>     A vil\u00e1g h\u00e9t legfejlettebb orsz\u00e1gai  (N\u00e9metorsz\u00e1g, Egyes\u00fclt \u00c1llamok, Jap\u00e1n, Olaszorsz\u00e1g, Kanada, Nagy-Britannia \u00e9s Franciaorsz\u00e1g) vezet\u0151inek h\u00e9tf\u0151ig tart\u00f3 tal\u00e1lkoz\u00f3j\u00e1nak f\u0151bb t\u00e9m\u00e1it felsorolva &#8211; kereskedelmi h\u00e1bor\u00fak, braz\u00edliai erd\u0151t\u00fczek, ir\u00e1ni nukle\u00e1ris program &#8211; Emmanuel Macron jelezte: azt szeretn\u00e9, ha a cs\u00facs &#8222;hasznosnak \u00e9s jelent\u0151snek&#8221; bizonyulna.<br \/>\n    &#8222;Jogosan v\u00e1rj\u00e1k el, hogy szavatoljuk \u00e9s megv\u00e9dj\u00fck a b\u00e9k\u00e9t a vil\u00e1gban. Besz\u00e9lni fogunk Ir\u00e1nr\u00f3l, Sz\u00edri\u00e1r\u00f3l, L\u00edbi\u00e1r\u00f3l, Ukrajn\u00e1r\u00f3l &#8230; Ezekben a k\u00e9rd\u00e9sekben id\u0151nk\u00e9nt n\u00e9zetelt\u00e9r\u00e9sek mutatkoznak, \u00e9s t\u00e1volinak t\u0171nhetnek \u00f6n\u00f6knek, de \u00e9rintik \u00f6n\u00f6ket is&#8221; &#8211; hangs\u00falyozta a francia eln\u00f6k \u00fcnnep\u00e9lyes t\u00edzperces besz\u00e9d\u00e9ben, megeml\u00edtve a 2015-\u00f6s franciaorsz\u00e1gi terrort\u00e1mad\u00e1sokat \u00e9s a migr\u00e1ci\u00f3s v\u00e1ls\u00e1got.<br \/>\n    A kereskedelmi h\u00e1bor\u00fak elker\u00fcl\u00e9s\u00e9re a fesz\u00fclts\u00e9gcs\u00f6kkent\u00e9st fontoss\u00e1g\u00e1t emelte ki Emmanuel Macron.<br \/>\n    A francia eln\u00f6kkel egy id\u0151ben Donald Tusk, az Eur\u00f3pai Tan\u00e1cs eln\u00f6ke is megsz\u00f3lalt, aki szerint az egys\u00e9g \u00e9s a szolidarit\u00e1s neh\u00e9z pr\u00f3bat\u00e9tele lesz a franciaorsz\u00e1gi tal\u00e1lkoz\u00f3 egy olyan \u00e9v ut\u00e1n, amikor vil\u00e1g leggazdagabb orsz\u00e1gainak vezet\u0151i nehezen tal\u00e1lt\u00e1k meg a k\u00f6z\u00f6s nyelvet.<br \/>\n    Tusk is figyelmeztetett, hogy a vil\u00e1g gazdas\u00e1gilag h\u00e9t legfejlettebb orsz\u00e1ga k\u00f6z\u00f6tti kereskedelmi h\u00e1bor\u00fak tov\u00e1bb fogj\u00e1k rombolni k\u00f6zt\u00fck a bizalmat, \u00e9s amennyiben Donald Trump amerikai eln\u00f6k a v\u00e1mtarif\u00e1kat fogja haszn\u00e1lni politikai eszk\u00f6zk\u00e9nt, az kock\u00e1zatos lesz az eg\u00e9sz vil\u00e1gra n\u00e9zve.<br \/>\n    Az Eur\u00f3pai Tan\u00e1cs eln\u00f6ke azt is megeml\u00edtette, hogy az eur\u00f3paiak nehezen fogj\u00e1k tudni ratifik\u00e1lni az Eur\u00f3pai Uni\u00f3 \u00e9s a d\u00e9l-amerikai k\u00f6z\u00f6s piac (Mercosur) k\u00f6z\u00f6tti szabadkereskedelmi egyezm\u00e9nyt, amennyiben folytat\u00f3dnak az amazonasi es\u0151erd\u0151kben kialakult t\u00fczek.<br \/>\n<div class=\"ads-in-post2\"><script async src=\"https:\/\/pagead2.googlesyndication.com\/pagead\/js\/adsbygoogle.js\"><\/script>\r\n<ins class=\"adsbygoogle\"\r\n     style=\"display:block\"\r\n     data-ad-format=\"fluid\"\r\n     data-ad-layout-key=\"-6t+ed+2i-1n-4w\"\r\n     data-ad-client=\"ca-pub-1959107119989764\"\r\n     data-ad-slot=\"4008251320\"><\/ins>\r\n<script>\r\n     (adsbygoogle = window.adsbygoogle || []).push({});\r\n<\/script><\/div>\n    &#8222;Term\u00e9szetesen t\u00e1mogatjuk az EU-Mercosur meg\u00e1llapod\u00e1st, de neh\u00e9z egy harmonikus ratifik\u00e1ci\u00f3s folyamatot elk\u00e9pzelni az eur\u00f3pai orsz\u00e1gokban, mik\u00f6zben a brazil korm\u00e1ny lehet\u0151v\u00e9 teszi a f\u00f6ld z\u00f6ld t\u00fcdej\u00e9nek elpuszt\u00edt\u00e1s\u00e1t&#8221; &#8211; fogalmazott Tusk.<br \/>\n    Francia elemz\u0151k szerint a braz\u00edliai erd\u0151t\u00fczek meg\u00e1ll\u00edt\u00e1s\u00e1t el\u0151seg\u00edt\u0151 &#8222;konkr\u00e9t int\u00e9zked\u00e9sek&#8221; k\u00e9rd\u00e9se az egyik f\u0151 t\u00e9m\u00e1ja lesz a G7-ek megbesz\u00e9l\u00e9seinek.<br \/>\n    Emmanuel Macron p\u00e9nteken azzal v\u00e1dolta meg Jair Bolsonaro brazil eln\u00f6k\u00f6t, hogy &#8222;hazudott&#8221; a k\u00f6rnyezetv\u00e9delmi elk\u00f6telezetts\u00e9g\u00e9t illet\u0151en. Macron ez\u00e9rt bejelentette: Franciaorsz\u00e1g nem t\u00e1mogatja az EU \u00e9s a Mercosur k\u00f6z\u00f6tti szabadkereskedelmi egyezm\u00e9nyt, amelyet h\u00fasz \u00e9vig tart\u00f3 t\u00e1rgyal\u00e1sok ut\u00e1n j\u00faniusban \u00edrtak al\u00e1 a felek.<br \/>\n    A francia eln\u00f6k szombati telev\u00edzi\u00f3s besz\u00e9d\u00e9ben elismerte, hogy a k\u00f6rnyezetv\u00e9delmi k\u00e9rd\u00e9sekben &#8222;egyes, (a G7-ekhez tartoz\u00f3) orsz\u00e1gokkal is, m\u00e9gpedig az Egyes\u00fclt \u00c1llamokkal n\u00e9zetelt\u00e9r\u00e9sek&#8221; mutatkoznak. Emmanuel Macron \u00fagy v\u00e9lte, hogy valamennyi nagyhatalomnak fel kell l\u00e9pnie az \u00f3ce\u00e1nok \u00e9s az es\u0151erd\u0151k v\u00e9delm\u00e9ben.<br \/>\n    &#8222;Amaz\u00f3nia a k\u00f6z\u00f6s kincs\u00fcnk, mindannyiunkat \u00e9rint, Franciaorsz\u00e1got jobban is, mint a t\u00f6bbieket az asztal k\u00f6r\u00fcl, miut\u00e1n (a Franciaorsz\u00e1ghoz tartoz\u00f3) Guyana Amaz\u00f3ni\u00e1ban van&#8221; &#8211; h\u00edvta fel a figyelmet a francia eln\u00f6k.<br \/>\n    &#8222;A nyugalomra \u00e9s a megegyez\u00e9sre szeretn\u00e9k k\u00e9rni t\u00e9nyleg mindenkit. Nem mindenben \u00e9rt\u00fcnk egy\u00fctt, id\u0151nk\u00e9nt g\u00fanyol\u00f3d\u00e1sok is vannak. De \u00fagy v\u00e9lem, hogy az olyan nagy kih\u00edv\u00e1sokat, mint a kl\u00edmav\u00e9delmet, a biodiverzit\u00e1st, a technol\u00f3giai \u00e1talakul\u00e1st, az aggodalmakat a t\u00e1rsadalmunkban, az egyenl\u0151tlens\u00e9gek elleni k\u00fczdelmet, a biztons\u00e1gnak a vil\u00e1gban mindenhol \u00e9rz\u00e9kelhet\u0151 roml\u00e1s\u00e1t csak egy\u00fcttesen fell\u00e9pve tudjuk megoldani&#8221; &#8211; fogalmazott Emmanuel Macron, aki munkaeb\u00e9den l\u00e1tta vend\u00e9g\u00fcl Donald Trump amerikai eln\u00f6k\u00f6t a tan\u00e1cskoz\u00e1s helysz\u00edn\u00e9n, a biarrizti Hotel du Palais \u00e9p\u00fclet\u00e9ben.<br \/>\n    Az amerikai eln\u00f6k \u00e9s feles\u00e9ge d\u00e9lel\u0151tt \u00e9rkezett meg a bordeaux-i rep\u00fcl\u0151t\u00e9rre, ahonnan Donald Trump helikopterrel rep\u00fclt tov\u00e1bb Biarrritzba. A Feh\u00e9r H\u00e1z szerint az eln\u00f6k a nemzetk\u00f6zi kereskedelem t\u00f6k\u00e9letes\u00edt\u00e9s\u00e9re vonatkoz\u00f3 c\u00e9lkit\u0171z\u00e9seit akarja megval\u00f3s\u00edtani az \u00e9rtekezleten.(MTI)<\/p>\n","protected":false},"excerpt":{"rendered":"<p>Emmanuel Macron szeretn\u00e9 meggy\u0151zni a G7-es orsz\u00e1gcsoport szombat este kezd\u0151d\u0151 franciaorsz\u00e1gi cs\u00facs\u00e9rtekezlet\u00e9n &#8222;valamennyi partner\u00e9t arr\u00f3l, hogy a kereskedelmi fesz\u00fclts\u00e9gek mindenkinek \u00e1rtanak&#8221;. A francia \u00e1llamf\u0151 ezt a tal\u00e1lkoz\u00f3 kezdete el\u0151tt az Atlanti-\u00f3ce\u00e1n partj\u00e1n tal\u00e1lhat\u00f3 Biarritzb\u00f3l \u00e9l\u0151ben k\u00f6zvet\u00edtett telev\u00edzi\u00f3s besz\u00e9d\u00e9ben mondta.<\/p>\n","protected":false},"author":1001003,"featured_media":0,"comment_status":"closed","ping_status":"open","sticky":false,"template":"","format":"standard","meta":[],"categories":[12,246],"tags":[],"_links":{"self":[{"href":"https:\/\/gazdasagportal.hu\/index.php\/wp-json\/wp\/v2\/posts\/119004"}],"collection":[{"href":"https:\/\/gazdasagportal.hu\/index.php\/wp-json\/wp\/v2\/posts"}],"about":[{"href":"https:\/\/gazdasagportal.hu\/index.php\/wp-json\/wp\/v2\/types\/post"}],"author":[{"embeddable":true,"href":"https:\/\/gazdasagportal.hu\/index.php\/wp-json\/wp\/v2\/users\/1001003"}],"replies":[{"embeddable":true,"href":"https:\/\/gazdasagportal.hu\/index.php\/wp-json\/wp\/v2\/comments?post=119004"}],"version-history":[{"count":1,"href":"https:\/\/gazdasagportal.hu\/index.php\/wp-json\/wp\/v2\/posts\/119004\/revisions"}],"predecessor-version":[{"id":119005,"href":"https:\/\/gazdasagportal.hu\/index.php\/wp-json\/wp\/v2\/posts\/119004\/revisions\/119005"}],"wp:attachment":[{"href":"https:\/\/gazdasagportal.hu\/index.php\/wp-json\/wp\/v2\/media?parent=119004"}],"wp:term":[{"taxonomy":"category","embeddable":true,"href":"https:\/\/gazdasagportal.hu\/index.php\/wp-json\/wp\/v2\/categories?post=119004"},{"taxonomy":"post_tag","embeddable":true,"href":"https:\/\/gazdasagportal.hu\/index.php\/wp-json\/wp\/v2\/tags?post=119004"}],"curies":[{"name":"wp","href":"https:\/\/api.w.org\/{rel}","templated":true}]}}