{"id":118998,"date":"2019-08-24T19:23:10","date_gmt":"2019-08-24T17:23:10","guid":{"rendered":"http:\/\/gazdasagportal.hu\/?p=118998"},"modified":"2019-08-24T11:23:59","modified_gmt":"2019-08-24T09:23:59","slug":"ismet-rossz-betakaritasi-szezont-zartak-a-nemet-gazdak","status":"publish","type":"post","link":"https:\/\/gazdasagportal.hu\/index.php\/ismet-rossz-betakaritasi-szezont-zartak-a-nemet-gazdak\/","title":{"rendered":"Ism\u00e9t rossz betakar\u00edt\u00e1si szezont z\u00e1rtak a n\u00e9met gazd\u00e1k"},"content":{"rendered":"<p><strong>Ism\u00e9t rosszul alakult a ny\u00e1ri betakar\u00edt\u00e1si szezon N\u00e9metorsz\u00e1gban, \u00e9s vend\u00e9gmunk\u00e1sokat is nehezen tal\u00e1ltak a gazd\u00e1k a mez\u0151gazdas\u00e1gi termel\u0151k orsz\u00e1gos sz\u00f6vets\u00e9g\u00e9nek (DBV) p\u00e9nteken k\u00f6z\u00f6lt jelent\u00e9se szerint.<\/strong><!--more--><\/p>\n<div class=\"ads-in-post1\"><div id=\"gazdasagportal.hu_fullbanner_wideboard\"><\/div>\r\n<\/div>\n<p>    A n\u00e9met gazd\u00e1lkod\u00f3k &#8222;meg\u00e9rzik a kl\u00edmav\u00e1ltoz\u00e1st&#8221;, a folyamat hat\u00e1sainak kezel\u00e9se \u00e9s az alkalmazkod\u00e1s egyre nagyobb kih\u00edv\u00e1s, amelyhez \u00e1llami seg\u00edts\u00e9gre van sz\u00fcks\u00e9g &#8211; emelte ki a jelent\u00e9s berlini bemutat\u00f3j\u00e1n Joachim Rukwied, az \u00e9rdekk\u00e9pviselet vezet\u0151je, hozz\u00e1t\u00e9ve, hogy ad\u00f3kedvezm\u00e9nyekkel \u00e9s t\u0151ket\u00e1mogat\u00e1ssal kellene seg\u00edteni a termel\u0151ket, hogy ki\u00e9p\u00edtsenek egy biztos\u00edt\u00e1si alapot az \u00e9ghajlat v\u00e1ltoz\u00e1s\u00e1b\u00f3l fakad\u00f3 kock\u00e1zatok ellen.<br \/>\n    A tavalyi orsz\u00e1gos asz\u00e1lykatasztr\u00f3fa ugyan nem ism\u00e9tl\u0151d\u00f6tt meg, de az orsz\u00e1g k\u00f6z\u00e9ps\u0151 \u00e9s keleti r\u00e9sz\u00e9n, \u00e9s egyes \u00e9szaki vid\u00e9keken ism\u00e9t t\u00fal kev\u00e9s csapad\u00e9k hullott. Ezekben a t\u00e9rs\u00e9gekben a term\u00e9s is k\u00fcl\u00f6n\u00f6sen gyenge volt.<br \/>\n    Az orsz\u00e1g eg\u00e9sz\u00e9t tekintve a ny\u00e1ri betakar\u00edt\u00e1si munk\u00e1k eredm\u00e9nyei csaknem valamennyi gabona-, z\u00f6lds\u00e9g- \u00e9s gy\u00fcm\u00f6lcsfajt\u00e1n\u00e1l elmaradnak az ut\u00f3bbi \u00e9vek \u00e1tlag\u00e1t\u00f3l. A gabonaterm\u00e9s 45 milli\u00f3 tonna volt, ami 2,9 milli\u00f3s cs\u00f6kken\u00e9s a 2013-2017-es id\u0151szak 47,9 tonn\u00e1s \u00e1tlag\u00e1hoz k\u00e9pest. Egy-egy hekt\u00e1rr\u00f3l \u00e1tlagosan 7 milli\u00f3 tonna gabon\u00e1t takar\u00edtottak be, ami 6 sz\u00e1zal\u00e9kkal marad el az ut\u00f3bbi \u00f6t \u00e9v 7,5 tonn\u00e1s \u00e1tlag\u00e1t\u00f3l.<br \/>\n<div class=\"ads-in-post2\"><script async src=\"https:\/\/pagead2.googlesyndication.com\/pagead\/js\/adsbygoogle.js\"><\/script>\r\n<ins class=\"adsbygoogle\"\r\n     style=\"display:block\"\r\n     data-ad-format=\"fluid\"\r\n     data-ad-layout-key=\"-6t+ed+2i-1n-4w\"\r\n     data-ad-client=\"ca-pub-1959107119989764\"\r\n     data-ad-slot=\"4008251320\"><\/ins>\r\n<script>\r\n     (adsbygoogle = window.adsbygoogle || []).push({});\r\n<\/script><\/div>\n    A DBV jelent\u00e9s\u00e9ben kiemelte, hogy 2019 a z\u00f6lds\u00e9g- \u00e9s gy\u00fcm\u00f6lcstermeszt\u0151knek is neh\u00e9z \u00e9v, amelyet a t\u00f6bbi k\u00f6z\u00f6tt a &#8222;region\u00e1lis id\u0151j\u00e1r\u00e1si sz\u00e9ls\u0151s\u00e9gek&#8221; gyakoris\u00e1g\u00e1nak n\u00f6veked\u00e9se \u00e9s a gy\u00fcm\u00f6lcs\u00e9r\u00e9s el\u0151bbre tol\u00f3d\u00e1sa jellemez.<br \/>\n    A sz\u00e1razs\u00e1g miatt az id\u00e9n is t\u00f6bbet kellett k\u00f6lteni \u00f6nt\u00f6z\u00e9sre &#8211; \u00e1ll a jelent\u00e9sben, amely szerint a z\u00f6lds\u00e9g- \u00e9s gy\u00fcm\u00f6lcstermeszt\u00e9sre haszn\u00e1lt ter\u00fclet 80 sz\u00e1zal\u00e9k\u00e1t lehet \u00f6nt\u00f6zni, \u00e9s az elmarad\u00f3 csapad\u00e9k \u00f6nt\u00f6z\u00e9ses p\u00f3tl\u00e1s\u00e1nak k\u00f6lts\u00e9ge el\u00e9ri az \u00e1rbev\u00e9tel 10 sz\u00e1zal\u00e9k\u00e1t.<br \/>\n    A sz\u00e9ls\u0151s\u00e9ges id\u0151j\u00e1r\u00e1si jelens\u00e9gek mellett sz\u00e1mos gazdas\u00e1gban &#8222;az id\u00e9n is probl\u00e9ma volt, hogy mik\u00e9nt tudnak el\u00e9g szezon\u00e1lis munk\u00e1st szerezni Lengyelorsz\u00e1gb\u00f3l, Rom\u00e1ni\u00e1b\u00f3l \u00e9s Bulg\u00e1ri\u00e1b\u00f3l&#8221; &#8211; tett\u00e9k hozz\u00e1. Hangs\u00falyozt\u00e1k, hogy a politik\u00e1nak ezen a ter\u00fcleten is l\u00e9pnie kell, a munkaer\u0151hi\u00e1ny enyh\u00edt\u00e9s\u00e9hez &#8222;hat\u00e9kony meg\u00e1llapod\u00e1sokat&#8221; kell k\u00f6tni \u00fagynevezett harmadik &#8211; vagyis az Eur\u00f3pai Uni\u00f3n k\u00edv\u00fcli &#8211; orsz\u00e1gokkal.(MTI)<\/p>\n","protected":false},"excerpt":{"rendered":"<p>Ism\u00e9t rosszul alakult a ny\u00e1ri betakar\u00edt\u00e1si szezon N\u00e9metorsz\u00e1gban, \u00e9s vend\u00e9gmunk\u00e1sokat is nehezen tal\u00e1ltak a gazd\u00e1k a mez\u0151gazdas\u00e1gi termel\u0151k orsz\u00e1gos sz\u00f6vets\u00e9g\u00e9nek (DBV) p\u00e9nteken k\u00f6z\u00f6lt jelent\u00e9se szerint.<\/p>\n","protected":false},"author":1001003,"featured_media":0,"comment_status":"closed","ping_status":"open","sticky":false,"template":"","format":"standard","meta":[],"categories":[12,246],"tags":[],"_links":{"self":[{"href":"https:\/\/gazdasagportal.hu\/index.php\/wp-json\/wp\/v2\/posts\/118998"}],"collection":[{"href":"https:\/\/gazdasagportal.hu\/index.php\/wp-json\/wp\/v2\/posts"}],"about":[{"href":"https:\/\/gazdasagportal.hu\/index.php\/wp-json\/wp\/v2\/types\/post"}],"author":[{"embeddable":true,"href":"https:\/\/gazdasagportal.hu\/index.php\/wp-json\/wp\/v2\/users\/1001003"}],"replies":[{"embeddable":true,"href":"https:\/\/gazdasagportal.hu\/index.php\/wp-json\/wp\/v2\/comments?post=118998"}],"version-history":[{"count":1,"href":"https:\/\/gazdasagportal.hu\/index.php\/wp-json\/wp\/v2\/posts\/118998\/revisions"}],"predecessor-version":[{"id":118999,"href":"https:\/\/gazdasagportal.hu\/index.php\/wp-json\/wp\/v2\/posts\/118998\/revisions\/118999"}],"wp:attachment":[{"href":"https:\/\/gazdasagportal.hu\/index.php\/wp-json\/wp\/v2\/media?parent=118998"}],"wp:term":[{"taxonomy":"category","embeddable":true,"href":"https:\/\/gazdasagportal.hu\/index.php\/wp-json\/wp\/v2\/categories?post=118998"},{"taxonomy":"post_tag","embeddable":true,"href":"https:\/\/gazdasagportal.hu\/index.php\/wp-json\/wp\/v2\/tags?post=118998"}],"curies":[{"name":"wp","href":"https:\/\/api.w.org\/{rel}","templated":true}]}}