{"id":118996,"date":"2019-08-24T18:21:34","date_gmt":"2019-08-24T16:21:34","guid":{"rendered":"http:\/\/gazdasagportal.hu\/?p=118996"},"modified":"2019-08-24T11:22:32","modified_gmt":"2019-08-24T09:22:32","slug":"dinnyefogyasztast-osztonzo-kampanyt-inditott-az-amc","status":"publish","type":"post","link":"https:\/\/gazdasagportal.hu\/index.php\/dinnyefogyasztast-osztonzo-kampanyt-inditott-az-amc\/","title":{"rendered":"Dinnyefogyaszt\u00e1st \u00f6szt\u00f6nz\u0151 kamp\u00e1nyt ind\u00edtott az AMC"},"content":{"rendered":"<p><strong>Dinnyefogyaszt\u00e1st \u00f6szt\u00f6nz\u0151 kamp\u00e1nyt ind\u00edtott az Agr\u00e1rmarketing Centrum (AMC), az akci\u00f3val az id\u00e9n hosszabb dinnyeszezonra szeretn\u00e9k felh\u00edvni a figyelmet.<\/strong><!--more--><\/p>\n<div class=\"ads-in-post1\"><div id=\"gazdasagportal.hu_fullbanner_wideboard\"><\/div>\r\n<\/div>\n<p>    Feldman Zsolt, az Agr\u00e1rminiszt\u00e9rium mez\u0151gazdas\u00e1g\u00e9rt felel\u0151s \u00e1llamtitk\u00e1ra a n\u00e9pszer\u0171s\u00edt\u0151 kamp\u00e1ny zam\u00e1rdi helysz\u00edn\u00e9n tartott, p\u00e9nteki sajt\u00f3t\u00e1j\u00e9koztat\u00f3n elmondta: 2019-ben v\u00e1rhat\u00f3an mintegy 180 ezer tonna lesz a hazai dinnyeterm\u00e9s.<br \/>\n    A termel\u0151k tudatos fajtav\u00e1laszt\u00e1sa miatt id\u00e9n m\u00e1r nem augusztus 10-\u00e9n, L\u0151rinc napj\u00e1n \u00e9r v\u00e9get a szezon, hanem kih\u00faz\u00f3dik szeptember v\u00e9g\u00e9ig &#8211; tette hozz\u00e1.<br \/>\n    Hangs\u00falyozta: eur\u00f3pai szinten is jelent\u0151s a magyar dinnyetermel\u00e9s, az Eur\u00f3pai Uni\u00f3ban Spanyol-, G\u00f6r\u00f6g- \u00e9s Olaszorsz\u00e1g ut\u00e1n Magyarorsz\u00e1gon terem a negyedik legt\u00f6bb dinnye.<br \/>\n    A k\u00f6zel k\u00e9tezer hazai termel\u0151 nemcsak a magyar, hanem k\u00fclf\u00f6ldi fogyaszt\u00f3kat is ell\u00e1tja kiv\u00e1l\u00f3 min\u0151s\u00e9g\u0171 term\u00e9k\u00e9vel &#8211; f\u0171zte hozz\u00e1.<br \/>\n     Azt mondta, az \u00f6t magyar dinnyetermeszt\u0151 k\u00f6rzet termel\u0151inek a meg\u00e9lhet\u00e9se a dinnye fogyaszt\u00e1s\u00e1t\u00f3l f\u00fcgg, \u00edgy az Agr\u00e1rminiszt\u00e9rium is komoly energi\u00e1t ford\u00edt arra, hogy a magyar dinnye h\u00edrnev\u00e9t er\u0151s\u00edtse. Az idei \u00e9v sz\u00e9ls\u0151s\u00e9ges id\u0151j\u00e1r\u00e1sa a dinnyetermel\u0151ket is \u00e9rintette, ennek ellen\u00e9re kiv\u00e1l\u00f3 min\u0151s\u00e9gben \u00e9s megfelel\u0151 mennyis\u00e9gben terem a magyar dinnye &#8211; jegyezte meg.<br \/>\n<div class=\"ads-in-post2\"><script async src=\"https:\/\/pagead2.googlesyndication.com\/pagead\/js\/adsbygoogle.js\"><\/script>\r\n<ins class=\"adsbygoogle\"\r\n     style=\"display:block\"\r\n     data-ad-format=\"fluid\"\r\n     data-ad-layout-key=\"-6t+ed+2i-1n-4w\"\r\n     data-ad-client=\"ca-pub-1959107119989764\"\r\n     data-ad-slot=\"4008251320\"><\/ins>\r\n<script>\r\n     (adsbygoogle = window.adsbygoogle || []).push({});\r\n<\/script><\/div>\n    Az \u00e1llamtitk\u00e1r arra biztatott, hogy a v\u00e1s\u00e1rl\u00f3k szeptember k\u00f6zep\u00e9ig ne csak a szok\u00e1soknak megfelel\u0151en v\u00e1lasszanak gy\u00fcm\u00f6lcs\u00f6t, hanem augusztus 20. ut\u00e1n is keress\u00e9k b\u00e1tran a hazai dinny\u00e9t.<br \/>\n    A zam\u00e1rdi strandfesztiv\u00e1lon augusztus 20-\u00e1n indult, k\u00f3stol\u00e1ssal \u00f6sszek\u00f6t\u00f6tt kamp\u00e1ny jelenleg h\u00e1rom helysz\u00ednen zajlik, \u00e9s a tervek szerint t\u00edz-tizen\u00f6t v\u00e1ros termel\u0151i piac\u00e1n n\u00e9pszer\u0171s\u00edtik hasonl\u00f3k\u00e9ppen a gy\u00fcm\u00f6lcs fogyaszt\u00e1s\u00e1t &#8211; mondta Ondr\u00e9 P\u00e9ter, az AMC \u00fcgyvezet\u0151je.<br \/>\n    Besz\u00e9lt arr\u00f3l, hogy az eg\u00e9szs\u00e9g\u00fcgyi vil\u00e1gszervezet aj\u00e1nl\u00e1sa szerint fejenk\u00e9nt napi 400 gramm gy\u00fcm\u00f6lcs\u00f6t kellene fogyasztani, Magyarorsz\u00e1gon ez a mennyis\u00e9g most 250 gramm; ez\u00e9rt is fontos a gy\u00fcm\u00f6lcsfogyaszt\u00e1sra felh\u00edvni a figyelmet.<br \/>\n    A dinnye melegben kiv\u00e1l\u00f3 gy\u00fcm\u00f6lcs, tartalmaz A, B, C \u00e9s E vitamint, foszfort, \u00e9s magas v\u00edztartalma miatt kiv\u00e1l\u00f3an hidrat\u00e1l &#8211; mondta.<br \/>\n    Arra is kit\u00e9rt, hogy az AMC c\u00e9lja a biztos piac megteremt\u00e9s\u00e9vel meg\u00e9lhet\u00e9st adni a magyar gazd\u00e1knak. Al\u00e1h\u00fazta, hogy a magyar dinnye ellen\u0151rz\u00f6tt \u00e9s biztons\u00e1gos \u00faton ker\u00fcl a kiskereskedelembe, \u00e9s fontos, hogy a hazai fogyaszt\u00e1s \u00f6kol\u00f3giai l\u00e1bnyoma is kisebb az import gy\u00fcm\u00f6lcsn\u00e9l.<br \/>\n    M\u00e1rtonffy B\u00e9la, a Nemzeti Agr\u00e1rgazdas\u00e1gi Kamara (NAK) Kert\u00e9szeti \u00e9s besz\u00e1ll\u00edt\u00f3 ipari oszt\u00e1ly\u00e1nak eln\u00f6ke t\u00f6bbek k\u00f6z\u00f6tt arr\u00f3l besz\u00e9lt, hogy a NAK m\u00e1sf\u00e9l \u00e9ve egy\u00fcttm\u0171k\u00f6d\u00e9si meg\u00e1llapod\u00e1st k\u00f6t\u00f6tt a dinnyetermel\u0151k egyes\u00fclet\u00e9vel, \u00e9s azt a c\u00e9lt t\u0171zt\u00e9k ki, hogy vil\u00e1gsz\u00ednvonalra emelj\u00e9k a magyar dinnyetermeszt\u00e9st.<br \/>\n    \u00daj termel\u00e9si programot \u00e1ll\u00edtottak \u00f6ssze, ennek eredm\u00e9nye, hogy a gazd\u00e1k m\u00e1r t\u00f6bb fajt\u00e1t termesztenek.<br \/>\n    A szakember eredm\u00e9nynek nevezte, hogy id\u00e9n elmaradt az \u00e1ruh\u00e1zl\u00e1ncok kor\u00e1bban \u00e9venk\u00e9nt ism\u00e9tl\u0151d\u0151 \u00e1rlet\u00f6r\u00e9se.(MTI)<\/p>\n","protected":false},"excerpt":{"rendered":"<p>Dinnyefogyaszt\u00e1st \u00f6szt\u00f6nz\u0151 kamp\u00e1nyt ind\u00edtott az Agr\u00e1rmarketing Centrum (AMC), az akci\u00f3val az id\u00e9n hosszabb dinnyeszezonra szeretn\u00e9k felh\u00edvni a figyelmet.<\/p>\n","protected":false},"author":1001003,"featured_media":0,"comment_status":"closed","ping_status":"open","sticky":false,"template":"","format":"standard","meta":[],"categories":[4],"tags":[],"_links":{"self":[{"href":"https:\/\/gazdasagportal.hu\/index.php\/wp-json\/wp\/v2\/posts\/118996"}],"collection":[{"href":"https:\/\/gazdasagportal.hu\/index.php\/wp-json\/wp\/v2\/posts"}],"about":[{"href":"https:\/\/gazdasagportal.hu\/index.php\/wp-json\/wp\/v2\/types\/post"}],"author":[{"embeddable":true,"href":"https:\/\/gazdasagportal.hu\/index.php\/wp-json\/wp\/v2\/users\/1001003"}],"replies":[{"embeddable":true,"href":"https:\/\/gazdasagportal.hu\/index.php\/wp-json\/wp\/v2\/comments?post=118996"}],"version-history":[{"count":1,"href":"https:\/\/gazdasagportal.hu\/index.php\/wp-json\/wp\/v2\/posts\/118996\/revisions"}],"predecessor-version":[{"id":118997,"href":"https:\/\/gazdasagportal.hu\/index.php\/wp-json\/wp\/v2\/posts\/118996\/revisions\/118997"}],"wp:attachment":[{"href":"https:\/\/gazdasagportal.hu\/index.php\/wp-json\/wp\/v2\/media?parent=118996"}],"wp:term":[{"taxonomy":"category","embeddable":true,"href":"https:\/\/gazdasagportal.hu\/index.php\/wp-json\/wp\/v2\/categories?post=118996"},{"taxonomy":"post_tag","embeddable":true,"href":"https:\/\/gazdasagportal.hu\/index.php\/wp-json\/wp\/v2\/tags?post=118996"}],"curies":[{"name":"wp","href":"https:\/\/api.w.org\/{rel}","templated":true}]}}