{"id":118990,"date":"2019-08-24T12:17:40","date_gmt":"2019-08-24T10:17:40","guid":{"rendered":"http:\/\/gazdasagportal.hu\/?p=118990"},"modified":"2019-08-24T11:18:27","modified_gmt":"2019-08-24T09:18:27","slug":"hivatalos-bejelentes-nem-talaltak-sugarzasszint-emelkedest-az-arhangelszki-orvosoknal","status":"publish","type":"post","link":"https:\/\/gazdasagportal.hu\/index.php\/hivatalos-bejelentes-nem-talaltak-sugarzasszint-emelkedest-az-arhangelszki-orvosoknal\/","title":{"rendered":"Hivatalos bejelent\u00e9s: nem tal\u00e1ltak sug\u00e1rz\u00e1sszint-emelked\u00e9st az arhangelszki orvosokn\u00e1l"},"content":{"rendered":"<p><strong>Nem tal\u00e1ltak sug\u00e1rz\u00e1sszint-emelked\u00e9st a moszkvai szakemberek \u00e1ltal elv\u00e9gzett vizsg\u00e1latok azoknak az arhangelszki orvosoknak szervezet\u00e9ben, akik seg\u00edtettek az augusztus 8-\u00e1n Nyonoksza k\u00f6zs\u00e9g k\u00f6zel\u00e9ben t\u00f6rt\u00e9nt, a nukle\u00e1ris h\u00e1tt\u00e9rsug\u00e1rz\u00e1s \u00e1tmeneti megugr\u00e1s\u00e1val j\u00e1r\u00f3 fegyverk\u00eds\u00e9rlet-baleset k\u00f6vetkezm\u00e9nyeinek felsz\u00e1mol\u00e1s\u00e1ban &#8211; k\u00f6z\u00f6lte p\u00e9nteken az Arhangelszk megyei \u00f6nkorm\u00e1nyzat sajt\u00f3szolg\u00e1lata.<\/strong><!--more--><\/p>\n<div class=\"ads-in-post1\"><div id=\"gazdasagportal.hu_fullbanner_wideboard\"><\/div>\r\n<\/div>\n<p>    \u00d6sszesen 110 eg\u00e9szs\u00e9g\u00fcgyi dolgoz\u00f3 &#8211; orvosok, szak\u00e9rt\u0151k, g\u00e9pkocsivezet\u0151k, pil\u00f3t\u00e1k \u00e9s m\u00e1s foglakoz\u00e1sbeliek &#8211; esett \u00e1t a sz\u0171r\u00e9sen, amely sem ruh\u00e1n, sem testfel\u00fcleten nem tal\u00e1lt nukle\u00e1ris szennyez\u0151d\u00e9st, mint ahogy radionulkid-be\u00e9p\u00fcl\u00e9st sem. A t\u00e1j\u00e9koztat\u00e1s szerint egy ember izomsz\u00f6vet\u00e9ben k\u00fcsz\u00f6b\u00e9rt\u00e9k alatti c\u00e9zium-137-es izot\u00f3pot mutattak ki, ami azonban a vizsg\u00e1latot elv\u00e9gz\u0151 specialist\u00e1k szerint nem f\u00fcgg \u00f6ssze a baleset k\u00f6vetkezm\u00e9nyeinek felsz\u00e1mol\u00e1s\u00e1val. A magyar\u00e1zat szerint ez az anyag halakban, gomb\u00e1ban \u00e9s alg\u00e1ban halmoz\u00f3dhat fel, \u00e9s \u00e9tkez\u00e9s \u00fatj\u00e1n ker\u00fclhetett be a szervezetbe.<br \/>\n    Az eg\u00e9szs\u00e9g\u00fcgyi dolgoz\u00f3k k\u00f6z\u00fcl h\u00faszat az Avetik Burnazjan nev\u00e9t visel\u0151 f\u0151v\u00e1rosi Sz\u00f6vets\u00e9gi Orvosi Biofozikia K\u00f6zpontban, a t\u00f6bbieket pedig ugyanennek az int\u00e9zm\u00e9nynek a szakemberei egy Arhangelszkbe telep\u00edtett mobil laborat\u00f3riumban vizsg\u00e1lt\u00e1k ki.<br \/>\n    Kor\u00e1bban a The Moscow Times c\u00edm\u0171 angol nyelv\u0171 orosz lap, az ellenz\u00e9ki Novaja Gazeta \u00e9s a BBC orosz nyelv\u0171 szolg\u00e1lat\u00e1nak h\u00edrport\u00e1lja n\u00e9vtelen arhangelszki k\u00f3rh\u00e1zi forr\u00e1sokra hivatkozva azt \u00e1ll\u00edtotta, az \u00e9szak-oroszorsz\u00e1gi nagyv\u00e1rosban m\u0171k\u00f6d\u0151 megyei k\u00f3rh\u00e1z orvosait nem figyelmeztett\u00e9k, hogy h\u00e1rom olyan p\u00e1cienst kell megvizsg\u00e1lniuk, akik Szeverodvinszk k\u00f6zel\u00e9ben sug\u00e1rfert\u0151z\u00e9st kaptak.<br \/>\n    Dmitrij Peszkov, a Kreml sz\u00f3viv\u0151je cs\u00fct\u00f6rt\u00f6k\u00f6n ezzel kapcsolatban az \u00e9rintett orvosok neves\u00edt\u00e9s\u00e9t s\u00fcrgette \u00e9s hangot adott gyan\u00faj\u00e1nak, miszerint az \u00fcgyben sz\u00e1nd\u00e9kos hangulatkelt\u00e9s folyik. Azt mondta, hogy Putyin konkr\u00e9t \u00e9s megb\u00edzhat\u00f3 t\u00e1j\u00e9koztat\u00e1st kap ezekr\u0151l a k\u00e9rd\u00e9sekr\u0151l, amely pedig nem ad alapot arra, hogy elhiggye ezt az inform\u00e1ci\u00f3t.<br \/>\n<div class=\"ads-in-post2\"><script async src=\"https:\/\/pagead2.googlesyndication.com\/pagead\/js\/adsbygoogle.js\"><\/script>\r\n<ins class=\"adsbygoogle\"\r\n     style=\"display:block\"\r\n     data-ad-format=\"fluid\"\r\n     data-ad-layout-key=\"-6t+ed+2i-1n-4w\"\r\n     data-ad-client=\"ca-pub-1959107119989764\"\r\n     data-ad-slot=\"4008251320\"><\/ins>\r\n<script>\r\n     (adsbygoogle = window.adsbygoogle || []).push({});\r\n<\/script><\/div>\n    A The Moscow Times online kiad\u00e1s\u00e1ban p\u00e9nteken azt \u00edrta, hogy az esetet Igor Szjomin sz\u00edv\u00e9rseb\u00e9sz t\u00e1rgyalta a VKontaktye k\u00f6z\u00f6ss\u00e9gi port\u00e1lon augusztus 14-\u00e9n k\u00f6zz\u00e9tett bejegyz\u00e9s\u00e9ben. A lap szerint Szjomin ezt nem k\u00edv\u00e1nta komment\u00e1lni. Az orvos k\u00e9t k\u00f3rh\u00e1zi forr\u00e1s szerint \u00fcgyelt augusztus 8-\u00e1n, de a baleset s\u00e9r\u00fcltjeinek kezel\u00e9s\u00e9hez nem volt k\u00f6ze.<br \/>\n     A Roszatom orosz \u00e1llami atomenergia-v\u00e1llalat eredetileg azt k\u00f6z\u00f6lte, hogy augusztus 8-\u00e1n egy tengeri platformon elv\u00e9gzett fegyverk\u00eds\u00e9rlet k\u00f6zben robban\u00e1s t\u00f6rt\u00e9nt az \u00e9szaki Arhangelszk megy\u00e9ben, Szeverodvinszk v\u00e1rost\u00f3l mintegy 40 kilom\u00e9terre, Nyonoksza k\u00f6zs\u00e9g k\u00f6zel\u00e9ben. Az atomenergetikai v\u00e1llalat \u00f6t, az orosz v\u00e9delmi miniszt\u00e9rium pedig k\u00e9t alkalmazottj\u00e1nak hal\u00e1l\u00e1r\u00f3l tett bejelent\u00e9st. Tov\u00e1bbi h\u00e1rom ember megs\u00e9r\u00fclt.<br \/>\n     A Roszatom szerint szakemberei a &#8222;rak\u00e9ta r\u00e9sz\u00e9t k\u00e9pez\u0151 radioizot\u00f3p energiaforr\u00e1ssal kapcsolatos tev\u00e9kenys\u00e9get folytattak&#8221; a deton\u00e1ci\u00f3 idej\u00e9n, amely a Feh\u00e9r-tengerbe vetette \u0151ket. A v\u00e9delmi miniszt\u00e9rium azt \u00e1ll\u00edtotta, hogy a Roszatom szakemberei egy foly\u00e9kony \u00fczemanyag\u00fa reakt\u00edv hajt\u00f3m\u0171v\u00f6n dolgoztak, \u00e9s a gyullad\u00e1s pillanat\u00e1ban az izot\u00f3p energiaforr\u00e1sokat ellen\u0151rizt\u00e9k.<br \/>\n     Vjacseszlav Szolovjov, a Szarovban m\u0171k\u00f6d\u0151 Oroszorsz\u00e1gi Sz\u00f6vets\u00e9gi Nukle\u00e1ris K\u00f6zpont &#8211; K\u00eds\u00e9rleti Fizikai \u00d6sszoroszorsz\u00e1gi Tudom\u00e1nyos Kutat\u00f3int\u00e9zet tudom\u00e1nyos vezet\u0151je kijelentette, hogy a tud\u00f3sok a v\u00e9delmi t\u00e1rca sz\u00e1m\u00e1ra v\u00e9geztek fejleszt\u00e9seket, amelyek egyike a radioakt\u00edv hasad\u00f3anyagokat haszn\u00e1l\u00f3 kism\u00e9ter\u0171 energiaforr\u00e1sok kifejleszt\u00e9se.<br \/>\n     Az orosz hidrometeorol\u00f3giai szolg\u00e1lat (Roszgidromet) azt \u00e1ll\u00edtotta, hogy a balesetet k\u00f6vet\u0151en r\u00f6vid id\u0151re 4-16-szoros\u00e1ra n\u0151tt a gammasug\u00e1rz\u00e1s Arhangelszk megy\u00e9ben. Az augusztus 8-\u00e1n m\u00e9rt maxim\u00e1lis \u00e9rt\u00e9k \u00f3r\u00e1nk\u00e9nt 1,78 mikrosievert volt, az \u00f3r\u00e1nk\u00e9nt 0,11 mikrosievertes \u00e1tlagos norm\u00e1l h\u00e1tt\u00e9rsug\u00e1rz\u00e1s helyett.<br \/>\n    Vlagyimr Putyin orosz eln\u00f6k a finn hivatali partner\u00e9vel, Sauli Niinist\u00f6vel szerd\u00e1n Helsinkiben k\u00f6z\u00f6sen megtartott sajt\u00f3\u00e9rtekezleten meger\u0151s\u00edtette, hogy a szerencs\u00e9tlens\u00e9g fegyverk\u00eds\u00e9rlet sor\u00e1n t\u00f6rt\u00e9nt, err\u0151l azonban nem k\u00f6z\u00f6lt r\u00e9szleteket. Mint mondta, a h\u00e1tt\u00e9rsug\u00e1rz\u00e1s m\u00e9rt\u00e9ke norm\u00e1lis szintre cs\u00f6kkent az incidenst k\u00f6vet\u0151en, emelked\u00e9st a szomsz\u00e9dos orsz\u00e1gok sem regisztr\u00e1ltak.<br \/>\n    Az \u00c1tfog\u00f3 Atomcsend Szerz\u0151d\u00e9s Szervezet\u00e9t\u00e9nek (CTBTO) a h\u00e9ten nyilv\u00e1noss\u00e1gra ker\u00fclt k\u00f6zl\u00e9seib\u0151l kider\u00fclt, hogy a balesetet k\u00f6vet\u0151en h\u00e1tt\u00e9rsug\u00e1rz\u00e1st m\u00e9r\u0151 n\u00e9gy orosz \u00e1llm\u00e1s megszak\u00edtotta az adatszolg\u00e1ltat\u00e1st, k\u00e9s\u0151bb kett\u0151 helyre\u00e1ll\u00edtotta. Az orosz hivatalos szervek ellentmond\u00e1sos kommunik\u00e1ci\u00f3ja sok helyen nyugtalans\u00e1got keltett.<br \/>\n    Peszkov ezzel kapcsolatban p\u00e9nteken azt mondta, hogy egy csernobili t\u00edpus\u00fa balesetet a gyors \u00e9s t\u00f6bb forr\u00e1sb\u00f3l sz\u00e1rmaz\u00f3 inform\u00e1ci\u00f3\u00e1raml\u00e1s miatt lehetetlen lenne elhallgatni. Szergej Ivanov, Putyin k\u00f6rnyezetv\u00e9delmi tan\u00e1csad\u00f3ja &#8222;egyszer\u0171en ostobas\u00e1gnak&#8221; nevezte az augusztus 8-\u00e1n t\u00f6rt\u00e9ntek \u00e9s az 1986-ban t\u00f6rt\u00e9nt nukle\u00e1ris katasztr\u00f3fa k\u00f6z\u00f6tti p\u00e1rhuzamokat.<br \/>\n    A Reuters h\u00edr\u00fcgyn\u00f6ks\u00e9g a nukle\u00e1ris k\u00eds\u00e9rletek tilalm\u00e1nak betart\u00e1s\u00e1t fel\u00fcgyel\u0151 a norv\u00e9g NORSAR int\u00e9zetre hivatkozva p\u00e9nteken azt k\u00f6z\u00f6lte, hogy Arhangelszk megy\u00e9ben a baleset napj\u00e1n k\u00e9t robban\u00e1s t\u00f6rt\u00e9nt k\u00e9t \u00f3r\u00e1s id\u0151k\u00fcl\u00f6nbs\u00e9ggel: az els\u0151 a f\u00f6ld\u00f6n, a m\u00e1sodik, amely a h\u00e1tt\u00e9rsug\u00e1rz\u00e1s megugr\u00e1s\u00e1t eredm\u00e9nyezhette, a leveg\u0151ben. A jelent\u00e9s szerint egy radioakt\u00edv \u00fczemanyaggal m\u0171k\u00f6d\u0151 rak\u00e9ta robbanhatott fel.<br \/>\n    Igor Orlov a r\u00e9gi\u00f3 korm\u00e1nyz\u00f3ja az Interfax h\u00edr\u00fcgyn\u00f6ks\u00e9gnek nyilatkozva val\u00f3tlannak \u00e9s &#8222;dezinform\u00e1ci\u00f3nak&#8221; nevezte a m\u00e1sodik deton\u00e1ci\u00f3r\u00f3l sz\u00f3l\u00f3 k\u00f6zl\u00e9st.(MTI)<\/p>\n","protected":false},"excerpt":{"rendered":"<p>Nem tal\u00e1ltak sug\u00e1rz\u00e1sszint-emelked\u00e9st a moszkvai szakemberek \u00e1ltal elv\u00e9gzett vizsg\u00e1latok azoknak az arhangelszki orvosoknak szervezet\u00e9ben, akik seg\u00edtettek az augusztus 8-\u00e1n Nyonoksza k\u00f6zs\u00e9g k\u00f6zel\u00e9ben t\u00f6rt\u00e9nt, a nukle\u00e1ris h\u00e1tt\u00e9rsug\u00e1rz\u00e1s \u00e1tmeneti megugr\u00e1s\u00e1val j\u00e1r\u00f3 fegyverk\u00eds\u00e9rlet-baleset k\u00f6vetkezm\u00e9nyeinek felsz\u00e1mol\u00e1s\u00e1ban &#8211; k\u00f6z\u00f6lte p\u00e9nteken az Arhangelszk megyei \u00f6nkorm\u00e1nyzat sajt\u00f3szolg\u00e1lata.<\/p>\n","protected":false},"author":1001003,"featured_media":0,"comment_status":"closed","ping_status":"open","sticky":false,"template":"","format":"standard","meta":[],"categories":[12],"tags":[],"_links":{"self":[{"href":"https:\/\/gazdasagportal.hu\/index.php\/wp-json\/wp\/v2\/posts\/118990"}],"collection":[{"href":"https:\/\/gazdasagportal.hu\/index.php\/wp-json\/wp\/v2\/posts"}],"about":[{"href":"https:\/\/gazdasagportal.hu\/index.php\/wp-json\/wp\/v2\/types\/post"}],"author":[{"embeddable":true,"href":"https:\/\/gazdasagportal.hu\/index.php\/wp-json\/wp\/v2\/users\/1001003"}],"replies":[{"embeddable":true,"href":"https:\/\/gazdasagportal.hu\/index.php\/wp-json\/wp\/v2\/comments?post=118990"}],"version-history":[{"count":1,"href":"https:\/\/gazdasagportal.hu\/index.php\/wp-json\/wp\/v2\/posts\/118990\/revisions"}],"predecessor-version":[{"id":118991,"href":"https:\/\/gazdasagportal.hu\/index.php\/wp-json\/wp\/v2\/posts\/118990\/revisions\/118991"}],"wp:attachment":[{"href":"https:\/\/gazdasagportal.hu\/index.php\/wp-json\/wp\/v2\/media?parent=118990"}],"wp:term":[{"taxonomy":"category","embeddable":true,"href":"https:\/\/gazdasagportal.hu\/index.php\/wp-json\/wp\/v2\/categories?post=118990"},{"taxonomy":"post_tag","embeddable":true,"href":"https:\/\/gazdasagportal.hu\/index.php\/wp-json\/wp\/v2\/tags?post=118990"}],"curies":[{"name":"wp","href":"https:\/\/api.w.org\/{rel}","templated":true}]}}