{"id":118986,"date":"2019-08-24T13:14:23","date_gmt":"2019-08-24T11:14:23","guid":{"rendered":"http:\/\/gazdasagportal.hu\/?p=118986"},"modified":"2019-08-24T11:15:19","modified_gmt":"2019-08-24T09:15:19","slug":"nemetorszagban-a-szolidaritasi-ado-kivezetesevel-nohetnek-a-fizetesek","status":"publish","type":"post","link":"https:\/\/gazdasagportal.hu\/index.php\/nemetorszagban-a-szolidaritasi-ado-kivezetesevel-nohetnek-a-fizetesek\/","title":{"rendered":"N\u00e9metorsz\u00e1gban a szolidarit\u00e1si ad\u00f3 kivezet\u00e9s\u00e9vel n\u0151hetnek a fizet\u00e9sek"},"content":{"rendered":"<p><strong>A n\u00e9metek fizet\u00e9se 5,5 sz\u00e1zal\u00e9kkal lehet t\u00f6bb, ha megt\u00f6rt\u00e9nik a keleti tartom\u00e1nyok felz\u00e1rk\u00f3ztat\u00e1s\u00e1t \u00e1tfog\u00f3an rendez\u0151 szolidarit\u00e1si ad\u00f3 2021-re tervezett kivezet\u00e9se &#8211; mondta a XXI. Sz\u00e1zad Int\u00e9zet region\u00e1lis igazgat\u00f3ja szombaton az M1 aktu\u00e1lis csatorn\u00e1n.<\/strong><!--more--><\/p>\n<div class=\"ads-in-post1\"><div id=\"gazdasagportal.hu_fullbanner_wideboard\"><\/div>\r\n<\/div>\n<p>    Ez a k\u00f6zteher \u00e9vente nagyj\u00e1b\u00f3l 20 milli\u00e1rd eur\u00f3 ad\u00f3bev\u00e9telt jelent a sz\u00f6vets\u00e9gi \u00e1llamnak, ebb\u0151l az utols\u00f3 \u00e9ves adatok szerint csup\u00e1n 4 milli\u00e1rdot k\u00f6lt\u00f6ttek a keleti tartom\u00e1nyok fejleszt\u00e9sekre &#8211; k\u00f6z\u00f6lte Kiszelly Zolt\u00e1n.<br \/>\n    Megjegyezte, a n\u00e9met emberek azt v\u00e1rj\u00e1k, hogy t\u00f6bb p\u00e9nz\u00fck lesz, de a p\u00e1rtok fel\u0151l m\u00e1r t\u00f6bb javaslat is \u00e9rkezett ad\u00f3k emel\u00e9s\u00e9re, illetve \u00fajak bevezet\u00e9s\u00e9re.(MTI)<br \/>\n<div class=\"ads-in-post2\"><script async src=\"https:\/\/pagead2.googlesyndication.com\/pagead\/js\/adsbygoogle.js\"><\/script>\r\n<ins class=\"adsbygoogle\"\r\n     style=\"display:block\"\r\n     data-ad-format=\"fluid\"\r\n     data-ad-layout-key=\"-6t+ed+2i-1n-4w\"\r\n     data-ad-client=\"ca-pub-1959107119989764\"\r\n     data-ad-slot=\"4008251320\"><\/ins>\r\n<script>\r\n     (adsbygoogle = window.adsbygoogle || []).push({});\r\n<\/script><\/div>\n","protected":false},"excerpt":{"rendered":"<p>A n\u00e9metek fizet\u00e9se 5,5 sz\u00e1zal\u00e9kkal lehet t\u00f6bb, ha megt\u00f6rt\u00e9nik a keleti tartom\u00e1nyok felz\u00e1rk\u00f3ztat\u00e1s\u00e1t \u00e1tfog\u00f3an rendez\u0151 szolidarit\u00e1si ad\u00f3 2021-re tervezett kivezet\u00e9se &#8211; mondta a XXI. Sz\u00e1zad Int\u00e9zet region\u00e1lis igazgat\u00f3ja szombaton az M1 aktu\u00e1lis csatorn\u00e1n.<\/p>\n","protected":false},"author":1001003,"featured_media":0,"comment_status":"closed","ping_status":"open","sticky":false,"template":"","format":"standard","meta":[],"categories":[12,246],"tags":[],"_links":{"self":[{"href":"https:\/\/gazdasagportal.hu\/index.php\/wp-json\/wp\/v2\/posts\/118986"}],"collection":[{"href":"https:\/\/gazdasagportal.hu\/index.php\/wp-json\/wp\/v2\/posts"}],"about":[{"href":"https:\/\/gazdasagportal.hu\/index.php\/wp-json\/wp\/v2\/types\/post"}],"author":[{"embeddable":true,"href":"https:\/\/gazdasagportal.hu\/index.php\/wp-json\/wp\/v2\/users\/1001003"}],"replies":[{"embeddable":true,"href":"https:\/\/gazdasagportal.hu\/index.php\/wp-json\/wp\/v2\/comments?post=118986"}],"version-history":[{"count":1,"href":"https:\/\/gazdasagportal.hu\/index.php\/wp-json\/wp\/v2\/posts\/118986\/revisions"}],"predecessor-version":[{"id":118987,"href":"https:\/\/gazdasagportal.hu\/index.php\/wp-json\/wp\/v2\/posts\/118986\/revisions\/118987"}],"wp:attachment":[{"href":"https:\/\/gazdasagportal.hu\/index.php\/wp-json\/wp\/v2\/media?parent=118986"}],"wp:term":[{"taxonomy":"category","embeddable":true,"href":"https:\/\/gazdasagportal.hu\/index.php\/wp-json\/wp\/v2\/categories?post=118986"},{"taxonomy":"post_tag","embeddable":true,"href":"https:\/\/gazdasagportal.hu\/index.php\/wp-json\/wp\/v2\/tags?post=118986"}],"curies":[{"name":"wp","href":"https:\/\/api.w.org\/{rel}","templated":true}]}}