{"id":118984,"date":"2019-08-24T11:13:37","date_gmt":"2019-08-24T09:13:37","guid":{"rendered":"http:\/\/gazdasagportal.hu\/?p=118984"},"modified":"2019-08-24T11:13:37","modified_gmt":"2019-08-24T09:13:37","slug":"zivatarveszely-miatt-az-egesz-orszagra-figyelmeztetest-adott-ki-az-omsz","status":"publish","type":"post","link":"https:\/\/gazdasagportal.hu\/index.php\/zivatarveszely-miatt-az-egesz-orszagra-figyelmeztetest-adott-ki-az-omsz\/","title":{"rendered":"Zivatarvesz\u00e9ly miatt az eg\u00e9sz orsz\u00e1gra figyelmeztet\u00e9st adott ki az OMSZ"},"content":{"rendered":"<p><strong>Zivatarvesz\u00e9ly miatt az eg\u00e9sz orsz\u00e1gra els\u0151fok\u00fa figyelmeztet\u00e9st adott ki szombatra \u00e9s vas\u00e1rnapra az Orsz\u00e1gos Meteorol\u00f3giai Szolg\u00e1lat.<\/strong><!--more--><\/p>\n<div class=\"ads-in-post1\"><div id=\"gazdasagportal.hu_fullbanner_wideboard\"><\/div>\r\n<\/div>\n<p>Emellett Hajd\u00fa-Bihar, B\u00e9k\u00e9s \u00e9s Csongr\u00e1d megy\u00e9re a h\u0151s\u00e9g miatt is els\u0151fok\u00fa figyelmeztet\u00e9s van \u00e9rv\u00e9nyben.<br \/>\nAz MTI-hez szombaton eljuttatott vesz\u00e9lyjelz\u00e9s\u00fckben azt \u00edrt\u00e1k: a napi k\u00f6z\u00e9ph\u0151m\u00e9rs\u00e9klet d\u00e9lkeleten 25 fok k\u00f6r\u00fcl alakul. A legmagasabb nappali h\u0151m\u00e9rs\u00e9klet 27 \u00e9s 34 fok k\u00f6z\u00f6tt val\u00f3sz\u00edn\u0171, k\u00e9s\u0151 est\u00e9re \u00e1ltal\u00e1ban 21 \u00e9s 28 fok k\u00f6z\u00e9 h\u0171l le a leveg\u0151.<br \/>\nK\u00f6z\u00f6lt\u00e9k tov\u00e1bb\u00e1, hogy elsz\u00f3rtan v\u00e1rhat\u00f3ak zivatarok, ezeket n\u00e9hol viharos sz\u00e9l \u00e9s lok\u00e1lisan jelent\u0151s mennyis\u00e9g\u0171 csapad\u00e9k, illetve j\u00e9ges\u0151 k\u00eds\u00e9rheti.(MTI)<br \/>\n<div class=\"ads-in-post2\"><script async src=\"https:\/\/pagead2.googlesyndication.com\/pagead\/js\/adsbygoogle.js\"><\/script>\r\n<ins class=\"adsbygoogle\"\r\n     style=\"display:block\"\r\n     data-ad-format=\"fluid\"\r\n     data-ad-layout-key=\"-6t+ed+2i-1n-4w\"\r\n     data-ad-client=\"ca-pub-1959107119989764\"\r\n     data-ad-slot=\"4008251320\"><\/ins>\r\n<script>\r\n     (adsbygoogle = window.adsbygoogle || []).push({});\r\n<\/script><\/div>\n<p>&nbsp;<\/p>\n","protected":false},"excerpt":{"rendered":"<p>Zivatarvesz\u00e9ly miatt az eg\u00e9sz orsz\u00e1gra els\u0151fok\u00fa figyelmeztet\u00e9st adott ki szombatra \u00e9s vas\u00e1rnapra az Orsz\u00e1gos Meteorol\u00f3giai Szolg\u00e1lat.<\/p>\n","protected":false},"author":1001003,"featured_media":0,"comment_status":"closed","ping_status":"open","sticky":false,"template":"","format":"standard","meta":[],"categories":[4],"tags":[],"_links":{"self":[{"href":"https:\/\/gazdasagportal.hu\/index.php\/wp-json\/wp\/v2\/posts\/118984"}],"collection":[{"href":"https:\/\/gazdasagportal.hu\/index.php\/wp-json\/wp\/v2\/posts"}],"about":[{"href":"https:\/\/gazdasagportal.hu\/index.php\/wp-json\/wp\/v2\/types\/post"}],"author":[{"embeddable":true,"href":"https:\/\/gazdasagportal.hu\/index.php\/wp-json\/wp\/v2\/users\/1001003"}],"replies":[{"embeddable":true,"href":"https:\/\/gazdasagportal.hu\/index.php\/wp-json\/wp\/v2\/comments?post=118984"}],"version-history":[{"count":1,"href":"https:\/\/gazdasagportal.hu\/index.php\/wp-json\/wp\/v2\/posts\/118984\/revisions"}],"predecessor-version":[{"id":118985,"href":"https:\/\/gazdasagportal.hu\/index.php\/wp-json\/wp\/v2\/posts\/118984\/revisions\/118985"}],"wp:attachment":[{"href":"https:\/\/gazdasagportal.hu\/index.php\/wp-json\/wp\/v2\/media?parent=118984"}],"wp:term":[{"taxonomy":"category","embeddable":true,"href":"https:\/\/gazdasagportal.hu\/index.php\/wp-json\/wp\/v2\/categories?post=118984"},{"taxonomy":"post_tag","embeddable":true,"href":"https:\/\/gazdasagportal.hu\/index.php\/wp-json\/wp\/v2\/tags?post=118984"}],"curies":[{"name":"wp","href":"https:\/\/api.w.org\/{rel}","templated":true}]}}