{"id":118981,"date":"2019-08-24T09:18:23","date_gmt":"2019-08-24T07:18:23","guid":{"rendered":"http:\/\/gazdasagportal.hu\/?p=118981"},"modified":"2019-08-24T09:19:43","modified_gmt":"2019-08-24T07:19:43","slug":"donald-trump-megemeli-a-kinai-importcikkekre-kivetett-vamokat","status":"publish","type":"post","link":"https:\/\/gazdasagportal.hu\/index.php\/donald-trump-megemeli-a-kinai-importcikkekre-kivetett-vamokat\/","title":{"rendered":"Donald Trump megemeli a k\u00ednai importcikkekre kivetett v\u00e1mokat"},"content":{"rendered":"<p><strong>Donald Trump amerikai eln\u00f6k p\u00e9nteken a Twitteren bejelentette, hogy megemeli a k\u00ednai importra kivetett v\u00e1mokat.<\/strong><!--more--><\/p>\n<div class=\"ads-in-post1\"><div id=\"gazdasagportal.hu_fullbanner_wideboard\"><\/div>\r\n<\/div>\n<p>Az \u00e1llamf\u0151 p\u00e1r \u00f3r\u00e1val kor\u00e1bban m\u00e1r &#8222;er\u0151teljes v\u00e1laszt&#8221; \u00edg\u00e9rt az \u00faj k\u00ednai p\u00f3tv\u00e1mokra.<br \/>\nMikroblogbejegyz\u00e9seiben Trump tudatta: 250 milli\u00e1rd doll\u00e1r \u00e9rt\u00e9k\u0171 k\u00ednai \u00e1rucikkekre a v\u00e1mot a jelenlegi 25 sz\u00e1zal\u00e9kr\u00f3l 30-ra emeli, a szeptemberre tervezett 300 milli\u00e1rd doll\u00e1r \u00e9rt\u00e9k\u0171 \u00e1rura kirovand\u00f3t pedig 10-r\u0151l 15 sz\u00e1zal\u00e9kra sr\u00f3folja. Elemz\u0151k szerint ezzel csaknem valamennyi k\u00ednai importport\u00e9ka v\u00e1mt\u00e9tel\u00e9t megemeli.<br \/>\nA d\u00f6nt\u00e9st az amerikai eln\u00f6k azt k\u00f6vet\u0151en hozta nyilv\u00e1noss\u00e1gra, hogy megbesz\u00e9l\u00e9st folytatott gazdas\u00e1gi \u00e9s kereskedelmi tan\u00e1csad\u00f3ival.<br \/>\nDonald Trump p\u00e9nteken egy sor Twitter-\u00fczenetben m\u00e1r jelezte, hogy m\u00e9g a nap folyam\u00e1n v\u00e1laszol Peking d\u00f6nt\u00e9s\u00e9re, miszerint a k\u00ednai korm\u00e1ny 75 milli\u00e1rd doll\u00e1r \u00e9rt\u00e9k\u0171 amerikai import\u00e1rura 5-10 sz\u00e1zal\u00e9kos p\u00f3tv\u00e1mot vet ki.<\/p>\n<p>&nbsp;<\/p><div id=\"gazda-3464363559\" class=\"gazda-tartalomban gazda-entity-placement\"><script async src=\"https:\/\/pagead2.googlesyndication.com\/pagead\/js\/adsbygoogle.js\"><\/script>\r\n<ins class=\"adsbygoogle\"\r\n     style=\"display:block\"\r\n     data-ad-format=\"fluid\"\r\n     data-ad-layout-key=\"-6t+ed+2i-1n-4w\"\r\n     data-ad-client=\"ca-pub-1959107119989764\"\r\n     data-ad-slot=\"4008251320\"><\/ins>\r\n<script>\r\n     (adsbygoogle = window.adsbygoogle || []).push({});\r\n<\/script><\/div>\n<blockquote>\n<h3>&#8222;Nincs sz\u00fcks\u00e9g\u00fcnk K\u00edn\u00e1ra, \u0151szint\u00e9n sz\u00f3lva, sokkal jobban megvagyunk n\u00e9lk\u00fcle&#8221;<\/h3>\n<\/blockquote>\n<p>&#8211; \u00edrta m\u00e9g a helyi id\u0151 szerint p\u00e9ntek d\u00e9lel\u0151tti Twitter-bejegyz\u00e9s\u00e9ben Trump. Akkor egyben bejelentette: felsz\u00f3l\u00edtotta az amerikai c\u00e9geket, hogy kezdj\u00e9k el felkutatni a k\u00ednai piac alternat\u00edv\u00e1j\u00e1t, s\u0151t, hozz\u00e1k vissza az Egyes\u00fclt \u00c1llamokba a K\u00edn\u00e1ba kiszervezett termel\u00e9st. K\u00f6z\u00f6lte azt is: utas\u00edtja a sz\u00e1ll\u00edt\u00e1ssal foglalkoz\u00f3 v\u00e1llalatokat, k\u00f6zt\u00fck a FedExet, az Amazont, az amerikai postai szolg\u00e1ltat\u00f3t (UPS) is, hogy \u00e1ll\u00edts\u00e1k le a K\u00edn\u00e1b\u00f3l \u00e9rkez\u0151 szintetikus f\u00e1jdalomcsillap\u00edt\u00f3 k\u00e1b\u00edt\u00f3szer, a fentanyl Amerik\u00e1ba sz\u00e1ll\u00edt\u00e1s\u00e1t.<br \/>\n<div class=\"ads-in-post2\"><script async src=\"https:\/\/pagead2.googlesyndication.com\/pagead\/js\/adsbygoogle.js\"><\/script>\r\n<ins class=\"adsbygoogle\"\r\n     style=\"display:block\"\r\n     data-ad-format=\"fluid\"\r\n     data-ad-layout-key=\"-6t+ed+2i-1n-4w\"\r\n     data-ad-client=\"ca-pub-1959107119989764\"\r\n     data-ad-slot=\"4008251320\"><\/ins>\r\n<script>\r\n     (adsbygoogle = window.adsbygoogle || []).push({});\r\n<\/script><\/div>\nA v\u00e1llalatokra vonatkoz\u00f3 d\u00f6nt\u00e9s\u00e9t az \u00e9rintettek elutas\u00edtott\u00e1k. Az amerikai Kereskedelmi Kamara p\u00e9ntek d\u00e9lut\u00e1n k\u00f6zlem\u00e9nyt adott ki, amelyben Myron Brilliant, a Kamara aleln\u00f6ke lesz\u00f6gezte: &#8222;mik\u00f6zben \u00e9rtj\u00fck az eln\u00f6k csal\u00f3dotts\u00e1g\u00e1t, v\u00e9lem\u00e9ny\u00fcnk szerint a folyamatos \u00e9s konstrukt\u00edv elk\u00f6telezetts\u00e9g a helyes \u00fat&#8221;. Hangs\u00falyozta azt is: &#8222;nem akarjuk az amerikai-k\u00ednai viszony tov\u00e1bbi roml\u00e1s\u00e1t&#8221;.<br \/>\nElemz\u0151k \u00e9s egyes republik\u00e1nus politikusok szerint sem vil\u00e1gos, hogy az amerikai eln\u00f6k milyen felhatalmaz\u00e1s alapj\u00e1n utas\u00edthatn\u00e1 orsz\u00e1ga mag\u00e1nv\u00e1llalatait piaci tev\u00e9kenys\u00e9g\u00fck megv\u00e1ltoztat\u00e1s\u00e1ra. Lindsey Graham d\u00e9l-karolinai republik\u00e1nus szen\u00e1tor &#8211; Donald Trump egyik szoros sz\u00f6vets\u00e9gese &#8211; p\u00e9ld\u00e1ul \u00fagy nyilatkozott: Trump &#8222;nem parancsolgathat b\u00e1rkinek, \u00e9s ezzel nagyon is tiszt\u00e1ban van&#8221;.(MTI)<\/p>\n","protected":false},"excerpt":{"rendered":"<p>Donald Trump amerikai eln\u00f6k p\u00e9nteken a Twitteren bejelentette, hogy megemeli a k\u00ednai importra kivetett v\u00e1mokat.<\/p>\n","protected":false},"author":1001003,"featured_media":74667,"comment_status":"closed","ping_status":"open","sticky":false,"template":"","format":"standard","meta":[],"categories":[146,13,14,246],"tags":[],"_links":{"self":[{"href":"https:\/\/gazdasagportal.hu\/index.php\/wp-json\/wp\/v2\/posts\/118981"}],"collection":[{"href":"https:\/\/gazdasagportal.hu\/index.php\/wp-json\/wp\/v2\/posts"}],"about":[{"href":"https:\/\/gazdasagportal.hu\/index.php\/wp-json\/wp\/v2\/types\/post"}],"author":[{"embeddable":true,"href":"https:\/\/gazdasagportal.hu\/index.php\/wp-json\/wp\/v2\/users\/1001003"}],"replies":[{"embeddable":true,"href":"https:\/\/gazdasagportal.hu\/index.php\/wp-json\/wp\/v2\/comments?post=118981"}],"version-history":[{"count":2,"href":"https:\/\/gazdasagportal.hu\/index.php\/wp-json\/wp\/v2\/posts\/118981\/revisions"}],"predecessor-version":[{"id":118983,"href":"https:\/\/gazdasagportal.hu\/index.php\/wp-json\/wp\/v2\/posts\/118981\/revisions\/118983"}],"wp:featuredmedia":[{"embeddable":true,"href":"https:\/\/gazdasagportal.hu\/index.php\/wp-json\/wp\/v2\/media\/74667"}],"wp:attachment":[{"href":"https:\/\/gazdasagportal.hu\/index.php\/wp-json\/wp\/v2\/media?parent=118981"}],"wp:term":[{"taxonomy":"category","embeddable":true,"href":"https:\/\/gazdasagportal.hu\/index.php\/wp-json\/wp\/v2\/categories?post=118981"},{"taxonomy":"post_tag","embeddable":true,"href":"https:\/\/gazdasagportal.hu\/index.php\/wp-json\/wp\/v2\/tags?post=118981"}],"curies":[{"name":"wp","href":"https:\/\/api.w.org\/{rel}","templated":true}]}}