{"id":118965,"date":"2019-08-23T13:24:10","date_gmt":"2019-08-23T11:24:10","guid":{"rendered":"http:\/\/gazdasagportal.hu\/?p=118965"},"modified":"2019-08-23T13:24:10","modified_gmt":"2019-08-23T11:24:10","slug":"az-allamhaztartas-elso-hethavi-hianya-3527-milliard-forint","status":"publish","type":"post","link":"https:\/\/gazdasagportal.hu\/index.php\/az-allamhaztartas-elso-hethavi-hianya-3527-milliard-forint\/","title":{"rendered":"Az \u00e1llamh\u00e1ztart\u00e1s els\u0151 h\u00e9thavi hi\u00e1nya 352,7 milli\u00e1rd forint"},"content":{"rendered":"<p><strong>A gazdas\u00e1g teljes\u00edtm\u00e9ny\u00e9nek k\u00f6sz\u00f6nhet\u0151en id\u00e9n j\u00faliusban 37,2 milli\u00e1rd forint t\u00f6bblettel z\u00e1rt a k\u00f6lts\u00e9gvet\u00e9s, az \u00e1llamh\u00e1ztart\u00e1s &#8211; \u00f6nkorm\u00e1nyzatok n\u00e9lk\u00fcli &#8211; k\u00f6zponti alrendszer\u00e9nek els\u0151 h\u00e9thavi hi\u00e1nya 352,7 milli\u00e1rd forint lett &#8211; k\u00f6z\u00f6lte a P\u00e9nz\u00fcgyminiszt\u00e9rium (PM) p\u00e9nteken az MTI-vel.<\/strong><!--more--><\/p>\n<div class=\"ads-in-post1\"><div id=\"gazdasagportal.hu_fullbanner_wideboard\"><\/div>\r\n<\/div>\n<p>    A h\u00e9thavi hi\u00e1ny az \u00e9ves el\u0151ir\u00e1nyzat 35,3 sz\u00e1zal\u00e9ka, \u00edgy a 2019 eg\u00e9sz\u00e9re kit\u0171z\u00f6tt 1,8 sz\u00e1zal\u00e9kos GDP-ar\u00e1nyos hi\u00e1nyc\u00e9l tov\u00e1bbra is teljes\u00edthet\u0151.<br \/>\n    Az \u00e9v els\u0151 h\u00e9t h\u00f3napj\u00e1ban a k\u00f6zponti k\u00f6lts\u00e9gvet\u00e9s hi\u00e1nya 446,7 milli\u00e1rd forintot tett ki, az elk\u00fcl\u00f6n\u00edtett \u00e1llami p\u00e9nzalapok 73,5 milli\u00e1rd forintos, a t\u00e1rsadalombiztos\u00edt\u00e1s p\u00e9nz\u00fcgyi alapjai pedig 20,5 milli\u00e1rd forintos t\u00f6bbletet \u00e9rtek el.<br \/>\n    Tavaly az els\u0151 h\u00e9t h\u00f3napban az \u00e1llamh\u00e1ztart\u00e1s k\u00f6zponti alrendszere 1491 milli\u00e1rd forint deficittel z\u00e1rt, a k\u00f6zponti k\u00f6lts\u00e9gvet\u00e9s hi\u00e1nya 1557,0 milli\u00e1rd forint volt, az elk\u00fcl\u00f6n\u00edtett \u00e1llami p\u00e9nzalapok 19,1 milli\u00e1rd forintos, a t\u00e1rsadalombiztos\u00edt\u00e1s p\u00e9nz\u00fcgyi alapjai pedig 46,9 milli\u00e1rd forintos t\u00f6bbletet \u00e9rtek el. 2018 j\u00falius\u00e1ban a k\u00f6zponti alrendszer 70,4 milli\u00e1rd forintos hi\u00e1nyt mutatott.<br \/>\n<div class=\"ads-in-post2\"><script async src=\"https:\/\/pagead2.googlesyndication.com\/pagead\/js\/adsbygoogle.js\"><\/script>\r\n<ins class=\"adsbygoogle\"\r\n     style=\"display:block\"\r\n     data-ad-format=\"fluid\"\r\n     data-ad-layout-key=\"-6t+ed+2i-1n-4w\"\r\n     data-ad-client=\"ca-pub-1959107119989764\"\r\n     data-ad-slot=\"4008251320\"><\/ins>\r\n<script>\r\n     (adsbygoogle = window.adsbygoogle || []).push({});\r\n<\/script><\/div>\n    A t\u00e1rca k\u00f6z\u00f6lte: 2019 els\u0151 h\u00e9t h\u00f3napj\u00e1ban \u00e1ltal\u00e1nos forgalmi ad\u00f3b\u00f3l 410,8  milli\u00e1rd forinttal, szem\u00e9lyi j\u00f6vedelemad\u00f3b\u00f3l 127,3 milli\u00e1rd forinttal, a j\u00f6ved\u00e9ki ad\u00f3b\u00f3l pedig 57,0 milli\u00e1rd forinttal volt magasabb bev\u00e9tele a k\u00f6lts\u00e9gvet\u00e9snek, mint a tavalyi \u00e9v azonos id\u0151szak\u00e1ban.<br \/>\n    Az id\u00e9n j\u00falius v\u00e9g\u00e9ig a szoci\u00e1lis hozz\u00e1j\u00e1rul\u00e1si ad\u00f3b\u00f3l, valamint a nyugd\u00edj-, eg\u00e9szs\u00e9gbiztos\u00edt\u00e1si \u00e9s munkaer\u0151piaci j\u00e1rul\u00e9kokb\u00f3l \u00f6sszesen 3127,8 milli\u00e1rd forint \u00e9rkezett a b\u00fcdzs\u00e9be, 310,7 milli\u00e1rd forinttal t\u00f6bb, mint az el\u0151z\u0151 \u00e9v azonos id\u0151szak\u00e1ban.<br \/>\n    Id\u00e9n janu\u00e1r-j\u00faliusban 441,0 milli\u00e1rd forint uni\u00f3s bev\u00e9tel \u00e9rkezett a b\u00fcdzs\u00e9be, m\u00edg az uni\u00f3s kiad\u00e1sokra 850,8 milli\u00e1rd forintot fizetett ki a k\u00f6lts\u00e9gvet\u00e9s a kedvezm\u00e9nyezettek r\u00e9sz\u00e9re. A hazai forr\u00e1sb\u00f3l megval\u00f3sul\u00f3 fejleszt\u00e9sek k\u00f6z\u00fcl pedig tov\u00e1bbra is a Modern V\u00e1rosok Programra, a vas\u00fath\u00e1l\u00f3zat moderniz\u00e1ci\u00f3j\u00e1ra, a Pest megyei fejleszt\u00e9sekre, valamint a v\u00e1llalkoz\u00e1si beruh\u00e1z\u00e1s-\u00f6szt\u00f6nz\u00e9sre sz\u00e1nt forr\u00e1sok emelhet\u0151ek ki.<br \/>\n    A k\u00f6zponti alrendszer 2019. janu\u00e1r-j\u00faliusi 11 959,8 milli\u00e1rd forint \u00f6sszeg\u0171 bev\u00e9telei az el\u0151z\u0151 \u00e9v azonos id\u0151szak\u00e1hoz k\u00e9pest 1239,1 milli\u00e1rd forinttal, 11,6 sz\u00e1zal\u00e9kkal voltak magasabbak.<br \/>\n    A bev\u00e9telek k\u00f6z\u00fcl a t\u00e1rsas\u00e1gi ad\u00f3b\u00f3l az \u00e9v els\u0151 h\u00e9t h\u00f3napj\u00e1ban 138,3 milli\u00e1rd forint foylt be, amely az el\u0151z\u0151 \u00e9v azonos id\u0151szakit 30,2 milli\u00e1rd forinttal haladta meg. Az \u00e9v els\u0151 h\u00e9t h\u00f3napj\u00e1ban az \u00e1ltal\u00e1nos forgalmi ad\u00f3b\u00f3l 2592,5 milli\u00e1rd forint bev\u00e9tel keletkezett, ami az egy \u00e9vvel kor\u00e1bbit 410,8 milli\u00e1rd forinttal haladta meg.<br \/>\n    A j\u00f6ved\u00e9ki ad\u00f3b\u00f3l sz\u00e1rmaz\u00f3 bev\u00e9tel az \u00e9v els\u0151 h\u00e9t h\u00f3napj\u00e1ban 656,0 milli\u00e1rd forintot tett ki, ami 57,0 milli\u00e1rd forinttal magasabb az egy \u00e9vvel kor\u00e1bbin\u00e1l.<br \/>\n    A szem\u00e9lyi j\u00f6vedelemad\u00f3-bev\u00e9tel az \u00e9v els\u0151 h\u00e9t h\u00f3napj\u00e1ban 1376,8 milli\u00e1rd forint volt, amely 127,3 milli\u00e1rd forinttal magasabb az egy \u00e9vvel kor\u00e1bbin\u00e1l. A n\u00f6veked\u00e9st a magasabb b\u00e9rki\u00e1raml\u00e1s miatti befizet\u00e9s-emelked\u00e9s id\u00e9zte el\u0151.<br \/>\n    A p\u00e9nz\u00fcgyi tranzakci\u00f3s illet\u00e9kb\u0151l sz\u00e1rmaz\u00f3 bev\u00e9tel janu\u00e1r-j\u00faliusban 140,3 milli\u00e1rd forintot tett ki, amely az egy \u00e9vvel kor\u00e1bbi bev\u00e9teln\u00e9l 7,2 milli\u00e1rd forinttal magasabb.<br \/>\n    A Nyugd\u00edjbiztos\u00edt\u00e1si Alap 2019. els\u0151 h\u00e9thavi bev\u00e9teleinek d\u00f6nt\u0151 r\u00e9sze, 98,2 sz\u00e1zal\u00e9ka a szoci\u00e1lis hozz\u00e1j\u00e1rul\u00e1si ad\u00f3b\u00f3l \u00e9s j\u00e1rul\u00e9kokb\u00f3l sz\u00e1rmazik. Az e jogc\u00edmeken elsz\u00e1molt befizet\u00e9s 1961,2 milli\u00e1rd forintot tett ki, ami 3,3 sz\u00e1zal\u00e9kkal, 62,1 milli\u00e1rd forinttal haladta meg az el\u0151z\u0151 \u00e9v azonos id\u0151szak\u00e1nak bev\u00e9teleit. A szoci\u00e1lis hozz\u00e1j\u00e1rul\u00e1si ad\u00f3 m\u00e9rt\u00e9ke 2019. j\u00falius 1-j\u00e9t\u0151l 19,5 sz\u00e1zal\u00e9kr\u00f3l 17,5 sz\u00e1zal\u00e9kra cs\u00f6kkent, azonban az ad\u00f3cs\u00f6kkent\u00e9s hat\u00e1sa els\u0151 alkalommal az augusztusi befizet\u00e9sekben jelentkezik.<br \/>\n    Az Eg\u00e9szs\u00e9gbiztos\u00edt\u00e1si Alapn\u00e1l  a szoci\u00e1lis hozz\u00e1j\u00e1rul\u00e1si ad\u00f3b\u00f3l \u00e9s j\u00e1rul\u00e9kokb\u00f3l sz\u00e1rmaz\u00f3 h\u00e9thavi bev\u00e9tel az alap \u00f6sszes bev\u00e9tel\u00e9nek 69,6 sz\u00e1zal\u00e9k\u00e1t tette ki. A 2019. janu\u00e1r-j\u00faliusi szoci\u00e1lis hozz\u00e1j\u00e1rul\u00e1si ad\u00f3- \u00e9s j\u00e1rul\u00e9kbev\u00e9telek 1000,9 milli\u00e1rd forintra r\u00fagtak, 24,5 sz\u00e1zal\u00e9kkal, 197,1 milli\u00e1rd forinttal haladt\u00e1k meg az el\u0151z\u0151 \u00e9v azonos id\u0151szak\u00e1nak bev\u00e9teleit.<br \/>\n    A k\u00f6zponti alrendszer idei janu\u00e1r-j\u00faliusi 12 312,5 milli\u00e1rd forintos kiad\u00e1sai 100,8 milli\u00e1rd forinttal, 0,8 sz\u00e1zal\u00e9kkal haladt\u00e1k meg az elm\u00falt \u00e9v azonos id\u0151szak\u00e1nak adat\u00e1t. A m\u00falt \u00e9v azonos id\u0151szak\u00e1hoz k\u00e9pest magasabbak voltak &#8211; t\u00f6bbek k\u00f6z\u00f6tt &#8211; a k\u00f6lts\u00e9gvet\u00e9si szervek kiad\u00e1sai, az egy\u00e9b szakmai fejezeti kezel\u00e9s\u0171 el\u0151ir\u00e1nyzatok kiad\u00e1sai, az EU k\u00f6lts\u00e9gvet\u00e9s\u00e9hez t\u00f6rt\u00e9n\u0151 hozz\u00e1j\u00e1rul\u00e1s, az \u00e1llami vagyonnal kapcsolatos kiad\u00e1sok, valamint a nyugell\u00e1t\u00e1sokra ford\u00edtott \u00f6sszegek.<br \/>\n    A k\u00f6zponti k\u00f6lts\u00e9gvet\u00e9s devizaad\u00f3ss\u00e1ga j\u00falius v\u00e9g\u00e9ig 374,7 milli\u00e1rd forinttal 5350,0 milli\u00e1rd forintra cs\u00f6kkent az elm\u00falt \u00e9v v\u00e9g\u00e9hez k\u00e9pest. A devizaad\u00f3ss\u00e1g r\u00e9szar\u00e1nya 18,4 sz\u00e1zal\u00e9kra cs\u00f6kkent a teljes ad\u00f3ss\u00e1gon bel\u00fcl.<br \/>\n    A k\u00f6lts\u00e9gvet\u00e9s forintad\u00f3ss\u00e1ga janu\u00e1r-j\u00faliusban 790,9 milli\u00e1rd forinttal n\u0151tt, \u00e9s 23 586,8 milli\u00e1rd forintot tett ki, az ar\u00e1nya el\u00e9rte a teljes \u00e1llamad\u00f3ss\u00e1g 81,0 sz\u00e1zal\u00e9k\u00e1t. Id\u00e9n j\u00falius v\u00e9g\u00e9n a lakoss\u00e1gi \u00e1llampap\u00edrok \u00e1llom\u00e1nya 8494,2 milli\u00e1rd forintot tett ki, ami 978,5 milli\u00e1rd forint n\u00f6veked\u00e9s 2018. december v\u00e9ge \u00f3ta. A kiz\u00e1r\u00f3lag lakoss\u00e1gi \u00fcgyfelek \u00e1ltal v\u00e1s\u00e1rolhat\u00f3 Magyar \u00c1llampap\u00edr Plusz \u00e1llom\u00e1nya a j\u00faniusi 882,7 milli\u00e1rd forintr\u00f3l j\u00falius v\u00e9g\u00e9re 1416,6 milli\u00e1rd forintra emelkedett.(MTI)<\/p>\n","protected":false},"excerpt":{"rendered":"<p>A gazdas\u00e1g teljes\u00edtm\u00e9ny\u00e9nek k\u00f6sz\u00f6nhet\u0151en id\u00e9n j\u00faliusban 37,2 milli\u00e1rd forint t\u00f6bblettel z\u00e1rt a k\u00f6lts\u00e9gvet\u00e9s, az \u00e1llamh\u00e1ztart\u00e1s &#8211; \u00f6nkorm\u00e1nyzatok n\u00e9lk\u00fcli &#8211; k\u00f6zponti alrendszer\u00e9nek els\u0151 h\u00e9thavi hi\u00e1nya 352,7 milli\u00e1rd forint lett &#8211; k\u00f6z\u00f6lte a P\u00e9nz\u00fcgyminiszt\u00e9rium (PM) p\u00e9nteken az MTI-vel.<\/p>\n","protected":false},"author":1,"featured_media":0,"comment_status":"closed","ping_status":"open","sticky":false,"template":"","format":"standard","meta":[],"categories":[19],"tags":[],"_links":{"self":[{"href":"https:\/\/gazdasagportal.hu\/index.php\/wp-json\/wp\/v2\/posts\/118965"}],"collection":[{"href":"https:\/\/gazdasagportal.hu\/index.php\/wp-json\/wp\/v2\/posts"}],"about":[{"href":"https:\/\/gazdasagportal.hu\/index.php\/wp-json\/wp\/v2\/types\/post"}],"author":[{"embeddable":true,"href":"https:\/\/gazdasagportal.hu\/index.php\/wp-json\/wp\/v2\/users\/1"}],"replies":[{"embeddable":true,"href":"https:\/\/gazdasagportal.hu\/index.php\/wp-json\/wp\/v2\/comments?post=118965"}],"version-history":[{"count":1,"href":"https:\/\/gazdasagportal.hu\/index.php\/wp-json\/wp\/v2\/posts\/118965\/revisions"}],"predecessor-version":[{"id":118966,"href":"https:\/\/gazdasagportal.hu\/index.php\/wp-json\/wp\/v2\/posts\/118965\/revisions\/118966"}],"wp:attachment":[{"href":"https:\/\/gazdasagportal.hu\/index.php\/wp-json\/wp\/v2\/media?parent=118965"}],"wp:term":[{"taxonomy":"category","embeddable":true,"href":"https:\/\/gazdasagportal.hu\/index.php\/wp-json\/wp\/v2\/categories?post=118965"},{"taxonomy":"post_tag","embeddable":true,"href":"https:\/\/gazdasagportal.hu\/index.php\/wp-json\/wp\/v2\/tags?post=118965"}],"curies":[{"name":"wp","href":"https:\/\/api.w.org\/{rel}","templated":true}]}}